{"id":1167040,"date":"2026-09-04T14:33:14","date_gmt":"2026-09-04T14:33:14","guid":{"rendered":"https:\/\/www.europesays.com\/fr\/1167040\/"},"modified":"2026-09-04T14:33:14","modified_gmt":"2026-09-04T14:33:14","slug":"top-14-toulon-est-le-club-de-mes-reves-leo-amettla-a-conquis-son-monde","status":"publish","type":"post","link":"https:\/\/www.europesays.com\/fr\/1167040\/","title":{"rendered":"Top 14 &#8211; \u00ab\u00a0Toulon est le club de mes r\u00eaves\u00a0\u00bb, L\u00e9o Amettla a conquis son monde"},"content":{"rendered":"<p>\n                Inconnu il y a encore douze mois, L\u00e9o Amettla, m\u00f4me de Port-Saint-Louis-du-Rh\u00f4ne, a r\u00e9alis\u00e9 un exercice pass\u00e9 au-del\u00e0 des esp\u00e9rances. Dans la continuit\u00e9, le pilier gauche est attendu titulaire \u00e0 Bayonne.\n            <\/p>\n<p>Sur la rade, la m\u00eal\u00e9e est une ode et les piliers en sont les po\u00e8tes. En plus d\u2019un si\u00e8cle, la formation toulonnaise\u00a0a fait \u00e9clore des clients redout\u00e9s dans l\u2019Hexagone. Dans cette longue lign\u00e9e, L\u00e9o Ametlla a montr\u00e9 le bout du nez. Pour sa premi\u00e8re saison chez les professionnels, le pilier gauche est apparu \u00e0 vingt reprises avec les Rouge et Noir\u2005: \u00ab\u00a0Pour dire la v\u00e9rit\u00e9, je ne m\u2019y attendais pas et j\u2019ai \u00e9t\u00e9 surpris de jouer autant. L\u2019intersaison m\u2019a permis de savourer la saison que j\u2019ai v\u00e9cue individuellement. J\u2019en suis tr\u00e8s fier.\u00a0\u00bb\u00a0Taiseux de nature, leader par l\u2019exemple, l\u2019ex-capitaine des Espoirs a convaincu son staff de lui donner un plus grand r\u00f4le cette saison.<\/p>\n<p>Ametlla se voit sur le \u00ab\u00a0long terme\u00a0\u00bb\u00a0au RCT<\/p>\n<p>Il a grimp\u00e9 dans la hi\u00e9rarchie, puisque le club varois n\u2019a pas remplac\u00e9 Brennan\u2005: \u00ab\u00a0Je l\u2019ai pris comme un bon message. Depuis plusieurs ann\u00e9es, le club m\u2019a toujours montr\u00e9 de la confiance. Je me devais juste de bosser et de croire plus en moi. Je pense avoir saisi ma chance. J\u2019ai envie de montrer qu\u2019ils ont fait le bon choix et cela passe par de bonnes prestations.\u00a0\u00bb<\/p>\n<p>Avec l\u2019incertitude concernant Gros (mollet) et l\u2019absence de Priso (tendon d\u2019Achille), l\u2019homme de 22 ans a de grandes chances de d\u00e9buter \u00e0 Bayonne. Une chose rare pour l\u2019habituel finisseur (15 entr\u00e9es en jeu)\u2005: \u00ab\u00a0\u00c7a m\u2019excite et je me languis d\u2019y \u00eatre. Il y a une petite pression aussi de confirmer ce que j\u2019ai pu faire. (Je sais que c\u2019est un r\u00f4le diff\u00e9rent et j\u2019ai encore beaucoup de boulot devant moi pour passer un nouveau cap. \u00c0 mon sens, la m\u00eal\u00e9e reste le plus important. J\u2019ai \u00e9t\u00e9 plut\u00f4t bien, mais j\u2019ai vraiment envie de valider ce secteur cette saison. Il faudra aussi amener dans le jeu\u2005: bien se d\u00e9placer, gagner des duels. Je dois \u00eatre bien plus dur sur l\u2019homme.\u00a0\u00bb<br \/>En \u00ab\u00a0apprentissage\u00a0\u00bb, dans le sillage du \u00ab\u00a0grand-fr\u00e8re Jib\u00e9 (Gros, N.D.L.R.)\u00a0\u00bb, l\u2019int\u00e9ress\u00e9 arrive aussi dans une p\u00e9riode charni\u00e8re avec une fin de contrat en 2027. \u00ab\u00a0Sans h\u00e9siter, je me projette au RCT. Vous savez, avant de jouer, j\u2019ai \u00e9t\u00e9 supporter du club. Je vais tout faire pour \u00eatre bon et rester le plus longtemps possible. J\u2019esp\u00e8re que \u00e7a sera rapidement possible. En ce moment, il y a des discussions, mais Toulon est le club de mes r\u00eaves (sourire).\u00a0\u00bb\u00a0Il pourrait en assouvir un autre en jouant, d\u2019ici quelques ann\u00e9es, avec son petit fr\u00e8re Thomas qui a rejoint les cat\u00e9gories de jeunes. Sur la rade, vous l\u2019avez compris, on n\u2019a pas fini de prononcer le nom Ametlla.<\/p>\n","protected":false},"excerpt":{"rendered":"Inconnu il y a encore douze mois, L\u00e9o Amettla, m\u00f4me de Port-Saint-Louis-du-Rh\u00f4ne, a r\u00e9alis\u00e9 un exercice pass\u00e9 au-del\u00e0&hellip;\n","protected":false},"author":2,"featured_media":1167041,"comment_status":"","ping_status":"","sticky":false,"template":"","format":"standard","meta":{"footnotes":"","_share_on_mastodon":"0"},"categories":[9619],"tags":[1111,11,1777,674,1011,27,12,882,25,2115,478,2310],"class_list":["post-1167040","post","type-post","status-publish","format-standard","has-post-thumbnail","category-toulon","tag-actu","tag-actualites","tag-eu","tag-europe","tag-fr","tag-france","tag-news","tag-provence-alpes-cote-dazur","tag-republique-francaise","tag-rugby-a-xv","tag-top-14","tag-toulon"],"share_on_mastodon":{"url":"https:\/\/pubeurope.com\/@fr\/117213266420146477","error":""},"_links":{"self":[{"href":"https:\/\/www.europesays.com\/fr\/wp-json\/wp\/v2\/posts\/1167040","targetHints":{"allow":["GET"]}}],"collection":[{"href":"https:\/\/www.europesays.com\/fr\/wp-json\/wp\/v2\/posts"}],"about":[{"href":"https:\/\/www.europesays.com\/fr\/wp-json\/wp\/v2\/types\/post"}],"author":[{"embeddable":true,"href":"https:\/\/www.europesays.com\/fr\/wp-json\/wp\/v2\/users\/2"}],"replies":[{"embeddable":true,"href":"https:\/\/www.europesays.com\/fr\/wp-json\/wp\/v2\/comments?post=1167040"}],"version-history":[{"count":0,"href":"https:\/\/www.europesays.com\/fr\/wp-json\/wp\/v2\/posts\/1167040\/revisions"}],"wp:featuredmedia":[{"embeddable":true,"href":"https:\/\/www.europesays.com\/fr\/wp-json\/wp\/v2\/media\/1167041"}],"wp:attachment":[{"href":"https:\/\/www.europesays.com\/fr\/wp-json\/wp\/v2\/media?parent=1167040"}],"wp:term":[{"taxonomy":"category","embeddable":true,"href":"https:\/\/www.europesays.com\/fr\/wp-json\/wp\/v2\/categories?post=1167040"},{"taxonomy":"post_tag","embeddable":true,"href":"https:\/\/www.europesays.com\/fr\/wp-json\/wp\/v2\/tags?post=1167040"}],"curies":[{"name":"wp","href":"https:\/\/api.w.org\/{rel}","templated":true}]}}