{"id":1167050,"date":"2026-09-04T14:39:17","date_gmt":"2026-09-04T14:39:17","guid":{"rendered":"https:\/\/www.europesays.com\/fr\/1167050\/"},"modified":"2026-09-04T14:39:17","modified_gmt":"2026-09-04T14:39:17","slug":"varces-allieres-et-risset-les-visages-du-marche-meraki-pierre-et-anne-sophie-agriculteurs","status":"publish","type":"post","link":"https:\/\/www.europesays.com\/fr\/1167050\/","title":{"rendered":"Varces-Alli\u00e8res-et-Risset. Les visages du march\u00e9 M\u00e9raki\u00a0: Pierre et Anne-Sophie, agriculteurs"},"content":{"rendered":"<p>Le march\u00e9 M\u00e9raki, c\u2019est d\u2019abord une aventure humaine, un march\u00e9 cr\u00e9\u00e9 par un collectif de producteurs qui a eu la volont\u00e9 de proposer un march\u00e9 de paysans et de producteurs \u00e0 la ferme, sur le site des Jardins de Malissoles, dans la plaine de Reymure \u00e0 Varces. Bien plus qu\u2019un simple march\u00e9, M\u00e9raki est un lieu paisible et verdoyant o\u00f9 producteurs et visiteurs se retrouvent chaque mercredi, avec sur les \u00e9tals des l\u00e9gumes, de la viande, du fromage, du pain, du miel entre autres, des produits sains et locaux, respectueux du vivant. Parmi ses producteurs, il y a Pierre Hilaire et Anne Sophie Rouveure, \u00e0 l\u2019initiative de ce march\u00e9.<\/p>\n<p>\u00ab\u00a0Nous exploitons les jardins de Malissoles depuis 21 ans, explique Anne-Sophie. C\u2019\u00e9tait la ferme de mon p\u00e8re. Nous avons transform\u00e9 alors l\u2019exploitation en agriculture biologique, en vente directe avec le souhait&#8230;<\/p>\n","protected":false},"excerpt":{"rendered":"Le march\u00e9 M\u00e9raki, c\u2019est d\u2019abord une aventure humaine, un march\u00e9 cr\u00e9\u00e9 par un collectif de producteurs qui a&hellip;\n","protected":false},"author":2,"featured_media":1167051,"comment_status":"","ping_status":"","sticky":false,"template":"","format":"standard","meta":{"footnotes":"","_share_on_mastodon":"0"},"categories":[9566],"tags":[1111,11,327,2430,4406,33,113,1777,674,1011,27,2731,7000,2089,12,25,13056],"class_list":["post-1167050","post","type-post","status-publish","format-standard","has-post-thumbnail","category-grenoble","tag-actu","tag-actualites","tag-agriculture","tag-auvergne-rhone-alpes","tag-commerce-et-services","tag-economie","tag-edition-gresivaudan-oisans","tag-eu","tag-europe","tag-fr","tag-france","tag-grenoble","tag-lagglomeration","tag-marche","tag-news","tag-republique-francaise","tag-varces-allieres-et-risset"],"share_on_mastodon":{"url":"https:\/\/pubeurope.com\/@fr\/117213290041897891","error":""},"_links":{"self":[{"href":"https:\/\/www.europesays.com\/fr\/wp-json\/wp\/v2\/posts\/1167050","targetHints":{"allow":["GET"]}}],"collection":[{"href":"https:\/\/www.europesays.com\/fr\/wp-json\/wp\/v2\/posts"}],"about":[{"href":"https:\/\/www.europesays.com\/fr\/wp-json\/wp\/v2\/types\/post"}],"author":[{"embeddable":true,"href":"https:\/\/www.europesays.com\/fr\/wp-json\/wp\/v2\/users\/2"}],"replies":[{"embeddable":true,"href":"https:\/\/www.europesays.com\/fr\/wp-json\/wp\/v2\/comments?post=1167050"}],"version-history":[{"count":0,"href":"https:\/\/www.europesays.com\/fr\/wp-json\/wp\/v2\/posts\/1167050\/revisions"}],"wp:featuredmedia":[{"embeddable":true,"href":"https:\/\/www.europesays.com\/fr\/wp-json\/wp\/v2\/media\/1167051"}],"wp:attachment":[{"href":"https:\/\/www.europesays.com\/fr\/wp-json\/wp\/v2\/media?parent=1167050"}],"wp:term":[{"taxonomy":"category","embeddable":true,"href":"https:\/\/www.europesays.com\/fr\/wp-json\/wp\/v2\/categories?post=1167050"},{"taxonomy":"post_tag","embeddable":true,"href":"https:\/\/www.europesays.com\/fr\/wp-json\/wp\/v2\/tags?post=1167050"}],"curies":[{"name":"wp","href":"https:\/\/api.w.org\/{rel}","templated":true}]}}