{"id":1167058,"date":"2026-09-04T14:43:17","date_gmt":"2026-09-04T14:43:17","guid":{"rendered":"https:\/\/www.europesays.com\/fr\/1167058\/"},"modified":"2026-09-04T14:43:17","modified_gmt":"2026-09-04T14:43:17","slug":"schiltigheim-le-nouveau-skatepark-ferme-pendant-au-moins-dix-jours-pour-des-travaux-de-maintenance","status":"publish","type":"post","link":"https:\/\/www.europesays.com\/fr\/1167058\/","title":{"rendered":"Schiltigheim. Le nouveau skatepark ferm\u00e9 pendant au moins dix jours pour des travaux de maintenance"},"content":{"rendered":"<p>\u00ab\u200aUne intervention doit \u00eatre r\u00e9alis\u00e9e sur <a href=\"https:\/\/www.dna.fr\/sport\/2025\/08\/25\/la-commune-accueille-un-nouveau-skatepark-deja-approuve-par-les-premiers-riders\" target=\"_blank\" rel=\"nofollow noopener\">un module de glisse<\/a> dans le cadre de travaux de reprise\u200a\u00bb, explique la Ville de Schiltigheim.<br \/>La dur\u00e9e de fermeture est estim\u00e9e \u00e0 dix jours pour permettre au b\u00e9ton de s\u00e9cher. Mais elle pourrait se rallonger en cas de conditions m\u00e9t\u00e9orologiques d\u00e9favorables.<br \/>Le skatepark, projet pl\u00e9biscit\u00e9 par les habitants et financ\u00e9 en partie par le budget participatif de la commune, a \u00e9t\u00e9 ouvert l\u2019\u00e9t\u00e9 dernier.<\/p>\n","protected":false},"excerpt":{"rendered":"\u00ab\u200aUne intervention doit \u00eatre r\u00e9alis\u00e9e sur un module de glisse dans le cadre de travaux de reprise\u200a\u00bb, explique&hellip;\n","protected":false},"author":2,"featured_media":1167059,"comment_status":"","ping_status":"","sticky":false,"template":"","format":"standard","meta":{"footnotes":"","_share_on_mastodon":"0"},"categories":[2820],"tags":[1111,11,1687,2880,1777,674,1011,27,775,12,25,5512,14857,640],"class_list":["post-1167058","post","type-post","status-publish","format-standard","has-post-thumbnail","category-strasbourg","tag-actu","tag-actualites","tag-culture-loisirs","tag-edition-strasbourg","tag-eu","tag-europe","tag-fr","tag-france","tag-grand-est","tag-news","tag-republique-francaise","tag-schiltigheim","tag-skateboard","tag-strasbourg"],"share_on_mastodon":{"url":"https:\/\/pubeurope.com\/@fr\/117213305675709324","error":""},"_links":{"self":[{"href":"https:\/\/www.europesays.com\/fr\/wp-json\/wp\/v2\/posts\/1167058","targetHints":{"allow":["GET"]}}],"collection":[{"href":"https:\/\/www.europesays.com\/fr\/wp-json\/wp\/v2\/posts"}],"about":[{"href":"https:\/\/www.europesays.com\/fr\/wp-json\/wp\/v2\/types\/post"}],"author":[{"embeddable":true,"href":"https:\/\/www.europesays.com\/fr\/wp-json\/wp\/v2\/users\/2"}],"replies":[{"embeddable":true,"href":"https:\/\/www.europesays.com\/fr\/wp-json\/wp\/v2\/comments?post=1167058"}],"version-history":[{"count":0,"href":"https:\/\/www.europesays.com\/fr\/wp-json\/wp\/v2\/posts\/1167058\/revisions"}],"wp:featuredmedia":[{"embeddable":true,"href":"https:\/\/www.europesays.com\/fr\/wp-json\/wp\/v2\/media\/1167059"}],"wp:attachment":[{"href":"https:\/\/www.europesays.com\/fr\/wp-json\/wp\/v2\/media?parent=1167058"}],"wp:term":[{"taxonomy":"category","embeddable":true,"href":"https:\/\/www.europesays.com\/fr\/wp-json\/wp\/v2\/categories?post=1167058"},{"taxonomy":"post_tag","embeddable":true,"href":"https:\/\/www.europesays.com\/fr\/wp-json\/wp\/v2\/tags?post=1167058"}],"curies":[{"name":"wp","href":"https:\/\/api.w.org\/{rel}","templated":true}]}}