{"id":1167060,"date":"2026-09-04T14:44:18","date_gmt":"2026-09-04T14:44:18","guid":{"rendered":"https:\/\/www.europesays.com\/fr\/1167060\/"},"modified":"2026-09-04T14:44:18","modified_gmt":"2026-09-04T14:44:18","slug":"alsace-avec-338c-ce-vendredi-strasbourg-bat-son-record-de-chaleur-pour-un-mois-de-septembre","status":"publish","type":"post","link":"https:\/\/www.europesays.com\/fr\/1167060\/","title":{"rendered":"Alsace. Avec 33,8\u00b0C ce vendredi, Strasbourg\u00a0bat son record de chaleur pour un mois de septembre"},"content":{"rendered":"<p>Apr\u00e8s <a href=\"https:\/\/www.dna.fr\/environnement\/2026\/09\/01\/41-c-a-colmar-des-records-battus-retour-sur-l-ete-le-plus-chaud-de-l-histoire\" target=\"_blank\" rel=\"nofollow noopener\">un \u00e9t\u00e9 marqu\u00e9 par plusieurs vagues de chaleur<\/a>, la remont\u00e9e des temp\u00e9ratures attendue en Alsace est bien l\u00e0 en ce d\u00e9but de mois de septembre. Le record de chaleur pour un mois de septembre vient ainsi d\u2019\u00eatre battu \u00e0 Strasbourg, avec 33,8\u00b0C mesur\u00e9s \u00e0 16 h. Les records datant du 13 septembre 1947 et du 11 septembre 2023 (33,4\u00b0C) sont donc battus. Il n\u2019a jamais fait aussi chaud \u00e0 Strasbourg en septembre depuis le d\u00e9but des relev\u00e9s en 1924.<\/p>\n<p>  Plus de 30\u00b0C \u00e0 Colmar et Mulhouse<\/p>\n<p>On notera qu\u2019aux deux stations de r\u00e9f\u00e9rence de Colmar-Meyenheim et B\u00e2le-Mulhouse, les temp\u00e9ratures sont \u00e9galement tr\u00e8s \u00e9lev\u00e9es avec respectivement 33\u00b0C\u00a0et 32,6\u00b0C en ce d\u00e9but d\u2019apr\u00e8s-midi. Pour Colmar-Meyenheim, le record date du 11 septembre 2023 (33,8\u00b0C). Pour B\u00e2le-Mulhouse, il faut remonter au 3 septembre 1962 (33,7\u00b0C).<\/p>\n","protected":false},"excerpt":{"rendered":"Apr\u00e8s un \u00e9t\u00e9 marqu\u00e9 par plusieurs vagues de chaleur, la remont\u00e9e des temp\u00e9ratures attendue en Alsace est bien&hellip;\n","protected":false},"author":2,"featured_media":1167061,"comment_status":"","ping_status":"","sticky":false,"template":"","format":"standard","meta":{"footnotes":"","_share_on_mastodon":"0"},"categories":[2820],"tags":[1111,11,2389,2649,2880,436,1777,674,107,1011,27,775,8423,12,25,640],"class_list":["post-1167060","post","type-post","status-publish","format-standard","has-post-thumbnail","category-strasbourg","tag-actu","tag-actualites","tag-alsace","tag-bas-rhin","tag-edition-strasbourg","tag-environnement","tag-eu","tag-europe","tag-fil-info","tag-fr","tag-france","tag-grand-est","tag-meteorologie-climat","tag-news","tag-republique-francaise","tag-strasbourg"],"share_on_mastodon":{"url":"https:\/\/pubeurope.com\/@fr\/117213309782440097","error":""},"_links":{"self":[{"href":"https:\/\/www.europesays.com\/fr\/wp-json\/wp\/v2\/posts\/1167060","targetHints":{"allow":["GET"]}}],"collection":[{"href":"https:\/\/www.europesays.com\/fr\/wp-json\/wp\/v2\/posts"}],"about":[{"href":"https:\/\/www.europesays.com\/fr\/wp-json\/wp\/v2\/types\/post"}],"author":[{"embeddable":true,"href":"https:\/\/www.europesays.com\/fr\/wp-json\/wp\/v2\/users\/2"}],"replies":[{"embeddable":true,"href":"https:\/\/www.europesays.com\/fr\/wp-json\/wp\/v2\/comments?post=1167060"}],"version-history":[{"count":0,"href":"https:\/\/www.europesays.com\/fr\/wp-json\/wp\/v2\/posts\/1167060\/revisions"}],"wp:featuredmedia":[{"embeddable":true,"href":"https:\/\/www.europesays.com\/fr\/wp-json\/wp\/v2\/media\/1167061"}],"wp:attachment":[{"href":"https:\/\/www.europesays.com\/fr\/wp-json\/wp\/v2\/media?parent=1167060"}],"wp:term":[{"taxonomy":"category","embeddable":true,"href":"https:\/\/www.europesays.com\/fr\/wp-json\/wp\/v2\/categories?post=1167060"},{"taxonomy":"post_tag","embeddable":true,"href":"https:\/\/www.europesays.com\/fr\/wp-json\/wp\/v2\/tags?post=1167060"}],"curies":[{"name":"wp","href":"https:\/\/api.w.org\/{rel}","templated":true}]}}