{"id":1167068,"date":"2026-09-04T14:48:30","date_gmt":"2026-09-04T14:48:30","guid":{"rendered":"https:\/\/www.europesays.com\/fr\/1167068\/"},"modified":"2026-09-04T14:48:30","modified_gmt":"2026-09-04T14:48:30","slug":"un-quatrieme-match-de-preparation-presque-a-domicile","status":"publish","type":"post","link":"https:\/\/www.europesays.com\/fr\/1167068\/","title":{"rendered":"Un quatri\u00e8me match de pr\u00e9paration presque \u00e0 domicile&#8230;"},"content":{"rendered":"<p class=\"wp-block-paragraph\"><strong>Le NBH re\u00e7oit les \u00ab\u00a0B\u00e9liers de Kemper\u00a0\u00bb<\/strong><\/p>\n<p class=\"wp-block-paragraph\">La rencontre n\u2019aura pas lieu \u00e0 <strong>La Trocardi\u00e8re<\/strong> mais dans l\u2019embl\u00e9matique salle de la <strong>\u00ab Butte\u00a0\u00bb<\/strong> , 3 rue Ste Marthe \u00e0 Nantes, si\u00e8ge social et lieu d\u2019\u00e9volution des \u00e9quipes de la section amateurs . Une salle r\u00e9nov\u00e9e et accueillante qui a vu d\u00e9filer 130 ans d\u2019histoire, et dont les anciennes tribunes en bois ont vibr\u00e9 aux exploits des nombreuses g\u00e9n\u00e9rations ayant particip\u00e9 \u00e0 l\u2019\u00e9volution du club.<\/p>\n<p class=\"wp-block-paragraph\">Des gradins qui seront assur\u00e9ment copieusement remplis, \u00e0 l\u2019occasion de l\u2019affiche qui sera propos\u00e9e aux passionn\u00e9s de basket samedi 5 Septembre \u00e0 19H00. Le NBH accueille les voisins bretons de Quimper, pour leur quatri\u00e8me rencontre pr\u00e9paratoire \u00e0 leur saison d\u2019Elite 2.<\/p>\n<p class=\"wp-block-paragraph\">Des finist\u00e9riens initialement rel\u00e9gu\u00e9s d\u2019<strong>Elite 2<\/strong> en <strong>NM1<\/strong> en fin de saison derni\u00e8re, mais finalement rep\u00each\u00e9s dans la division, fin juin, du fait de la liquidation judiciaire du club du <strong>Portel<\/strong> qui \u00e9voluait en Betclic Elite en 2025\/26.<\/p>\n<p class=\"wp-block-paragraph\">Soulagement pour le club breton, mais pas simple d\u2019organiser un recrutement quand on ne sait pas pr\u00e9cis\u00e9ment \u00e0 quel niveau votre \u00e9quipe va \u00e9voluer. C\u2019est\u00a0 avec un effectif totalement renouvel\u00e9 que l\u2019\u00e9quipe finist\u00e9rienne d\u00e9marrera la nouvelle saison. Seul <strong>Damien BOUQUET<\/strong> et le jeune espoir <strong>Alain NKOMBE<\/strong> portaient d\u00e9j\u00e0 le maillot des \u00ab\u00a0B\u00e9liers\u00a0\u00bb.<\/p>\n<p class=\"wp-block-paragraph\">Un gros travail pour le staff pour trouver la bonne alchimie pour faire \u00e9voluer autant de nouveaux joueurs. Pour leur premier match de pr\u00e9paration, Quimper s\u2019\u00e9tait impos\u00e9 face \u00e0 l\u2019<strong>Union Rennes Basket NM1<\/strong> (61\/84). Lors de leur seconde sortie les bretons se sont inclin\u00e9s (54\/84) face au <strong>Havre<\/strong>, \u00e9quipe promue en <strong>Elite 2<\/strong> \u00e0 l\u2019issue de l\u2019exercice de NM1 2025\/26.<\/p>\n<p class=\"wp-block-paragraph\">Le NBH abordera cette rencontre avec les m\u00eames objectifs que lors des pr\u00e9c\u00e9dents \u00e9pisodes, avec peut-\u00eatre quelques consignes et exigences suppl\u00e9mentaires de la part d\u2019un staff jusqu\u2019alors tr\u00e8s satisfait du travail accompli depuis la reprise.<\/p>\n<p class=\"wp-block-paragraph\"><strong>Allez Nantes Basket Hermine\u00a0!<\/strong><\/p>\n<p class=\"wp-block-paragraph\"><strong>Tcar.<\/strong><\/p>\n<p class=\"wp-block-paragraph\"><strong>Le staff<\/strong>\u00a0<strong>et le groupe Quimp\u00e9rois :<\/strong><\/p>\n<p class=\"wp-block-paragraph\">\u00a0<strong>Philippe DA SILVA<\/strong> (Coach), <strong>Hans LHERMITTE<\/strong> (Assistant Coach), <strong>Laurent FOIREST<\/strong> (Directeur Sportif)<\/p>\n<p class=\"wp-block-paragraph\"><strong>Cameron VALCY<\/strong> (FRA, Ailier 23 ans, <strong>Ex Pays Salonais NM1<\/strong>), <strong>Junior OUATTARA<\/strong> (FRA,Arri\u00e8re 26 ans, Ex Angers NM1), <strong>Damien BOUQUET<\/strong> (FRA,Ailier,32 ans, D\u00e9j\u00e0 au club), <strong>Victor DIALLO<\/strong> (FRA, Ailier Fort,25 ans, Ex Hy\u00e8res\/Toulon Elite 2), <strong>Alain NKOMBE<\/strong> (FRA, Meneur,19 ans, Espoir Quimper), <strong>Jay HEATH<\/strong> (USA, Arri\u00e8re, 26 ans, Ex Ovarense Portugal), <strong>Nathan CAYO<\/strong> (USA\/CAN\/HAI, Ailier, 29 ans, Ex ADA Blois), <strong>Daniel OLADAPO<\/strong> (NIG, Pivot, 26 ans, Ex Stade Rochelais), <strong>Philipp RUSSEL<\/strong> (USA, Meneur, 25 ans, Ex Knights D2 Allemande), <strong>Anthony DA SILVA<\/strong> (FRA\/POR, Meneur, 25 ans, Ex Evreux Elite 2), <strong>Florian POUAVEYOUN<\/strong> (FRA, Pivot, 27 ans, Ex Hy\u00e8res\/Toulon Elite 2)<\/p>\n","protected":false},"excerpt":{"rendered":"Le NBH re\u00e7oit les \u00ab\u00a0B\u00e9liers de Kemper\u00a0\u00bb La rencontre n\u2019aura pas lieu \u00e0 La Trocardi\u00e8re mais dans l\u2019embl\u00e9matique&hellip;\n","protected":false},"author":2,"featured_media":1167069,"comment_status":"","ping_status":"","sticky":false,"template":"","format":"standard","meta":{"footnotes":"","_share_on_mastodon":"0"},"categories":[2818],"tags":[1111,11,1465,1777,674,1011,27,955,766,34173,12,2636,25],"class_list":["post-1167068","post","type-post","status-publish","format-standard","has-post-thumbnail","category-nantes","tag-actu","tag-actualites","tag-basket","tag-eu","tag-europe","tag-fr","tag-france","tag-match","tag-nantes","tag-nbh","tag-news","tag-pays-de-la-loire","tag-republique-francaise"],"share_on_mastodon":{"url":"https:\/\/pubeurope.com\/@fr\/117213325259670785","error":""},"_links":{"self":[{"href":"https:\/\/www.europesays.com\/fr\/wp-json\/wp\/v2\/posts\/1167068","targetHints":{"allow":["GET"]}}],"collection":[{"href":"https:\/\/www.europesays.com\/fr\/wp-json\/wp\/v2\/posts"}],"about":[{"href":"https:\/\/www.europesays.com\/fr\/wp-json\/wp\/v2\/types\/post"}],"author":[{"embeddable":true,"href":"https:\/\/www.europesays.com\/fr\/wp-json\/wp\/v2\/users\/2"}],"replies":[{"embeddable":true,"href":"https:\/\/www.europesays.com\/fr\/wp-json\/wp\/v2\/comments?post=1167068"}],"version-history":[{"count":0,"href":"https:\/\/www.europesays.com\/fr\/wp-json\/wp\/v2\/posts\/1167068\/revisions"}],"wp:featuredmedia":[{"embeddable":true,"href":"https:\/\/www.europesays.com\/fr\/wp-json\/wp\/v2\/media\/1167069"}],"wp:attachment":[{"href":"https:\/\/www.europesays.com\/fr\/wp-json\/wp\/v2\/media?parent=1167068"}],"wp:term":[{"taxonomy":"category","embeddable":true,"href":"https:\/\/www.europesays.com\/fr\/wp-json\/wp\/v2\/categories?post=1167068"},{"taxonomy":"post_tag","embeddable":true,"href":"https:\/\/www.europesays.com\/fr\/wp-json\/wp\/v2\/tags?post=1167068"}],"curies":[{"name":"wp","href":"https:\/\/api.w.org\/{rel}","templated":true}]}}