{"id":1167083,"date":"2026-09-04T15:00:21","date_gmt":"2026-09-04T15:00:21","guid":{"rendered":"https:\/\/www.europesays.com\/fr\/1167083\/"},"modified":"2026-09-04T15:00:21","modified_gmt":"2026-09-04T15:00:21","slug":"un-feu-de-broussailles-se-propage-pres-de-lyon-une-vingtaine-dengins-de-pompiers-mobilises","status":"publish","type":"post","link":"https:\/\/www.europesays.com\/fr\/1167083\/","title":{"rendered":"Un feu de broussailles se propage pr\u00e8s de Lyon :une vingtaine d\u2019engins de pompiers mobilis\u00e9s"},"content":{"rendered":"<p itemprop=\"description\"><strong>Une importante fum\u00e9e dans le ciel lyonnais.<\/strong><\/p>\n<p class=\"isSelectedEnd\"><strong>Mise \u00e0 jour 16h55 :\u00a0<\/strong>La situation a nettement \u00e9volu\u00e9 depuis le d\u00e9but de l\u2019incendie. Selon la pr\u00e9fecture du Rh\u00f4ne, le feu s\u2019\u00e9tend d\u00e9sormais sur 15 hectares et n\u2019est toujours pas fix\u00e9. Face \u00e0 la progression du sinistre, la gendarmerie proc\u00e8de \u00e0 la mise en s\u00e9curit\u00e9 de plusieurs points sensibles, tandis que la circulation a \u00e9t\u00e9 coup\u00e9e sur la D50.<\/p>\n<p class=\"isSelectedEnd\">Le dispositif de secours a \u00e9galement \u00e9t\u00e9 consid\u00e9rablement renforc\u00e9 : 115 sapeurs-pompiers et 45 engins sont d\u00e9sormais engag\u00e9s, et des moyens suppl\u00e9mentaires sont en cours d\u2019acheminement sur les lieux.<\/p>\n<p class=\"isSelectedEnd\"><strong>Article Initial :<\/strong> Alors que les fortes chaleurs font leur retour et accentuent le risque d\u2019incendie dans le Rh\u00f4ne, un feu de broussailles s\u2019est d\u00e9clar\u00e9 ce vendredi 4 septembre dans l\u2019apr\u00e8s-midi, au sud-ouest de Lyon.<\/p>\n<p class=\"isSelectedEnd\">Selon les informations communiqu\u00e9es par les sapeurs-pompiers, le sinistre s\u2019est d\u00e9clar\u00e9 sur les hauteurs de Vaugneray. Une \u00e9paisse fum\u00e9e blanche est visible \u00e0 plusieurs kilom\u00e8tres, notamment depuis l\u2019autoroute A7, \u00e0 hauteur des secteurs de Feyzin et V\u00e9nissieux.<\/p>\n<p>Entre un et trois hectares d\u00e9j\u00e0 br\u00fbl\u00e9s<\/p>\n<p class=\"isSelectedEnd\">Les flammes ont pour l\u2019instant parcouru trois hectares de v\u00e9g\u00e9tation. D\u2019importants moyens ont \u00e9t\u00e9 engag\u00e9s pour tenter de contenir leur progression, avec une vingtaine d\u2019engins de sapeurs-pompiers d\u00e9ploy\u00e9s sur place et 91 pompiers.<\/p>\n<p class=\"isSelectedEnd\">L\u2019intervention est compliqu\u00e9e par plusieurs facteurs. Les fortes temp\u00e9ratures, la v\u00e9g\u00e9tation et surtout la configuration en pente du secteur favorisent une progression rapide des flammes.<\/p>\n<p class=\"isSelectedEnd\">\u00c0 ce stade, le feu n\u2019est pas encore sous contr\u00f4le. Selon les premiers \u00e9l\u00e9ments communiqu\u00e9s par les secours, sa progression ne menace toutefois pas le village voisin.<\/p>\n","protected":false},"excerpt":{"rendered":"Une importante fum\u00e9e dans le ciel lyonnais. Mise \u00e0 jour 16h55 :\u00a0La situation a nettement \u00e9volu\u00e9 depuis le&hellip;\n","protected":false},"author":2,"featured_media":1167084,"comment_status":"","ping_status":"","sticky":false,"template":"","format":"standard","meta":{"footnotes":"","_share_on_mastodon":"0"},"categories":[1889],"tags":[1111,11,2813,2190,2430,1109,251,1112,2811,1777,674,118,1011,27,1922,1110,1114,2428,2810,12,241,316,25,2812,517,800],"class_list":["post-1167083","post","type-post","status-publish","format-standard","has-post-thumbnail","category-lyon","tag-actu","tag-actualites","tag-article","tag-asvel","tag-auvergne-rhone-alpes","tag-breves","tag-culture","tag-depeches","tag-economique","tag-eu","tag-europe","tag-faits-divers","tag-fr","tag-france","tag-info","tag-informations","tag-infos","tag-lyon","tag-lyonmag","tag-news","tag-ol","tag-politique","tag-republique-francaise","tag-sociale","tag-sport","tag-transports"],"share_on_mastodon":{"url":"https:\/\/pubeurope.com\/@fr\/117213372471864356","error":""},"_links":{"self":[{"href":"https:\/\/www.europesays.com\/fr\/wp-json\/wp\/v2\/posts\/1167083","targetHints":{"allow":["GET"]}}],"collection":[{"href":"https:\/\/www.europesays.com\/fr\/wp-json\/wp\/v2\/posts"}],"about":[{"href":"https:\/\/www.europesays.com\/fr\/wp-json\/wp\/v2\/types\/post"}],"author":[{"embeddable":true,"href":"https:\/\/www.europesays.com\/fr\/wp-json\/wp\/v2\/users\/2"}],"replies":[{"embeddable":true,"href":"https:\/\/www.europesays.com\/fr\/wp-json\/wp\/v2\/comments?post=1167083"}],"version-history":[{"count":0,"href":"https:\/\/www.europesays.com\/fr\/wp-json\/wp\/v2\/posts\/1167083\/revisions"}],"wp:featuredmedia":[{"embeddable":true,"href":"https:\/\/www.europesays.com\/fr\/wp-json\/wp\/v2\/media\/1167084"}],"wp:attachment":[{"href":"https:\/\/www.europesays.com\/fr\/wp-json\/wp\/v2\/media?parent=1167083"}],"wp:term":[{"taxonomy":"category","embeddable":true,"href":"https:\/\/www.europesays.com\/fr\/wp-json\/wp\/v2\/categories?post=1167083"},{"taxonomy":"post_tag","embeddable":true,"href":"https:\/\/www.europesays.com\/fr\/wp-json\/wp\/v2\/tags?post=1167083"}],"curies":[{"name":"wp","href":"https:\/\/api.w.org\/{rel}","templated":true}]}}