{"id":1167089,"date":"2026-09-04T15:03:17","date_gmt":"2026-09-04T15:03:17","guid":{"rendered":"https:\/\/www.europesays.com\/fr\/1167089\/"},"modified":"2026-09-04T15:03:17","modified_gmt":"2026-09-04T15:03:17","slug":"reunions-dextreme-droite-et-surveillance-a-paris-la-maison-de-largentine-dans-la-tourmente-actualites","status":"publish","type":"post","link":"https:\/\/www.europesays.com\/fr\/1167089\/","title":{"rendered":"R\u00e9unions d&rsquo;extr\u00eame droite et \u00ab\u00a0surveillance\u00a0\u00bb: \u00e0 Paris, la Maison de l&rsquo;Argentine dans la tourmente : Actualit\u00e9s"},"content":{"rendered":"<p class=\"lead \">Pensionnaires qui d\u00e9noncent des expulsions, r\u00e9unions priv\u00e9es d&rsquo;extr\u00eame droite: la gestion de la r\u00e9sidence universitaire d&rsquo;Argentine \u00e0 Paris par un nouveau directeur proche des cercles ultraconservateurs provoque des remous, qui pourraient s&rsquo;inviter dans les discussions lors de la prochaine visite en France du pr\u00e9sident argentin Javier Milei.<\/p>\n<p class=\"lead \">Situ\u00e9e sur le prestigieux campus de la Cit\u00e9 internationale Universitaire de Paris, la Maison de l&rsquo;Argentine est dans la tourmente depuis la nomination en 2024, par le gouvernement du pr\u00e9sident argentin ultralib\u00e9ral Javier Milei, de l&rsquo;avocat franco-argentin Santiago Muzio comme directeur.<\/p>\n<p class=\"lead \">\u00ab\u00a0C&rsquo;est une mini-dictature\u00a0\u00bb, on y vit dans \u00ab\u00a0une peur constante\u00a0\u00bb, \u00ab\u00a0sans libert\u00e9 d&rsquo;expression\u00a0\u00bb, confie \u00e0 l&rsquo;AFP une ancienne pensionnaire durant l&rsquo;ann\u00e9e scolaire 2025-2026. \u00ab\u00a0Nous sommes tous scandalis\u00e9s, c&rsquo;est horrible ce qui se passe dans cette maison\u00a0\u00bb, rench\u00e9rit le directeur d&rsquo;une autre des 47 r\u00e9sidences de la \u00ab\u00a0Cit\u00e9 U\u00a0\u00bb. <\/p>\n<p class=\"lead \">Tous deux, comme bon nombre des sources interrog\u00e9es par l&rsquo;AFP, ont souhait\u00e9 garder l&rsquo;anonymat par peur de la r\u00e9action du directeur de l&rsquo;\u00e9tablissement, un avocat d\u00e9crit par ces interlocuteurs comme \u00ab\u00a0intelligent\u00a0\u00bb et \u00ab\u00a0habile\u00a0\u00bb.<\/p>\n<p class=\"lead \">Ce fervent catholique dirigeait depuis 2020 l&rsquo;antenne madril\u00e8ne de l&rsquo;Institut des sciences sociales, \u00e9conomiques et politiques (Issep), \u00e9cole priv\u00e9e fond\u00e9e par l&rsquo;eurod\u00e9put\u00e9e d&rsquo;extr\u00eame droite Marion Mar\u00e9chal, ni\u00e8ce de Marine Le Pen, la candidate du Rassemblement national pour la pr\u00e9sidentielle de 2027.<\/p>\n<p class=\"lead \">Face aux pr\u00e9occupations croissantes sur la gestion de \u00ab\u00a0la Casa\u00a0\u00bb, la Mairie de Paris a demand\u00e9 le 30 juillet au ministre fran\u00e7ais des Affaires \u00e9trang\u00e8res, Jean-No\u00ebl Barrot, une \u00ab\u00a0enqu\u00eate\u00a0\u00bb et une intervention aupr\u00e8s de Buenos Aires.<\/p>\n<p class=\"lead \">\u00ab\u00a0Nous avons des \u00e9changes en cours avec les autorit\u00e9s argentines et leurs repr\u00e9sentants \u00e0 Paris\u00a0\u00bb, a seulement comment\u00e9 M. Barrot mardi en conf\u00e9rence de presse, sans plus de d\u00e9tails.<\/p>\n<p class=\"lead \">La d\u00e9l\u00e9gu\u00e9e g\u00e9n\u00e9rale de la fondation qui g\u00e8re la Cit\u00e9 U, Blandine Sorbe, a indiqu\u00e9 \u00e0 l&rsquo;AFP travailler \u00e0 ce que la question \u00ab\u00a0soit abord\u00e9e\u00a0\u00bb au niveau diplomatique, dans le contexte de la visite de Javier Milei \u00e0 Paris pr\u00e9vue fin septembre-d\u00e9but octobre.<\/p>\n<p class=\"lead \">Ni la Maison, ni son directeur, ni le minist\u00e8re argentin du Capital humain qui a autorit\u00e9 sur le lieu, n&rsquo;ont pour l&rsquo;heure r\u00e9pondu aux questions de l&rsquo;AFP, pas plus que les minist\u00e8res fran\u00e7ais de l&rsquo;Int\u00e9rieur et de l&rsquo;Enseignement sup\u00e9rieur.<\/p>\n<p class=\"lead \">&#8211; \u00ab\u00a0Peur\u00a0\u00bb &#8211;<\/p>\n<p class=\"lead \">Situ\u00e9e au sud de Paris, la Cit\u00e9 U accueille chaque ann\u00e9e 12.000 \u00e9tudiants, chercheurs et artistes de 150 nationalit\u00e9s. Ils vivent dans des r\u00e9sidences g\u00e9r\u00e9es par leur pays d&rsquo;origine ou par des organismes fran\u00e7ais. <\/p>\n<p class=\"lead \">La Maison de l&rsquo;Argentine a ouvert en 1928 et est connue pour avoir h\u00e9berg\u00e9 de nombreux intellectuels comme le c\u00e9l\u00e8bre \u00e9crivain Julio Cort\u00e1zar. Ses r\u00e9sidents paient aujourd&rsquo;hui entre 620 et 1.210 euros de loyer mensuel.<\/p>\n<p class=\"lead \">\u00ab\u00a0La Casa \u00e9tait un espace de convivialit\u00e9, de culture et d&rsquo;art. Aujourd&rsquo;hui, c&rsquo;est un lieu de peur, de contr\u00f4le, de surveillance, de cam\u00e9ras\u00a0\u00bb, explique un autre r\u00e9sident de l&rsquo;ann\u00e9e acad\u00e9mique pass\u00e9e. Ce \u00ab\u00a0contr\u00f4le\u00a0\u00bb ne concerne que les Argentins, pr\u00e9cise-t-il.<\/p>\n<p class=\"lead \">Les pensionnaires d\u00e9noncent une limitation d&rsquo;acc\u00e8s aux espaces communs, comme le salon qu&rsquo;ils utilisaient comme lieu de rencontre, ainsi qu&rsquo;au barbecue, \u00e9picentre de la vie sociale en Argentine. La peur les conduit m\u00eame \u00e0 parler \u00ab\u00a0\u00e0 voix basse\u00a0\u00bb dans la Maison.<\/p>\n<p class=\"lead \">L&rsquo;une des premi\u00e8res d\u00e9cisions de M. Muzio a \u00e9t\u00e9 de ne pas signer la \u00ab\u00a0Charte des valeurs\u00a0\u00bb de la Cit\u00e9 U devant \u00eatre sign\u00e9e depuis 2022 par les dirigeants de tous les pavillons. Celle-ci d\u00e9fend notamment le respect des droits humains, de la vie priv\u00e9e, et interdit les discriminations fond\u00e9es sur le genre ou orientation sexuelle.<\/p>\n<p class=\"lead \">\u00ab\u00a0C&rsquo;est vraiment un pr\u00e9c\u00e9dent\u00a0\u00bb, explique \u00e0 l&rsquo;AFP Laurent Schneider, le pr\u00e9sident de la conf\u00e9rence des directeurs de maisons. Lorsqu&rsquo;il l&rsquo;a interrog\u00e9 sur ses motivations, M. Muzio lui a r\u00e9pondu qu&rsquo;il ne pouvait pas signer \u00ab\u00a0en conscience\u00a0\u00bb un document qui reconna\u00eet l&rsquo;\u00e9galit\u00e9 de genre et la non-discrimination en fonction de l&rsquo;orientation sexuelle.<\/p>\n<p class=\"lead \">Une source qui connait bien la r\u00e9sidence assure que le directeur a retir\u00e9 des affiches de d\u00e9fense des droits LGBT.<\/p>\n<p class=\"lead \">&#8211; \u00ab\u00a0Pers\u00e9cution politique\u00a0\u00bb &#8211;<\/p>\n<p class=\"lead \">Mais le v\u00e9ritable \u00ab\u00a0point de rupture\u00a0\u00bb a \u00e9t\u00e9 le retrait en f\u00e9vrier d&rsquo;une plaque \u00ab\u00a0en hommage aux 30.000 disparus et victimes du terrorisme d&rsquo;Etat (1974-1983)\u00a0\u00bb en Argentine, sous pr\u00e9texte de travaux.<\/p>\n<p class=\"lead \">En r\u00e9ponse, les r\u00e9sidents ont organis\u00e9, \u00e0 la Maison de l&rsquo;Allemagne, un hommage aux disparus. La direction de la Cit\u00e9 U a \u00e9galement r\u00e9agi en r\u00e9installant une m\u00eame plaque ailleurs sur le campus.<\/p>\n<p class=\"lead \">Mais, quelque mois plus tard, 13 des r\u00e9sidents s&rsquo;\u00e9tant mobilis\u00e9s n&rsquo;ont pas \u00e9t\u00e9 autoris\u00e9s \u00e0 rester dans la Maison durant l&rsquo;\u00e9t\u00e9, comme c&rsquo;est pourtant l&rsquo;usage, raconte \u00e0 l&rsquo;AFP Salvador Calanni, vice-pr\u00e9sident du comit\u00e9 des r\u00e9sidents, lui-m\u00eame concern\u00e9 par cette mesure qu&rsquo;il ressent comme une \u00ab\u00a0pers\u00e9cution politique\u00a0\u00bb.<\/p>\n<p class=\"lead \">Une dizaine d&rsquo;entre eux ont pu \u00eatre accueillis dans d&rsquo;autres maisons cet \u00e9t\u00e9, assure Blandine Sorbe. <\/p>\n<p class=\"lead \">Pour l&rsquo;ann\u00e9e universitaire 2026-2027, 42 personnes souhaitant r\u00e9sider \u00e0 \u00ab\u00a0la Casa\u00a0\u00bb ont vu leur candidature rejet\u00e9e, \u00e0 l&rsquo;issue d&rsquo;un processus de s\u00e9lection controvers\u00e9.<\/p>\n<p class=\"lead \">Pourtant b\u00e9n\u00e9ficiaire de la prestigieuse bourse de recherche de l&rsquo;Union europ\u00e9enne \u00ab\u00a0Marie Sk\u0142odowska-Curie\u00a0\u00bb, Salvador Calanni a de nouveau \u00e9t\u00e9 \u00e9cart\u00e9.<\/p>\n<p class=\"lead \">Avec cinq autres candidats d\u00e9\u00e7us, il a contest\u00e9 la d\u00e9cision aupr\u00e8s du minist\u00e8re argentin du Capital humain, estimant avoir \u00e9t\u00e9 \u00e9cart\u00e9 \u00ab\u00a0par une d\u00e9cision discr\u00e9tionnaire\u00a0\u00bb, selon le recours consult\u00e9 par l&rsquo;AFP.<\/p>\n<p class=\"lead \">&#8211; \u00ab\u00a0Internationale r\u00e9actionnaire\u00a0\u00bb &#8211;<\/p>\n<p class=\"lead \">Les \u00e9tudiants ne sont pas les seuls concern\u00e9s. Apr\u00e8s son arriv\u00e9e, M. Muzio a licenci\u00e9 l&rsquo;un des quatre employ\u00e9s permanents et deux autres ont quitt\u00e9 leur emploi.<\/p>\n<p class=\"lead \">\u00ab\u00a0La confiance n&rsquo;y est pas\u00a0\u00bb, assure M. Schneider. \u00ab\u00a0Nous avons en face de nous quelqu&rsquo;un qui n&rsquo;a pas la m\u00eame position que nous vis-\u00e0-vis des \u00e9tudiants\u00a0\u00bb, ajoute-t-il.<\/p>\n<p class=\"lead \">Le directeur d&rsquo;une autre r\u00e9sidence est plus direct: \u00ab\u00a0On ne peut pas leur confier un r\u00e9sident. Vous imaginez qu&rsquo;il se retrouve avec une r\u00e9union de l&rsquo;extr\u00eame droite \u00e0 la Maison?\u00a0\u00bb<\/p>\n<p class=\"lead \">En novembre, deux groupes de r\u00e9flexion ultraconservateurs polonais et hongrois y ont pr\u00e9sent\u00e9 le projet \u00ab\u00a0The Great Reset\u00a0\u00bb ou \u00ab\u00a0Grande r\u00e9initialisation\u00a0\u00bb, un plan consistant \u00e0 d\u00e9manteler ou entraver l&rsquo;Union europ\u00e9enne, comme l&rsquo;a r\u00e9v\u00e9l\u00e9 le m\u00e9dia ind\u00e9pendant Basta!, class\u00e9 \u00e0 gauche.<\/p>\n<p class=\"lead \">En mai, alors que la France d\u00e9battait sur une loi sur la fin de vie, adopt\u00e9e en juillet, des politiques d&rsquo;extr\u00eame droite fran\u00e7ais et d&rsquo;autres acteurs ultraconservateurs ont organis\u00e9 dans l&rsquo;\u00e9tablissement un d\u00e9bat intitul\u00e9 \u00ab\u00a0Prot\u00e8ge la dignit\u00e9 en fin de vie: stop \u00e0 l&rsquo;euthanasie en Europe\u00a0\u00bb. <\/p>\n<p class=\"lead \">En mars, la s\u00e9natrice franco-argentine Sophie Briante Guillemont avait demand\u00e9 au gouvernement s&rsquo;il envisageait de prendre des mesures afin que les \u00ab\u00a0infrastructures\u00a0\u00bb de la Cit\u00e9 U \u00ab\u00a0ne puissent pas \u00eatre utilis\u00e9es \u00e0 des fins \u00e9trang\u00e8res \u00e0 sa mission\u00a0\u00bb universitaire. Le minist\u00e8re de l&rsquo;Int\u00e9rieur n&rsquo;a toujours pas r\u00e9pondu.<\/p>\n<p class=\"lead \">\u00ab\u00a0Milei fait partie de ce qu&rsquo;on appelle l&rsquo;+internationale r\u00e9actionnaire+. Il est l\u00e9gitime de savoir ce qui se passe \u00e0 l&rsquo;int\u00e9rieur de cette maison, o\u00f9 on aborde visiblement des sujets qui peuvent concerner la politique nationale fran\u00e7aise et m\u00eame europ\u00e9enne\u00a0\u00bb, fait valoir la s\u00e9natrice.<\/p>\n<p class=\"lead \">&#8211; Difficile r\u00e9ponse &#8211;<\/p>\n<p class=\"lead \">En r\u00e9ponse, M. Muzio invoque la libert\u00e9 d&rsquo;expression et d\u00e9fend le fait que les r\u00e9unions organis\u00e9es sur place sont priv\u00e9es et permettent d&rsquo;obtenir des fonds pour le fonctionnement de la Casa, pr\u00e9cise Mme Sorbe. <\/p>\n<p class=\"lead \">Les marges de man\u0153uvre de la Cit\u00e9 U semblent limit\u00e9es. La fondation qui g\u00e8re le campus pr\u00e9voit de renforcer le \u00ab\u00a0cadrage \u00e9thique\u00a0\u00bb pour fixer des limites \u00e0 ce qui est acceptable sur le campus, et de communiquer davantage sur les \u00ab\u00a0proc\u00e9dures d&rsquo;alerte\u00a0\u00bb et les \u00ab\u00a0canaux de signalement\u00a0\u00bb existants, selon la d\u00e9l\u00e9gu\u00e9e g\u00e9n\u00e9rale.<\/p>\n<p class=\"lead \">Concernant la \u00ab\u00a0dizaine\u00a0\u00bb de cas de discrimination signal\u00e9s jusqu&rsquo;\u00e0 pr\u00e9sent \u00e0 la Casa &#8211;la plupart \u00ab\u00a0en raison d&rsquo;une orientation politique\u00a0\u00bb et un \u00ab\u00a0en raison de l&rsquo;orientation sexuelle\u00a0\u00bb&#8211;, elle pr\u00e9cise que la fondation n&rsquo;a pas recueilli \u00ab\u00a0suffisamment d&rsquo;\u00e9l\u00e9ments\u00a0\u00bb pour les corroborer d&rsquo;un point de vue l\u00e9gal.<\/p>\n<p class=\"lead \">Principal obstacle \u00e0 toute action: la Maison de l&rsquo;Argentine est dirig\u00e9e par le minist\u00e8re argentin du Capital humain et, contrairement \u00e0 la quasi-totalit\u00e9 des maisons, ne dispose pas d&rsquo;un conseil d&rsquo;administration o\u00f9 si\u00e8gent des repr\u00e9sentants de la Cit\u00e9 Universitaire exer\u00e7ant des fonctions de contr\u00f4le.<\/p>\n<p class=\"lead \">Depuis les ann\u00e9es 2010, la Cit\u00e9 U cherche \u00e0 faire de la Maison de l&rsquo;Argentine une fondation reconnue d&rsquo;utilit\u00e9 publique, comme c&rsquo;est le cas pour les autres. Mais la \u00ab\u00a0r\u00e9gularisation de la situation juridique ne d\u00e9pend pas que de nous, c&rsquo;est vraiment un sujet de discussion bilat\u00e9rale et diplomatique\u00a0\u00bb, insiste la d\u00e9l\u00e9gu\u00e9e g\u00e9n\u00e9rale.<\/p>\n","protected":false},"excerpt":{"rendered":"Pensionnaires qui d\u00e9noncent des expulsions, r\u00e9unions priv\u00e9es d&rsquo;extr\u00eame droite: la gestion de la r\u00e9sidence universitaire d&rsquo;Argentine \u00e0 Paris&hellip;\n","protected":false},"author":2,"featured_media":1167090,"comment_status":"","ping_status":"","sticky":false,"template":"","format":"standard","meta":{"footnotes":"","_share_on_mastodon":"0"},"categories":[1888],"tags":[7619,1111,1928,11,1927,6715,312,11412,1777,674,1011,27,12,1926,626,1925,316,25],"class_list":["post-1167089","post","type-post","status-publish","format-standard","has-post-thumbnail","category-paris","tag-ducation","tag-actu","tag-actu-paris","tag-actualites","tag-actualites-paris","tag-argentine","tag-diplomatie","tag-discrimination","tag-eu","tag-europe","tag-fr","tag-france","tag-news","tag-news-paris","tag-paris","tag-paris-news","tag-politique","tag-republique-francaise"],"share_on_mastodon":{"url":"https:\/\/pubeurope.com\/@fr\/117213384483113538","error":""},"_links":{"self":[{"href":"https:\/\/www.europesays.com\/fr\/wp-json\/wp\/v2\/posts\/1167089","targetHints":{"allow":["GET"]}}],"collection":[{"href":"https:\/\/www.europesays.com\/fr\/wp-json\/wp\/v2\/posts"}],"about":[{"href":"https:\/\/www.europesays.com\/fr\/wp-json\/wp\/v2\/types\/post"}],"author":[{"embeddable":true,"href":"https:\/\/www.europesays.com\/fr\/wp-json\/wp\/v2\/users\/2"}],"replies":[{"embeddable":true,"href":"https:\/\/www.europesays.com\/fr\/wp-json\/wp\/v2\/comments?post=1167089"}],"version-history":[{"count":0,"href":"https:\/\/www.europesays.com\/fr\/wp-json\/wp\/v2\/posts\/1167089\/revisions"}],"wp:featuredmedia":[{"embeddable":true,"href":"https:\/\/www.europesays.com\/fr\/wp-json\/wp\/v2\/media\/1167090"}],"wp:attachment":[{"href":"https:\/\/www.europesays.com\/fr\/wp-json\/wp\/v2\/media?parent=1167089"}],"wp:term":[{"taxonomy":"category","embeddable":true,"href":"https:\/\/www.europesays.com\/fr\/wp-json\/wp\/v2\/categories?post=1167089"},{"taxonomy":"post_tag","embeddable":true,"href":"https:\/\/www.europesays.com\/fr\/wp-json\/wp\/v2\/tags?post=1167089"}],"curies":[{"name":"wp","href":"https:\/\/api.w.org\/{rel}","templated":true}]}}