{"id":1167103,"date":"2026-09-04T15:13:14","date_gmt":"2026-09-04T15:13:14","guid":{"rendered":"https:\/\/www.europesays.com\/fr\/1167103\/"},"modified":"2026-09-04T15:13:14","modified_gmt":"2026-09-04T15:13:14","slug":"en-plein-congres-avec-jordan-bardella-nigel-farage-et-reform-uk-rattrapes-par-un-scandale-de-don-illicite","status":"publish","type":"post","link":"https:\/\/www.europesays.com\/fr\/1167103\/","title":{"rendered":"En plein congr\u00e8s avec Jordan Bardella, Nigel Farage et Reform UK rattrap\u00e9s par un scandale de don illicite"},"content":{"rendered":"<p>                   <img fetchpriority=\"high\" decoding=\"async\" class=\"mx-auto\" src=\"data:image\/svg+xml,%3Csvg%20xmlns%3D%27http%3A%2F%2Fwww.w3.org%2F2000%2Fsvg%27%20fill%3D%22%23e4e4e4%22%20viewBox%3D%270%200%20510%20340%27%20width%3D%22510%22%20height%3D%22340%22%3E%3Cpath%20d%3D%27M0%200h510v340H0z%27%2F%3E%3C%2Fsvg%3E\"  loading=\"eager\" width=\"510\" height=\"340\" data-oncrawl-image-size=\"510x340\" alt=\"Le leader de Reform UK, Nigel Farage, aux c\u00f4t\u00e9s du pr\u00e9sident du Rassemblement National, Jordan Bardella.\"\/>      <\/p>\n<p class=\"latino-100m text-grey-600\">  Le leader de Reform UK, Nigel Farage, aux c\u00f4t\u00e9s du pr\u00e9sident du Rassemblement National, Jordan Bardella.\u00a0PAUL ELLIS \/ AFP  <\/p>\n<p class=\"node__paragraphe antonia-750r text-grey-800 pb-24 pb-md-32\"> La carte postale devait \u00eatre parfaite\u00a0: un congr\u00e8s du parti d\u2019extr\u00eame droite britannique Reform UK de Nigel Farage, \u00e0 Birmingham, avec en invit\u00e9 d\u2019honneur le pr\u00e9sident du Rassemblement national, Jordan Bardella. Mais pour le parti anti-immigration britannique la f\u00eate a rapidement pris des airs de naufrage ce vendredi 4\u00a0septembre. En cause, la diffusion, la veille, d\u2019un reportage compromettant sur la cha\u00eene Channel 4, montrant un proche collaborateur de Nigel Farage proposer de contourner la loi. <\/p>\n<p class=\"node__paragraphe antonia-750r text-grey-800 pb-24 pb-md-32\"> Les retomb\u00e9es ont \u00e9t\u00e9 imm\u00e9diates et ont conduit \u00e0 la d\u00e9mission vendredi matin de deux responsables du parti et \u00e0 l\u2019ouverture d\u2019une enqu\u00eate interne, a indiqu\u00e9 un porte-parole de Reform UK. <\/p>\n<p>                                       Des images compromettantes en cam\u00e9ra cach\u00e9e                              <\/p>\n<p class=\"node__paragraphe antonia-750r text-grey-800 pb-24 pb-md-32\"> Film\u00e9 en cam\u00e9ra cach\u00e9e, le document d\u00e9voile des images d\u2019un proche collaborateur de Nigel Farage, Dan Jukes, sugg\u00e9rer un moyen de contourner la loi \u00e9lectorale pour obtenir un don pour le parti de 500\u00a0000 livres sterling &#8211; soit pr\u00e8s de 600\u00a0000\u00a0euros &#8211; de la part d\u2019un citoyen am\u00e9ricain. Or seuls les \u00e9lecteurs britanniques sont autoris\u00e9s \u00e0 faire de telles donations. <\/p>\n<p class=\"node__paragraphe antonia-750r text-grey-800 pb-24 pb-md-32\"> Les deux responsables d\u00e9missionnaires, Dan Jukes et James Orr, sont aussi accus\u00e9s d\u2019avoir enfreint les r\u00e8gles \u00e9lectorales en faisant financer un sondage par une soci\u00e9t\u00e9 \u00e9trang\u00e8re. <\/p>\n<p>                             Un coup de massue de plus pour Nigel Farage                              <\/p>\n<p class=\"node__paragraphe antonia-750r text-grey-800 pb-24 pb-md-32\"> L\u2019affaire fait \u00e9videmment les gros titres de la presse britannique et a entach\u00e9 tout le raout pr\u00e9vu ce vendredi \u00e0 Birmingham, dont les points d\u2019orgue \u00e9taient \u00e9videmment les discours de Jordan Bardella et Nigel Farage. <\/p>\n<p class=\"node__paragraphe antonia-750r text-grey-800 pb-24 pb-md-32\"> Lors d\u2019une conf\u00e9rence de presse o\u00f9 les questions ont fus\u00e9 sur ces accusations, le leader britannique a de nouveau assur\u00e9 que le parti n\u2019avait \u00ab\u00a0rien fait de mal\u00a0\u00bb ni re\u00e7u \u00ab\u00a0aucun argent d\u2019origine douteuse\u00a0\u00bb, accusant au passage l\u2019enqu\u00eate journalistique d\u2019avoir \u00e9t\u00e9 r\u00e9alis\u00e9e par \u00ab\u00a0des activistes d\u2019extr\u00eame gauche\u00a0\u00bb. Interrog\u00e9 sur le scandale en question, Jordan Bardella a lui \u00e9voqu\u00e9 un \u00ab\u00a0\u00e9cran de fum\u00e9e\u00a0\u00bb assurant que cela ne changerait rien \u00e0 la collaboration entre Reform UK et le Rassemblement national. <\/p>\n<p>                                                            <img decoding=\"async\" class=\"w-100\" src=\"data:image\/svg+xml,%3Csvg%20xmlns%3D%27http%3A%2F%2Fwww.w3.org%2F2000%2Fsvg%27%20fill%3D%22%23e4e4e4%22%20viewBox%3D%270%200%20630%200%27%20width%3D%22630%22%20height%3D%220%22%3E%3Cpath%20d%3D%27M0%200h630v0H0z%27%2F%3E%3C%2Fsvg%3E\"  alt=\"Nigel Farage et son collaborateur Dan Jukes dans le centre de Londres, en avril dernier.\" width=\"630\" height=\"0\" loading=\"lazy\"\/>    <\/p>\n<p class=\"latino-100m text-grey-600\"> Nigel Farage et son collaborateur Dan Jukes dans le centre de Londres, en avril dernier.  HENRY NICHOLLS \/ AFP  <\/p>\n<p class=\"node__paragraphe antonia-750r text-grey-800 pb-24 pb-md-32\"> Cette nouvelle affaire intervient pourtant apr\u00e8s un \u00e9t\u00e9 difficile pour le champion du Brexit d\u00e9j\u00e0 accus\u00e9 d\u2019avoir accept\u00e9 des dons illicites. Nigel Farage, 62 ans, est en effet vis\u00e9 par une enqu\u00eate parlementaire portant sur un don de cinq millions de livres (5,7 millions d\u2019euros), re\u00e7u d\u2019un milliardaire ayant fait fortune dans les cryptomonnaies, Christopher Harborne, peu avant son \u00e9lection comme d\u00e9put\u00e9 en 2024. <\/p>\n<p class=\"node__paragraphe antonia-750r text-grey-800 pb-24 pb-md-32\"> Reform UK fait aussi l\u2019objet d\u2019une enqu\u00eate polici\u00e8re sur son financement. Nigel Farage a affirm\u00e9 tout l\u2019\u00e9t\u00e9 \u00eatre attaqu\u00e9 par \u00ab\u00a0le syst\u00e8me\u00a0\u00bb. Il a, en juillet, remis en jeu son si\u00e8ge de d\u00e9put\u00e9 dans sa circonscription de Clacton, dans le sud-est de l\u2019Angleterre, o\u00f9 il a \u00e9t\u00e9 r\u00e9\u00e9lu largement, mais \u00e0 l\u2019issue d\u2019un scrutin boycott\u00e9 par tous les partis et o\u00f9 son principal adversaire \u00e9tait un candidat fantaisiste, le \u00ab\u00a0Comte T\u00eate-de-Poubelle\u00a0\u00bb (\u00ab\u00a0Count Binface\u00a0\u00bb). <\/p>\n<p>                             A la peine dans les sondages                              <\/p>\n<p class=\"node__paragraphe antonia-750r text-grey-800 pb-24 pb-md-32\"> Pendant un an et demi, Reform UK a domin\u00e9 les sondages. Le parti a remport\u00e9 de nombreux si\u00e8ges en mai lors d\u2019\u00e9lections locales, qui ont pr\u00e9cipit\u00e9 la chute du Premier ministre travailliste, Keir Starmer. De quoi faire dire \u00e0 Nigel Farage qu\u2019il est capable d\u2019entrer \u00e0 Downing Street lors des prochaines l\u00e9gislatives pr\u00e9vues en 2029. Mais les r\u00e9v\u00e9lations sur le don de cinq millions et l\u2019ouverture d\u2019une enqu\u00eate parlementaire &#8211; relanc\u00e9e depuis la r\u00e9\u00e9lection de Nigel Farage \u00e0 Clacton &#8211; ont frein\u00e9 cette dynamique. <\/p>\n<p class=\"node__paragraphe antonia-750r text-grey-800 pb-24 pb-md-32\"> Le Labour est repass\u00e9 en t\u00eate des sondages, avec 26\u00a0% des intentions de vote contre 22\u00a0% pour Reform, selon la derni\u00e8re enqu\u00eate de l\u2019institut More In Common. Plus de deux tiers des Britanniques jugent que Nigel Farage n\u2019est pas pr\u00eat \u00e0 devenir Premier ministre, selon une r\u00e9cente \u00e9tude Ipsos. <\/p>\n","protected":false},"excerpt":{"rendered":"Le leader de Reform UK, Nigel Farage, aux c\u00f4t\u00e9s du pr\u00e9sident du Rassemblement National, Jordan Bardella.\u00a0PAUL ELLIS \/&hellip;\n","protected":false},"author":2,"featured_media":1167104,"comment_status":"","ping_status":"","sticky":false,"template":"","format":"standard","meta":{"footnotes":"","_share_on_mastodon":"0"},"categories":[1588],"tags":[5734,11,3130,4394,1777,674,18086,29154,74,12,51589,69500,473,1853,1851,1850,1852],"class_list":["post-1167103","post","type-post","status-publish","format-standard","has-post-thumbnail","category-royaume-uni","tag-5734","tag-actualites","tag-bardella","tag-congres","tag-eu","tag-europe","tag-farage","tag-jordan","tag-monde","tag-news","tag-nigel","tag-reform","tag-royaume-uni","tag-royaume-uni-de-grande-bretagne-et-dirlande-du-nord","tag-uk","tag-united-kingdom","tag-united-kingdom-of-great-britain-and-northern-ireland"],"share_on_mastodon":{"url":"https:\/\/pubeurope.com\/@fr\/117213423679378824","error":""},"_links":{"self":[{"href":"https:\/\/www.europesays.com\/fr\/wp-json\/wp\/v2\/posts\/1167103","targetHints":{"allow":["GET"]}}],"collection":[{"href":"https:\/\/www.europesays.com\/fr\/wp-json\/wp\/v2\/posts"}],"about":[{"href":"https:\/\/www.europesays.com\/fr\/wp-json\/wp\/v2\/types\/post"}],"author":[{"embeddable":true,"href":"https:\/\/www.europesays.com\/fr\/wp-json\/wp\/v2\/users\/2"}],"replies":[{"embeddable":true,"href":"https:\/\/www.europesays.com\/fr\/wp-json\/wp\/v2\/comments?post=1167103"}],"version-history":[{"count":0,"href":"https:\/\/www.europesays.com\/fr\/wp-json\/wp\/v2\/posts\/1167103\/revisions"}],"wp:featuredmedia":[{"embeddable":true,"href":"https:\/\/www.europesays.com\/fr\/wp-json\/wp\/v2\/media\/1167104"}],"wp:attachment":[{"href":"https:\/\/www.europesays.com\/fr\/wp-json\/wp\/v2\/media?parent=1167103"}],"wp:term":[{"taxonomy":"category","embeddable":true,"href":"https:\/\/www.europesays.com\/fr\/wp-json\/wp\/v2\/categories?post=1167103"},{"taxonomy":"post_tag","embeddable":true,"href":"https:\/\/www.europesays.com\/fr\/wp-json\/wp\/v2\/tags?post=1167103"}],"curies":[{"name":"wp","href":"https:\/\/api.w.org\/{rel}","templated":true}]}}