{"id":1167115,"date":"2026-09-04T15:20:17","date_gmt":"2026-09-04T15:20:17","guid":{"rendered":"https:\/\/www.europesays.com\/fr\/1167115\/"},"modified":"2026-09-04T15:20:17","modified_gmt":"2026-09-04T15:20:17","slug":"france-les-defaillances-dentreprises-baissent-tres-legerement-en-juillet","status":"publish","type":"post","link":"https:\/\/www.europesays.com\/fr\/1167115\/","title":{"rendered":"France: les d\u00e9faillances d&rsquo;entreprises baissent tr\u00e8s l\u00e9g\u00e8rement en juillet"},"content":{"rendered":"<p class=\"fig-paragraph\">Le nombre de\u00a0<a href=\"http:\/\/www.lefigaro.fr\/economie\/le-moment-est-tres-difficile-les-faillites-d-entreprises-atteignent-des-nouveaux-records-20260710\" target=\"_blank\" data-fig-type=\"Article\" rel=\"noopener nofollow\" data-gtm-custom-categorie=\"navigation\" data-gtm-custom-action=\"crossclick\" data-gtm-custom-label=\"Contextuel\" data-gtm-event=\"customEventSPE\" data-fig-domain=\"LEFIGARO\">d\u00e9faillances d&rsquo;entreprises\u00a0<\/a>a tr\u00e8s l\u00e9g\u00e8rement diminu\u00e9 en juillet, \u00e0 70.605 en cumul sur douze mois, a annonc\u00e9 vendredi la\u00a0<a href=\"http:\/\/www.lefigaro.fr\/flash-eco\/une-plus-value-de-13-milliards-d-euros-pourquoi-la-banque-de-france-a-vendu-une-partie-de-son-or-20260325\" target=\"_blank\" data-fig-type=\"NewsFlash\" rel=\"noopener nofollow\" data-gtm-custom-categorie=\"navigation\" data-gtm-custom-action=\"crossclick\" data-gtm-custom-label=\"Contextuel\" data-gtm-event=\"customEventSPE\" data-fig-domain=\"LEFIGARO\">Banque de France<\/a>. Fin juin, le cumul sur douze mois \u00e9tait de 70.816.<\/p>\n<p class=\"fig-paragraph\">Cette quasi-stabilit\u00e9, apr\u00e8s une progression l\u00e9g\u00e8re le mois pr\u00e9c\u00e9dent, concerne la plupart des tailles d&rsquo;entreprises et des secteurs d&rsquo;activit\u00e9, rel\u00e8ve le communiqu\u00e9. La Banque de France explique ce niveau de d\u00e9faillances, qu&rsquo;elle qualifie d&rsquo;\u00ab\u00e9lev\u00e9\u00bb, \u00aben partie par une conjoncture d\u00e9grad\u00e9e, imputable notamment aux chocs successifs et aux incertitudes accrues qui ont fragilis\u00e9 la situation financi\u00e8re de certaines entreprises\u00bb. Mais le nombre total d&rsquo;entreprises continue de s&rsquo;accro\u00eetre du fait des cr\u00e9ations, souligne-t-elle. Selon l&rsquo;Insee, plus de 1,2 million d&rsquo;entreprises ont \u00e9t\u00e9 cr\u00e9\u00e9es \u00e0 fin juillet sur 12 mois glissants, soit une hausse de 10,8% par rapport au cumul 12 mois arr\u00eat\u00e9 \u00e0 fin juillet 2025.<\/p>\n<p>                                            <a class=\"fig-a11y-skip\" href=\"#fig-a11y-skip-main-inarticle\" is=\"fig-a11y-skip\" data-trigger-mode=\"visible-once\"><br \/>\n    Passer la publicit\u00e9<br \/>\n<\/a>            <\/p>\n<p>                                            Forte progression des d\u00e9faillances d\u2019entreprises de taille moyenne<\/p>\n<p class=\"fig-paragraph\">Sur un an, l&rsquo;ensemble \u00abenseignement, sant\u00e9, action sociale et service aux m\u00e9nages\u00bb enregistre la plus forte hausse de d\u00e9faillances d&rsquo;entreprises en pourcentage (+12,4% \u00e0 7.229) devant le secteur \u00abagriculture, sylviculture et p\u00eache\u00bb (+11,9%, 1.775 entreprises concern\u00e9es). Vendredi, la ministre de l&rsquo;Agriculture Annie Genevard a soulign\u00e9 que 30 \u00e0 35.000 exploitations agricoles se trouvaient en p\u00e9ril, apr\u00e8s un \u00e9t\u00e9 de canicules \u00e0 r\u00e9p\u00e9tition et de s\u00e9cheresse.<\/p>\n<p class=\"fig-paragraph\">Les d\u00e9faillances d&rsquo;entreprises de taille moyenne sont celles qui ont connu la plus forte progression: leur nombre a augment\u00e9 de 13,2% \u00e0 532 sur douze mois. Celui des petites entreprises a cr\u00fb de 11,9% \u00e0 1.576 et celui des entreprises de taille interm\u00e9diaire ou des grandes entreprises, de 8,9%, \u00e0 61. Enfin, 64.937 d\u00e9faillances de micro-entreprises ont \u00e9t\u00e9 enregistr\u00e9es au cours des douze mois achev\u00e9s en juillet, soit une hausse de 4,2%.<\/p>\n","protected":false},"excerpt":{"rendered":"Le nombre de\u00a0d\u00e9faillances d&rsquo;entreprises\u00a0a tr\u00e8s l\u00e9g\u00e8rement diminu\u00e9 en juillet, \u00e0 70.605 en cumul sur douze mois, a annonc\u00e9&hellip;\n","protected":false},"author":2,"featured_media":1167116,"comment_status":"","ping_status":"","sticky":false,"template":"","format":"standard","meta":{"footnotes":"","_share_on_mastodon":"0"},"categories":[4],"tags":[11,120498,1011,27,12,25,1980],"class_list":["post-1167115","post","type-post","status-publish","format-standard","has-post-thumbnail","category-france","tag-actualites","tag-defaillances-dentreprises","tag-fr","tag-france","tag-news","tag-republique-francaise","tag-resultats"],"share_on_mastodon":{"url":"https:\/\/pubeurope.com\/@fr\/117213451061949221","error":""},"_links":{"self":[{"href":"https:\/\/www.europesays.com\/fr\/wp-json\/wp\/v2\/posts\/1167115","targetHints":{"allow":["GET"]}}],"collection":[{"href":"https:\/\/www.europesays.com\/fr\/wp-json\/wp\/v2\/posts"}],"about":[{"href":"https:\/\/www.europesays.com\/fr\/wp-json\/wp\/v2\/types\/post"}],"author":[{"embeddable":true,"href":"https:\/\/www.europesays.com\/fr\/wp-json\/wp\/v2\/users\/2"}],"replies":[{"embeddable":true,"href":"https:\/\/www.europesays.com\/fr\/wp-json\/wp\/v2\/comments?post=1167115"}],"version-history":[{"count":0,"href":"https:\/\/www.europesays.com\/fr\/wp-json\/wp\/v2\/posts\/1167115\/revisions"}],"wp:featuredmedia":[{"embeddable":true,"href":"https:\/\/www.europesays.com\/fr\/wp-json\/wp\/v2\/media\/1167116"}],"wp:attachment":[{"href":"https:\/\/www.europesays.com\/fr\/wp-json\/wp\/v2\/media?parent=1167115"}],"wp:term":[{"taxonomy":"category","embeddable":true,"href":"https:\/\/www.europesays.com\/fr\/wp-json\/wp\/v2\/categories?post=1167115"},{"taxonomy":"post_tag","embeddable":true,"href":"https:\/\/www.europesays.com\/fr\/wp-json\/wp\/v2\/tags?post=1167115"}],"curies":[{"name":"wp","href":"https:\/\/api.w.org\/{rel}","templated":true}]}}