{"id":1167123,"date":"2026-09-04T15:29:22","date_gmt":"2026-09-04T15:29:22","guid":{"rendered":"https:\/\/www.europesays.com\/fr\/1167123\/"},"modified":"2026-09-04T15:29:22","modified_gmt":"2026-09-04T15:29:22","slug":"heidi-gaugain-va-passer-pro-chez-les-valides-actualite","status":"publish","type":"post","link":"https:\/\/www.europesays.com\/fr\/1167123\/","title":{"rendered":"He\u00efdi Gaugain va passer pro chez les valides &#8211; Actualit\u00e9"},"content":{"rendered":"<p><strong id=\"docs-internal-guid-9b6298e3-7fff-c34c-b726-8e58c06a2f47\" style=\"font-weight: normal;\">Un bout d\u2019histoire pour <\/strong><strong><a style=\"color: #000000; text-decoration: underline;\" href=\"https:\/\/www.directvelo.com\/coureur\/42014\/heidi-gaugain\" target=\"_blank\" rel=\"noopener nofollow\">He\u00efdi Gaugain<\/a><\/strong><strong id=\"docs-internal-guid-9b6298e3-7fff-c34c-b726-8e58c06a2f47\" style=\"font-weight: normal;\">. L\u2019athl\u00e8te de 21 ans, membre de l\u2019\u00e9quipe Breizh Ladies, va franchir le rubicon au sein de l\u2019\u00e9quipe <\/strong><strong><a style=\"color: #000000; text-decoration: underline;\" href=\"https:\/\/www.directvelo.com\/equipe\/3620\/mayenne-monbana-my-pie\" target=\"_blank\" rel=\"noopener nofollow\">Mayenne Monbana my Pie<\/a><\/strong><strong id=\"docs-internal-guid-9b6298e3-7fff-c34c-b726-8e58c06a2f47\" style=\"font-weight: normal;\">. C\u2019est la premi\u00e8re fois qu\u2019une para-cycliste (cat\u00e9gorie C5) passe pro chez les valides.<br \/><\/strong><\/p>\n<p>La Mayennaise vient de remporter le Grand Prix Diffusport \u00e0 Leval, mi-ao\u00fbt, un mois apr\u00e8s avoir d\u00e9croch\u00e9 la m\u00e9daille d\u2019argent sur le Championnat de France chrono Espoirs. Elle s\u2019est \u00e9galement class\u00e9e 2e du Tour de Charente-Maritime et <strong><a style=\"color: #000000; text-decoration: underline;\" href=\"https:\/\/www.directvelo.com\/epreuve\/50730\/championnat-de-france-clm-femmes-2026\" target=\"_blank\" rel=\"noopener nofollow\">7e du Championnat de France contre-la-montre chez les \u00c9lites<\/a><\/strong><strong id=\"docs-internal-guid-9b6298e3-7fff-c34c-b726-8e58c06a2f47\" style=\"font-weight: normal;\"> cette ann\u00e9e.<\/strong><\/p>\n<p>Ancienne double Championne du Monde Juniors sur piste &#8211; course aux points et poursuite par \u00e9quipes -, He\u00efdi Gaugain a \u00e9t\u00e9 deux fois Championne du Monde de poursuite individuelle et double Championne d\u2019Europe sur route en paracyclisme.<\/p>\n<p>Elle s\u2019appr\u00eate \u00e0 disputer, ces prochains jours, les Championnats du Monde de paracyclisme sur route avec les Bleus, \u00e0 Huntsville aux Etats-Unis.<\/p>\n<p>Retrouvez tous les transferts 2026-2027 au sein du peloton f\u00e9minin <strong><a style=\"color: #000000; text-decoration: underline;\" href=\"https:\/\/www.directvelo.com\/mutations\/2027#teams-women\" target=\"_blank\" rel=\"noopener nofollow\">en cliquant ici.<\/a><\/strong><strong id=\"docs-internal-guid-9b6298e3-7fff-c34c-b726-8e58c06a2f47\" style=\"font-weight: normal;\">\u00a0<\/strong><\/p>\n","protected":false},"excerpt":{"rendered":"Un bout d\u2019histoire pour He\u00efdi Gaugain. L\u2019athl\u00e8te de 21 ans, membre de l\u2019\u00e9quipe Breizh Ladies, va franchir le&hellip;\n","protected":false},"author":2,"featured_media":1167124,"comment_status":"","ping_status":"","sticky":false,"template":"","format":"standard","meta":{"footnotes":"","_share_on_mastodon":"0"},"categories":[1411],"tags":[834,828,836,829,837,827,83,826,824,823,1154,207,814,817,815,816,822,821,832,211,839,1011,27,820,818,819,835,831,830,833,838,60,212,208,825],"class_list":["post-1167123","post","type-post","status-publish","format-standard","has-post-thumbnail","category-cyclisme","tag-attaque","tag-belgique","tag-braquet","tag-bretagne","tag-chute","tag-competition","tag-coupe-de-france","tag-coureur","tag-course-cyclisme","tag-course-cycliste","tag-cycling","tag-cyclisme","tag-direct","tag-direct-velo","tag-directvelo","tag-directvelo-com","tag-epreuve","tag-epreuve-cycliste","tag-federation-francaise-de-cyclisme","tag-ffc","tag-flandres","tag-fr","tag-france","tag-live","tag-live-course","tag-live-epreuve","tag-peloton","tag-radio-peloton","tag-radio-tour","tag-ravitaillement","tag-relance","tag-sports","tag-uci","tag-velo","tag-velos"],"share_on_mastodon":{"url":"https:\/\/pubeurope.com\/@fr\/117213486686499051","error":""},"_links":{"self":[{"href":"https:\/\/www.europesays.com\/fr\/wp-json\/wp\/v2\/posts\/1167123","targetHints":{"allow":["GET"]}}],"collection":[{"href":"https:\/\/www.europesays.com\/fr\/wp-json\/wp\/v2\/posts"}],"about":[{"href":"https:\/\/www.europesays.com\/fr\/wp-json\/wp\/v2\/types\/post"}],"author":[{"embeddable":true,"href":"https:\/\/www.europesays.com\/fr\/wp-json\/wp\/v2\/users\/2"}],"replies":[{"embeddable":true,"href":"https:\/\/www.europesays.com\/fr\/wp-json\/wp\/v2\/comments?post=1167123"}],"version-history":[{"count":0,"href":"https:\/\/www.europesays.com\/fr\/wp-json\/wp\/v2\/posts\/1167123\/revisions"}],"wp:featuredmedia":[{"embeddable":true,"href":"https:\/\/www.europesays.com\/fr\/wp-json\/wp\/v2\/media\/1167124"}],"wp:attachment":[{"href":"https:\/\/www.europesays.com\/fr\/wp-json\/wp\/v2\/media?parent=1167123"}],"wp:term":[{"taxonomy":"category","embeddable":true,"href":"https:\/\/www.europesays.com\/fr\/wp-json\/wp\/v2\/categories?post=1167123"},{"taxonomy":"post_tag","embeddable":true,"href":"https:\/\/www.europesays.com\/fr\/wp-json\/wp\/v2\/tags?post=1167123"}],"curies":[{"name":"wp","href":"https:\/\/api.w.org\/{rel}","templated":true}]}}