{"id":1167127,"date":"2026-09-04T15:31:17","date_gmt":"2026-09-04T15:31:17","guid":{"rendered":"https:\/\/www.europesays.com\/fr\/1167127\/"},"modified":"2026-09-04T15:31:17","modified_gmt":"2026-09-04T15:31:17","slug":"en-moi-un-ete-invincible-georges-fenech-reagit-a-son-divorce-apres-8-mois-de-mariage-seulement","status":"publish","type":"post","link":"https:\/\/www.europesays.com\/fr\/1167127\/","title":{"rendered":"\u00abEn moi un \u00e9t\u00e9 invincible\u00bb : Georges Fenech r\u00e9agit \u00e0 son divorce, apr\u00e8s 8 mois de mariage seulement"},"content":{"rendered":"<p>    Georges Fenech dans \u00abLe Buzz TV\u00bb.<br \/>\n                Capture \u00e9cran Figaro TV.<\/p>\n<p>\n    Le chroniqueur de CNews r\u00e9pond aux r\u00e9centes d\u00e9clarations d\u2019Am\u00e9lie Leperre-Dimeglio, celle qui partageait sa vie et qui estime aujourd\u2019hui avoir \u00ab\u00e9t\u00e9 humili\u00e9e\u00bb.<\/p>\n<p class=\"fig-paragraph\">Un tweet vaut mieux qu\u2019un long discours semble-t-il pour\u00a0<a href=\"https:\/\/recherche.lefigaro.fr\/recherche\/georges%20fenech\/?publication=tvmag.lefigaro.fr\" target=\"_blank\" rel=\"noopener nofollow\" data-gtm-custom-categorie=\"navigation\" data-gtm-custom-action=\"crossclick\" data-gtm-custom-label=\"Contextuel\" data-gtm-event=\"customEventSPE\">Georges Fenech<\/a>. L\u2019ancien magistrat, devenu l\u2019un des visages de\u00a0<a href=\"http:\/\/tvmag.lefigaro.fr\/programme-tv\/actu-tele\/a-chalons-en-champagne-jordan-bardella-s-incruste-dans-le-direct-d-un-journaliste-de-cnews-20260829\" target=\"_blank\" data-fig-type=\"Article\" rel=\"noopener nofollow\" data-gtm-custom-categorie=\"navigation\" data-gtm-custom-action=\"crossclick\" data-gtm-custom-label=\"Contextuel\" data-gtm-event=\"customEventSPE\" data-fig-domain=\"TVMAG\">CNews<\/a>, est d\u2019ordinaire peu bavard sur ses r\u00e9seaux sociaux. Mais hier, son ancienne compagne a annonc\u00e9 son intention de demander le divorce.<\/p>\n<p class=\"fig-paragraph\">\u00abJ\u2019ai d\u00e9cid\u00e9 de mettre un terme \u00e0 mon union avec Georges Fenech. Je garderai le souvenir de l\u2019homme qui, un jour, s\u2019est mis \u00e0 genoux pour me demander en mariage. J\u2019aurais simplement aim\u00e9 que les engagements pris ce jour-l\u00e0 aient la m\u00eame sinc\u00e9rit\u00e9 que le geste qui les accompagnait. Mais le temps r\u00e9v\u00e8le parfois ce que les apparences savent parfaitement dissimuler\u00bb, a d\u00e9clar\u00e9 Am\u00e9lie Leperre-Dimeglio \u00e0 nos confr\u00e8res du magazine Gala.<\/p>\n<p class=\"fig-body-link\">\n            \u00c0 lire aussi<br \/>\n        <a class=\"fig-body-link__link\" href=\"http:\/\/tvmag.lefigaro.fr\/programme-tv\/people\/je-ne-veux-pas-etre-plus-humiliee-la-femme-de-georges-fenech-annonce-leur-separation-8-mois-seulement-apres-leur-mariage-20260903\" target=\"_blank\" data-fig-type=\"Article\" rel=\"noopener nofollow\" data-gtm-custom-categorie=\"navigation\" data-gtm-custom-action=\"crossclick\" data-gtm-custom-label=\"Contextuel\" data-gtm-event=\"customEventSPE\" data-fig-domain=\"TVMAG\"><br \/>\n                \u00ab\u00a0Je ne veux pas \u00eatre plus humili\u00e9e\u00a0\u00bb\u00a0: la femme de Georges Fenech annonce leur s\u00e9paration 8 mois seulement apr\u00e8s leur mariage<br \/>\n    <\/a>\n<\/p>\n<p>                                                <a class=\"fig-a11y-skip\" href=\"#fig-a11y-skip-main-inarticle\" is=\"fig-a11y-skip\" data-trigger-mode=\"visible-once\"><br \/>\n    Passer la publicit\u00e9<br \/>\n<\/a>            <\/p>\n<p class=\"fig-paragraph\">\u00abGeorges, c\u2019est un peu comme l\u2019Ancien et le Nouveau Testament\u00a0: il y a une femme, mais il y en a toujours d\u2019autres. On n\u2019est jamais seule sur la place. Il y a toujours celle d\u2019avant et celle d\u2019apr\u00e8s\u00bb, a-t-elle ass\u00e9n\u00e9 avant d\u2019assurer avoir entrepris les d\u00e9marches administratives pour divorcer.<\/p>\n<p class=\"fig-paragraph\">Laconique, Georges Fenech a, de son c\u00f4t\u00e9, invoqu\u00e9 les mots d\u2019Albert Camus ce vendredi 4 septembre en guise de r\u00e9ponse. \u00abAu milieu de l\u2019hiver, j\u2019apprenais qu\u2019il y avait enfin en moi un \u00e9t\u00e9 invincible\u00bb, a simplement post\u00e9 sur X, et repartag\u00e9 sur son compte Instagram, le chroniqueur de CNews.<\/p>\n<p class=\"fig-paragraph\">Georges Fenech et Am\u00e9lie Leperre-Dimeglio se sont unis le 31 janvier dernier \u00e0 la mairie du 16e arrondissement de Paris. Le couple aujourd\u2019hui s\u00e9par\u00e9 s\u2019\u00e9tait rencontr\u00e9 seulement deux mois plus t\u00f4t. \u00abJe l\u2019ai demand\u00e9e en mariage 5 jours apr\u00e8s notre rencontre\u00bb, avait confi\u00e9 l\u2019ancien magistrat sur le plateau du\u00a0<a href=\"https:\/\/tvmag.lefigaro.fr\/programme-tv\/programme\/le-buzz-tv-f1180815748\" target=\"_blank\" rel=\"noopener nofollow\" data-gtm-custom-categorie=\"navigation\" data-gtm-custom-action=\"crossclick\" data-gtm-custom-label=\"Contextuel\" data-gtm-event=\"customEventSPE\">\u00abBuzz TV\u00bb<\/a>. \u00ab\u00c7a ne sert \u00e0 rien d\u2019attendre des ann\u00e9es pour prendre une d\u00e9cision, il faut avoir le courage de se lancer\u00bb, avait-il expliqu\u00e9. Leur mariage aura dur\u00e9 8 mois.<\/p>\n","protected":false},"excerpt":{"rendered":"Georges Fenech dans \u00abLe Buzz TV\u00bb. Capture \u00e9cran Figaro TV. Le chroniqueur de CNews r\u00e9pond aux r\u00e9centes d\u00e9clarations&hellip;\n","protected":false},"author":2,"featured_media":1167128,"comment_status":"","ping_status":"","sticky":false,"template":"","format":"standard","meta":{"footnotes":"","_share_on_mastodon":"0"},"categories":[1359],"tags":[9722,58,59,1011,27,58073,973],"class_list":["post-1167127","post","type-post","status-publish","format-standard","has-post-thumbnail","category-people","tag-cnews","tag-divertissement","tag-entertainment","tag-fr","tag-france","tag-georges-fenech","tag-people"],"share_on_mastodon":{"url":"https:\/\/pubeurope.com\/@fr\/117213494474092074","error":""},"_links":{"self":[{"href":"https:\/\/www.europesays.com\/fr\/wp-json\/wp\/v2\/posts\/1167127","targetHints":{"allow":["GET"]}}],"collection":[{"href":"https:\/\/www.europesays.com\/fr\/wp-json\/wp\/v2\/posts"}],"about":[{"href":"https:\/\/www.europesays.com\/fr\/wp-json\/wp\/v2\/types\/post"}],"author":[{"embeddable":true,"href":"https:\/\/www.europesays.com\/fr\/wp-json\/wp\/v2\/users\/2"}],"replies":[{"embeddable":true,"href":"https:\/\/www.europesays.com\/fr\/wp-json\/wp\/v2\/comments?post=1167127"}],"version-history":[{"count":0,"href":"https:\/\/www.europesays.com\/fr\/wp-json\/wp\/v2\/posts\/1167127\/revisions"}],"wp:featuredmedia":[{"embeddable":true,"href":"https:\/\/www.europesays.com\/fr\/wp-json\/wp\/v2\/media\/1167128"}],"wp:attachment":[{"href":"https:\/\/www.europesays.com\/fr\/wp-json\/wp\/v2\/media?parent=1167127"}],"wp:term":[{"taxonomy":"category","embeddable":true,"href":"https:\/\/www.europesays.com\/fr\/wp-json\/wp\/v2\/categories?post=1167127"},{"taxonomy":"post_tag","embeddable":true,"href":"https:\/\/www.europesays.com\/fr\/wp-json\/wp\/v2\/tags?post=1167127"}],"curies":[{"name":"wp","href":"https:\/\/api.w.org\/{rel}","templated":true}]}}