{"id":1167129,"date":"2026-09-04T15:32:17","date_gmt":"2026-09-04T15:32:17","guid":{"rendered":"https:\/\/www.europesays.com\/fr\/1167129\/"},"modified":"2026-09-04T15:32:17","modified_gmt":"2026-09-04T15:32:17","slug":"strasbourg-une-constellation-de-talents-investit-la-galerie-de-laubette-avec-tresors-cosmiques","status":"publish","type":"post","link":"https:\/\/www.europesays.com\/fr\/1167129\/","title":{"rendered":"Strasbourg. Une constellation de talents investit la galerie de l\u2019Aubette avec \u201cTr\u00e9sors cosmiques\u201d"},"content":{"rendered":"<p>Elle signe la rentr\u00e9e de la Fr\u00e9maa et pose le premier jalon d\u2019une saison automne-hiver traditionnellement tr\u00e8s charg\u00e9e pour les artisans d\u2019art\u00a0; <a href=\"https:\/\/www.dna.fr\/culture-loisirs\/2025\/11\/06\/pres-de-200-artisans-d-art-exposent-au-salon-resonances\" target=\"_blank\" rel=\"nofollow noopener\">entre le salon R\u00e9sonances<\/a> (qui se tiendra du 6 au 9\u00a0novembre), <a href=\"https:\/\/www.dna.fr\/economie\/2025\/10\/17\/boutique-des-artisans-d-art-a-l-aubette-et-si-elle-s-installait-pour-de-bon\" target=\"_blank\" rel=\"nofollow noopener\">la boutique \u00e9ph\u00e9m\u00e8re de la Fr\u00e9maa \u00e0 l\u2019Aubette<\/a> (du 20\u00a0novembre au 24\u00a0d\u00e9cembre) <a href=\"https:\/\/www.dna.fr\/culture-loisirs\/2025\/12\/13\/une-trentaine-de-createurs-exposent-jusqu-au-22-decembre-a-l-aubette\" target=\"_blank\" rel=\"nofollow noopener\">et OZ<\/a> (du 11 au 22\u00a0d\u00e9cembre). Pour sa cinqui\u00e8me \u00e9dition, l\u2019exposition \u201cTr\u00e9sors\u201d change de lieu et investit \u00e0 son tour la galerie de l\u2019Aubette.<\/p>\n<p>\u00c9b\u00e9niste, graveur, bijoutier, tisserand, doreur, souffleur de verre\u00a0; 25 artisans d\u2019art ont planch\u00e9 sur le th\u00e8me (aussi vaste qu\u2019inspirant) du cosmos. \u00c0 chacun ses supports et ses techniques pour vous emmener aux confins de l\u2019univers\u2026 <a href=\"https:\/\/www.dna.fr\/edition-de-strasbourg\/2018\/06\/16\/l-esprit-gravure\" target=\"_blank\" rel=\"nofollow noopener\">La graveuse M\u00e9lanie Vialaneix<\/a> et la bijouti\u00e8re Charlotte Olivia Picard ont cr\u00e9\u00e9 de d\u00e9licats dioramas m\u00ealant le m\u00e9tal au papier. Eric de Dormael a imagin\u00e9 une sculpture lumineuse \u00e9voquant un maelstr\u00f6m de plan\u00e8tes\u00a0; la cr\u00e9atrice textile Tilko, un Brouillard des mondes inspir\u00e9 des aurores bor\u00e9ales\u00a0; Fr\u00e9d\u00e9rique Stoltz, une Voie lact\u00e9e toute en toile de coton peinte, sequins et broderies \u00e0 l\u2019aiguille\u00a0; quand Cl\u00e9ment Vinot-Battistoni convoque un combat des dieux grav\u00e9 en relief dans sa Cosmogonie babylonienne.<\/p>\n<p>  Les cr\u00e9ations sont d\u00e9clin\u00e9es en miniatures<\/p>\n<p>L\u2019ensemble invite au voyage et \u00e0 la r\u00eaverie et compose une po\u00e9tique \u00ab\u00a0constellation de talents\u00a0\u00bb, comme l\u2019a joliment r\u00e9sum\u00e9 jeudi 3\u00a0septembre lors du vernissage la pr\u00e9sidente de la Fr\u00e9maa, Nathalie Rolland-Huckel. Nouveaut\u00e9 de cette \u00e9dition, toutes les cr\u00e9ations, propos\u00e9es \u00e0 la vente de quelques centaines \u00e0 plusieurs milliers d\u2019euros, sont accompagn\u00e9es de leurs d\u00e9clinaisons miniatures, produites en s\u00e9rie limit\u00e9e. \u00ab\u00a0Cette formule permet au public d\u2019acqu\u00e9rir une \u0153uvre plus accessible (130\u00a0\u20ac au maximum), tout en conservant l\u2019esprit et les techniques de la pi\u00e8ce principale\u00a0\u00bb, pr\u00e9cise la directrice de la Fr\u00e9maa, Ninon de Rienzo.<\/p>\n<p>\u00c0 l\u2019occasion des Journ\u00e9es europ\u00e9ennes du patrimoine, samedi 19\u00a0septembre, des visites guid\u00e9es de l\u2019exposition seront propos\u00e9es \u00e0 10\u00a0h et 11\u00a0h\u00a030, suivies de 14\u00a0h \u00e0 17\u00a0h de d\u00e9monstrations de d\u00e9coration sur c\u00e9ramique.<\/p>\n<p class=\"note\">\u201cTr\u00e9sors cosmiques\u201d, jusqu\u2019au 26\u00a0septembre, du mercredi au samedi de 13\u00a0h \u00e0 19\u00a0h, galerie de l\u2019Aubette, 4 rue de la Haute-Mont\u00e9e \u00e0 Strasbourg. Entr\u00e9e libre.<\/p>\n","protected":false},"excerpt":{"rendered":"Elle signe la rentr\u00e9e de la Fr\u00e9maa et pose le premier jalon d\u2019une saison automne-hiver traditionnellement tr\u00e8s charg\u00e9e&hellip;\n","protected":false},"author":2,"featured_media":1167130,"comment_status":"","ping_status":"","sticky":false,"template":"","format":"standard","meta":{"footnotes":"","_share_on_mastodon":"0"},"categories":[1358],"tags":[1477,1348,1384,1385,1687,1386,58,33,2880,59,2271,107,1011,27,640,2879],"class_list":["post-1167129","post","type-post","status-publish","format-standard","has-post-thumbnail","category-arts-et-design","tag-artisanat","tag-arts","tag-arts-and-design","tag-arts-et-design","tag-culture-loisirs","tag-design","tag-divertissement","tag-economie","tag-edition-strasbourg","tag-entertainment","tag-exposition-arts-plastiques","tag-fil-info","tag-fr","tag-france","tag-strasbourg","tag-strasbourg-ville"],"share_on_mastodon":{"url":"https:\/\/pubeurope.com\/@fr\/117213498315968801","error":""},"_links":{"self":[{"href":"https:\/\/www.europesays.com\/fr\/wp-json\/wp\/v2\/posts\/1167129","targetHints":{"allow":["GET"]}}],"collection":[{"href":"https:\/\/www.europesays.com\/fr\/wp-json\/wp\/v2\/posts"}],"about":[{"href":"https:\/\/www.europesays.com\/fr\/wp-json\/wp\/v2\/types\/post"}],"author":[{"embeddable":true,"href":"https:\/\/www.europesays.com\/fr\/wp-json\/wp\/v2\/users\/2"}],"replies":[{"embeddable":true,"href":"https:\/\/www.europesays.com\/fr\/wp-json\/wp\/v2\/comments?post=1167129"}],"version-history":[{"count":0,"href":"https:\/\/www.europesays.com\/fr\/wp-json\/wp\/v2\/posts\/1167129\/revisions"}],"wp:featuredmedia":[{"embeddable":true,"href":"https:\/\/www.europesays.com\/fr\/wp-json\/wp\/v2\/media\/1167130"}],"wp:attachment":[{"href":"https:\/\/www.europesays.com\/fr\/wp-json\/wp\/v2\/media?parent=1167129"}],"wp:term":[{"taxonomy":"category","embeddable":true,"href":"https:\/\/www.europesays.com\/fr\/wp-json\/wp\/v2\/categories?post=1167129"},{"taxonomy":"post_tag","embeddable":true,"href":"https:\/\/www.europesays.com\/fr\/wp-json\/wp\/v2\/tags?post=1167129"}],"curies":[{"name":"wp","href":"https:\/\/api.w.org\/{rel}","templated":true}]}}