{"id":1167149,"date":"2026-09-04T15:43:16","date_gmt":"2026-09-04T15:43:16","guid":{"rendered":"https:\/\/www.europesays.com\/fr\/1167149\/"},"modified":"2026-09-04T15:43:16","modified_gmt":"2026-09-04T15:43:16","slug":"un-incendie-se-reenclenche-dans-la-haute-vallee-de-laude-la-situation-jugee-defavorable-par-les-soldats-du-feu","status":"publish","type":"post","link":"https:\/\/www.europesays.com\/fr\/1167149\/","title":{"rendered":"Un incendie se r\u00e9enclenche dans la haute vall\u00e9e de l&rsquo;Aude : la situation jug\u00e9e \u00ab\u00a0d\u00e9favorable\u00a0\u00bb par les soldats du feu"},"content":{"rendered":"<p>\n                                                                L\u2019incendie \u00e0 Axat de ce mardi 1er\u00a0septembre est reparti ce vendredi 4\u00a0septembre.\n                            <\/p>\n<p>L\u2019incendie virulent qui avait s\u00e9vi sur la Haute Vall\u00e9e de l\u2019Aude ce mardi 1er septembre a repris ce vendredi 4 septembre.<\/p>\n<p>Vers 16 heures, mardi, une voiture avait pris feu sur la RD 117 entre le rond-point de l\u2019Ours et Lapradelle-Puilaurens.<\/p>\n<p>L\u2019incendie, alors qualifi\u00e9 de \u00ab\u00a0virulent\u00a0\u00bb par les secours, s\u2019\u00e9tait propag\u00e9 \u00e0 la v\u00e9g\u00e9tation en pente ascendante, impactant pin\u00e8de, feuillus et r\u00e9sineux.<\/p>\n<p>Plusieurs reprises sont constat\u00e9es au niveau du col du Camperie sur un terrain extr\u00eamement difficile et les flammes sont pouss\u00e9es par un vent fort dans cette zone.<\/p>\n<p>D\u2019importants moyens terrestres, environ vingt camions-citernes feux de for\u00eat moyens, sont d\u00e9ploy\u00e9s dans la zone alors que l\u2019h\u00e9licopt\u00e8re Morane 11 est aussi sur les lieux. Trois avions Milan arrivent \u00e9galement en renfort.<\/p>\n<p>Une \u00e9paisse fum\u00e9e est visible dans ce secteur, rendant difficile la circulation.<\/p>\n<p>\u00c0 16 h 30, les pompiers sur les lieux qualifient la situation comme \u00e9voluant de mani\u00e8re \u00ab\u00a0d\u00e9favorable\u00a0\u00bb.<\/p>\n<p>La route entre le village de Lapradelle et le rond-point du pont d\u2019Ali\u00e9s est ferm\u00e9e pour l\u2019heure.<\/p>\n<p>Face \u00e0 cette situation, les autorit\u00e9s ont d\u00e9cid\u00e9 de l&rsquo;annulation de l&rsquo;animation Les Foresti\u00e8res.<\/p>\n","protected":false},"excerpt":{"rendered":"L\u2019incendie \u00e0 Axat de ce mardi 1er\u00a0septembre est reparti ce vendredi 4\u00a0septembre. L\u2019incendie virulent qui avait s\u00e9vi sur&hellip;\n","protected":false},"author":2,"featured_media":1167150,"comment_status":"","ping_status":"","sticky":false,"template":"","format":"standard","meta":{"footnotes":"","_share_on_mastodon":"0"},"categories":[4],"tags":[11,4086,436,1011,27,5383,12,115109,25],"class_list":["post-1167149","post","type-post","status-publish","format-standard","has-post-thumbnail","category-france","tag-actualites","tag-aude","tag-environnement","tag-fr","tag-france","tag-incendies","tag-news","tag-quillan","tag-republique-francaise"],"share_on_mastodon":{"url":"https:\/\/pubeurope.com\/@fr\/117213541886659465","error":""},"_links":{"self":[{"href":"https:\/\/www.europesays.com\/fr\/wp-json\/wp\/v2\/posts\/1167149","targetHints":{"allow":["GET"]}}],"collection":[{"href":"https:\/\/www.europesays.com\/fr\/wp-json\/wp\/v2\/posts"}],"about":[{"href":"https:\/\/www.europesays.com\/fr\/wp-json\/wp\/v2\/types\/post"}],"author":[{"embeddable":true,"href":"https:\/\/www.europesays.com\/fr\/wp-json\/wp\/v2\/users\/2"}],"replies":[{"embeddable":true,"href":"https:\/\/www.europesays.com\/fr\/wp-json\/wp\/v2\/comments?post=1167149"}],"version-history":[{"count":0,"href":"https:\/\/www.europesays.com\/fr\/wp-json\/wp\/v2\/posts\/1167149\/revisions"}],"wp:featuredmedia":[{"embeddable":true,"href":"https:\/\/www.europesays.com\/fr\/wp-json\/wp\/v2\/media\/1167150"}],"wp:attachment":[{"href":"https:\/\/www.europesays.com\/fr\/wp-json\/wp\/v2\/media?parent=1167149"}],"wp:term":[{"taxonomy":"category","embeddable":true,"href":"https:\/\/www.europesays.com\/fr\/wp-json\/wp\/v2\/categories?post=1167149"},{"taxonomy":"post_tag","embeddable":true,"href":"https:\/\/www.europesays.com\/fr\/wp-json\/wp\/v2\/tags?post=1167149"}],"curies":[{"name":"wp","href":"https:\/\/api.w.org\/{rel}","templated":true}]}}