{"id":116715,"date":"2025-05-21T11:19:12","date_gmt":"2025-05-21T11:19:12","guid":{"rendered":"https:\/\/www.europesays.com\/fr\/116715\/"},"modified":"2025-05-21T11:19:12","modified_gmt":"2025-05-21T11:19:12","slug":"esteban-ocon-pierre-gasly-franco-colapinto-avant-le-grand-prix-de-monaco-le-monde-de-la-f1-setait-donne-rendez-vous-mardi-soir-sur-le-tapis-rouge-du-festival-de-cannes","status":"publish","type":"post","link":"https:\/\/www.europesays.com\/fr\/116715\/","title":{"rendered":"Esteban Ocon, Pierre Gasly, Franco Colapinto&#8230; avant le Grand Prix de Monaco, le monde de la F1 s&rsquo;\u00e9tait donn\u00e9 rendez-vous mardi soir sur le tapis rouge du Festival de Cannes"},"content":{"rendered":"<p>Ce mardi 20 mai, <strong>le tapis rouge du 78e Festival de Cannes a vibr\u00e9 au rythme de la Formule 1<\/strong>, \u00e0 quelques jours du Grand Prix de Monaco.<\/p>\n<p>Plusieurs figures du paddock ont fait une apparition remarqu\u00e9e lors de <strong>la mont\u00e9e des marches du film Vie Priv\u00e9e de Rebecca Zlotowski<\/strong>, pr\u00e9sent\u00e9 hors comp\u00e9tition, <a href=\"https:\/\/www.nicematin.com\/festival-de-cannes\/scarlett-johansson-jodie-foster-daniel-auteuil-virginie-efira-parterre-de-stars-ce-mardi-pour-la-montee-des-marches-du-film-vie-privee-au-festival-de-cannes-986675\" target=\"_blank\" rel=\"noopener\">en pr\u00e9sence de Jodie Foster, Virginie Efira, ou encore Daniel Auteuil<\/a>.<\/p>\n<p>              <img ci-src=\"https:\/\/www.nicematin.com\/festival-de-cannes\/maxnewsspecialtwo223242-C1kflpth.jpg?vh=bf5583&amp;ci_seal=6138a1e910\" alt=\"\"\/><br \/>\n        Esteban Ocon et Flavy Barla. <strong>Photo S\u00e9bastien Botella.<\/strong> <\/p>\n<p>Parmi les invit\u00e9s, <strong>le Fran\u00e7ais Esteban Ocon<\/strong>, d\u00e9sormais pilote chez Haas, a foul\u00e9 les marches du Palais des Festivals, <strong>au bras de sa compagne Flavy Barla, ancienne Miss C\u00f4te d\u2019Azur<\/strong>\u00a0(et actuellement \u00e9tudiante en m\u00e9decine \u00e0 Nice).<\/p>\n<p>Le couple a attir\u00e9 l\u2019attention, Flavy Barla ayant partag\u00e9 sur Instagram les coulisses de cette soir\u00e9e, <strong>r\u00e9v\u00e9lant m\u00eame que <a href=\"https:\/\/www.instagram.com\/flavy.barla\/?hl=fr\" target=\"_blank\" rel=\"noopener\">son \u00e9l\u00e9gante robe lui avait laiss\u00e9 quelques cicatrices sur les jambes<\/a><\/strong>, preuve des exigences parfois douloureuses de la mode sur la Croisette.<\/p>\n<p>              <img ci-src=\"https:\/\/www.nicematin.com\/festival-de-cannes\/maxmatinarchtwo119852-vYUfxYDt.jpg?vh=247452&amp;ci_seal=807534492f\" alt=\"\"\/><br \/>\n        Esteban Ocon et Flavy Barla. <strong>Photo S\u00e9bastien Botella.<\/strong> <\/p>\n<p>                                Gasly et Colapinto \u00e9galement sur le tapis rouge<\/p>\n<p><strong>Pierre Gasly,<\/strong> pilote fran\u00e7ais de l\u2019\u00e9curie Alpine, \u00e9tait \u00e9galement de la f\u00eate, fid\u00e8le \u00e0 ce rendez-vous glamour qu\u2019il avait d\u00e9j\u00e0 honor\u00e9 l\u2019an dernier.<\/p>\n<p>Il \u00e9tait accompagn\u00e9 du jeune Argentin <strong>Franco Colapinto<\/strong>, qui a r\u00e9cemment rejoint Alpine en remplacement de Jack Doohan, et fait ses d\u00e9buts en F1 lors du Grand Prix d\u2019\u00c9milie-Romagne.<\/p>\n<p>Les deux pilotes, <strong>v\u00eatus de smokings impeccables<\/strong>, ont partag\u00e9 leur enthousiasme sur les r\u00e9seaux sociaux, Colapinto <strong>plaisantant sur la \u00ab\u00a0bataille de paparazzis\u00a0\u00bb pour obtenir une photo de Gasly<\/strong>.<\/p>\n<p>              <img ci-src=\"https:\/\/www.nicematin.com\/festival-de-cannes\/maxnewsspecialtwo223234-NP2PVVQr.jpg?vh=16ca3a&amp;ci_seal=5c2588ffca\" alt=\"\"\/><br \/>\n        Pierre Gasly et Franco Colapinto sur le tapis rouge au 78e Festival de Cannes. <strong>Photo S\u00e9bastien Botella.<\/strong> <\/p>\n<p><script async src=\"\/\/www.instagram.com\/embed.js\"><\/script><\/p>\n","protected":false},"excerpt":{"rendered":"Ce mardi 20 mai, le tapis rouge du 78e Festival de Cannes a vibr\u00e9 au rythme de la&hellip;\n","protected":false},"author":2,"featured_media":116716,"comment_status":"","ping_status":"","sticky":false,"template":"","format":"standard","meta":{"footnotes":""},"categories":[1412],"tags":[1451,5634,1452,1453,1454,1455,1011,27,60],"class_list":{"0":"post-116715","1":"post","2":"type-post","3":"status-publish","4":"format-standard","5":"has-post-thumbnail","7":"category-f1","8":"tag-f1","9":"tag-festival-de-cannes","10":"tag-formula-1","11":"tag-formula1","12":"tag-formule-1","13":"tag-formule1","14":"tag-fr","15":"tag-france","16":"tag-sports"},"share_on_mastodon":{"url":"https:\/\/pubeurope.com\/@fr\/114545555112348803","error":""},"_links":{"self":[{"href":"https:\/\/www.europesays.com\/fr\/wp-json\/wp\/v2\/posts\/116715","targetHints":{"allow":["GET"]}}],"collection":[{"href":"https:\/\/www.europesays.com\/fr\/wp-json\/wp\/v2\/posts"}],"about":[{"href":"https:\/\/www.europesays.com\/fr\/wp-json\/wp\/v2\/types\/post"}],"author":[{"embeddable":true,"href":"https:\/\/www.europesays.com\/fr\/wp-json\/wp\/v2\/users\/2"}],"replies":[{"embeddable":true,"href":"https:\/\/www.europesays.com\/fr\/wp-json\/wp\/v2\/comments?post=116715"}],"version-history":[{"count":0,"href":"https:\/\/www.europesays.com\/fr\/wp-json\/wp\/v2\/posts\/116715\/revisions"}],"wp:featuredmedia":[{"embeddable":true,"href":"https:\/\/www.europesays.com\/fr\/wp-json\/wp\/v2\/media\/116716"}],"wp:attachment":[{"href":"https:\/\/www.europesays.com\/fr\/wp-json\/wp\/v2\/media?parent=116715"}],"wp:term":[{"taxonomy":"category","embeddable":true,"href":"https:\/\/www.europesays.com\/fr\/wp-json\/wp\/v2\/categories?post=116715"},{"taxonomy":"post_tag","embeddable":true,"href":"https:\/\/www.europesays.com\/fr\/wp-json\/wp\/v2\/tags?post=116715"}],"curies":[{"name":"wp","href":"https:\/\/api.w.org\/{rel}","templated":true}]}}