{"id":1167151,"date":"2026-09-04T15:44:25","date_gmt":"2026-09-04T15:44:25","guid":{"rendered":"https:\/\/www.europesays.com\/fr\/1167151\/"},"modified":"2026-09-04T15:44:25","modified_gmt":"2026-09-04T15:44:25","slug":"une-personne-armee-retranchee-un-quartier-pavillonnaire-du-finistere-boucle-par-la-gendarmerie","status":"publish","type":"post","link":"https:\/\/www.europesays.com\/fr\/1167151\/","title":{"rendered":"Une personne arm\u00e9e retranch\u00e9e\u00a0: un quartier pavillonnaire du Finist\u00e8re boucl\u00e9 par la gendarmerie"},"content":{"rendered":"<p class=\"su-standfirst chapeau\">Vendredi 4\u00a0septembre 2026, de nombreux v\u00e9hicules de secours bouclent un quartier de Plourin-les-Morlaix\u00a0(Finist\u00e8re), en d\u00e9but d\u2019apr\u00e8s-midi. Une personne arm\u00e9e est retranch\u00e9e dans une habitation.<\/p>\n<p>                                        <img decoding=\"async\" class=\"su-media\" src=\"https:\/\/media.ouest-france.fr\/v1\/pictures\/MjAyNjA5ZjA2NzgxOTg5MmQzNTAxNTdlMzYzM2QyMzI0OWY3NWI?width=630&amp;height=354&amp;focuspoint=50%2C25&amp;cropresize=1&amp;client_id=bpeditorial&amp;sign=4e744899fbfa7a33c15cb71ab89adff7195bd5a079de5bdaf073b6fcfc8326a8\" alt=\"Le quartier pavillonnaire de Plourin-les-Morlaix, boucl\u00e9 par la gendarmerie.\"  \/><\/p>\n<p>                            Le quartier pavillonnaire de Plourin-les-Morlaix, boucl\u00e9 par la gendarmerie. | OUEST-FRANCE<\/p>\n<p>                            fermer<\/p>\n<ul class=\"su-row su-carrousel-container su-not-list\" data-suswipe=\"{\" rambo=\"\" .carrousel-nav-bas=\"\" .item=\"\">\n<li class=\"su-col-xs-6 su-col-md-24 carrousel-contenu su-carrousel-item\" data-ofvwidth=\"{\" mobileonly=\"\"><img decoding=\"async\" data-ofmaxheight=\"\" class=\"su-media lazyload\" alt=\"Le quartier pavillonnaire de Plourin-les-Morlaix, boucl\u00e9 par la gendarmerie.\" src=\"data:image\/png;base64,iVBORw0KGgoAAAANSUhEUgAAABAAAAAJCAYAAAA7KqwyAAAAGXRFWHRTb2Z0d2FyZQBBZG9iZSBJbWFnZVJlYWR5ccllPAAAABhJREFUeNpi\/P\/\/PwMlgHHUgFEDgAAgwAD+lBrvy+NcxAAAAABJRU5ErkJggg==\" data-oflazyload=\"{&quot;srcset&quot;:&quot;https:\/\/media.ouest-france.fr\/v1\/pictures\/MjAyNjA5ZjA2NzgxOTg5MmQzNTAxNTdlMzYzM2QyMzI0OWY3NWI?width=320&amp;focuspoint=50%2C25&amp;cropresize=1&amp;client_id=bpeditorial&amp;sign=53ab33a37a82879fb296f489de99a9047bc19a672d3fc19f0a1abe388a1dfb7a 320w,https:\/\/media.ouest-france.fr\/v1\/pictures\/MjAyNjA5ZjA2NzgxOTg5MmQzNTAxNTdlMzYzM2QyMzI0OWY3NWI?width=375&amp;focuspoint=50%2C25&amp;cropresize=1&amp;client_id=bpeditorial&amp;sign=f09c4b53664d8a8f3e28388327af8e028cba9c87d7cbd957a8c885eff4269f7b 360w,https:\/\/media.ouest-france.fr\/v1\/pictures\/MjAyNjA5ZjA2NzgxOTg5MmQzNTAxNTdlMzYzM2QyMzI0OWY3NWI?width=480&amp;focuspoint=50%2C25&amp;cropresize=1&amp;client_id=bpeditorial&amp;sign=6bb13ba17ff5fa3513277ead53c3662def563cfb42d828047c9dfde1dc5c36fd 480w,https:\/\/media.ouest-france.fr\/v1\/pictures\/MjAyNjA5ZjA2NzgxOTg5MmQzNTAxNTdlMzYzM2QyMzI0OWY3NWI?width=630&amp;focuspoint=50%2C25&amp;cropresize=1&amp;client_id=bpeditorial&amp;sign=db2d97c94f2cb02de70e42d41869b63ea5cb5f892672c6d68e8e401789dfa7c5 630w,https:\/\/media.ouest-france.fr\/v1\/pictures\/MjAyNjA5ZjA2NzgxOTg5MmQzNTAxNTdlMzYzM2QyMzI0OWY3NWI?width=940&amp;focuspoint=50%2C25&amp;cropresize=1&amp;client_id=bpeditorial&amp;sign=954182c1ab70325176fd22b24ed60cb851e50d899ce35119ad32d5b0a944ef76 940w,https:\/\/media.ouest-france.fr\/v1\/pictures\/MjAyNjA5ZjA2NzgxOTg5MmQzNTAxNTdlMzYzM2QyMzI0OWY3NWI?width=1260&amp;focuspoint=50%2C25&amp;cropresize=1&amp;client_id=bpeditorial&amp;sign=eb476b38550cbd973e5363c3140278602287df96408449a9a85ab5bb1c9dd498 1260w&quot;}\"\/>Le quartier pavillonnaire de Plourin-les-Morlaix, boucl\u00e9 par la gendarmerie. | OUEST-FRANCE<\/li>\n<\/ul>\n<p data-ofstats-scroll=\"read_depth_70\">Une personne arm\u00e9e est retranch\u00e9e dans une habitation de Plourin-les-Morlaix\u00a0(Finist\u00e8re), vendredi 4\u00a0septembre 2026. Des n\u00e9gociations sont en cours, qui vont d\u00e9clencher ou non l\u2019intervention du GIGN (Groupe d\u2019intervention de la Gendarmerie nationale) en d\u00e9but d\u2019apr\u00e8s-midi. Le quartier pavillonnaire est <a href=\"https:\/\/www.ouest-france.fr\/politique\/defense\/gendarmerie\/qui-est-le-commandant-jonathan-guillou-nouveau-patron-de-la-compagnie-de-gendarmerie-de-plourin-les-morlaix-b7914e18-8f5a-11f1-bac6-43ee9437487c\" target=\"_self\" rel=\"nofollow noopener\">boucl\u00e9 par la gendarmerie depuis 14 h<\/a>. Une voisine de la rue Pierre-Grall, avance, depuis son jardin\u00a0: J\u2019ai entendu un coup de feu depuis chez moi.<\/p>\n<\/p>\n<p>        Une personne gri\u00e8vement bless\u00e9e<\/p>\n<p data-ofstats-scroll=\"read_depth_100\">De nombreux v\u00e9hicules et services de secours sont sur les lieux, en d\u00e9but d\u2019apr\u00e8s-midi. Selon nos informations, au moins une personne aurait \u00e9t\u00e9 gri\u00e8vement bless\u00e9e. Le Samu est arriv\u00e9 sur place peu avant 15\u00a0h.<\/p>\n","protected":false},"excerpt":{"rendered":"Vendredi 4\u00a0septembre 2026, de nombreux v\u00e9hicules de secours bouclent un quartier de Plourin-les-Morlaix\u00a0(Finist\u00e8re), en d\u00e9but d\u2019apr\u00e8s-midi. Une personne&hellip;\n","protected":false},"author":2,"featured_media":1167152,"comment_status":"","ping_status":"","sticky":false,"template":"","format":"standard","meta":{"footnotes":"","_share_on_mastodon":"0"},"categories":[2],"tags":[74853,11,3450,829,5934,118,3321,1011,27,3381,6821,2131,12,98816,96],"class_list":["post-1167151","post","type-post","status-publish","format-standard","has-post-thumbnail","category-actualites","tag-actualite-en-continu","tag-actualites","tag-brest","tag-bretagne","tag-carhaix-plouguer","tag-faits-divers","tag-finistere","tag-fr","tag-france","tag-gendarmerie","tag-landivisiau","tag-morlaix","tag-news","tag-plourin-les-morlaix","tag-une"],"share_on_mastodon":{"url":"https:\/\/pubeurope.com\/@fr\/117213547303704899","error":""},"_links":{"self":[{"href":"https:\/\/www.europesays.com\/fr\/wp-json\/wp\/v2\/posts\/1167151","targetHints":{"allow":["GET"]}}],"collection":[{"href":"https:\/\/www.europesays.com\/fr\/wp-json\/wp\/v2\/posts"}],"about":[{"href":"https:\/\/www.europesays.com\/fr\/wp-json\/wp\/v2\/types\/post"}],"author":[{"embeddable":true,"href":"https:\/\/www.europesays.com\/fr\/wp-json\/wp\/v2\/users\/2"}],"replies":[{"embeddable":true,"href":"https:\/\/www.europesays.com\/fr\/wp-json\/wp\/v2\/comments?post=1167151"}],"version-history":[{"count":0,"href":"https:\/\/www.europesays.com\/fr\/wp-json\/wp\/v2\/posts\/1167151\/revisions"}],"wp:featuredmedia":[{"embeddable":true,"href":"https:\/\/www.europesays.com\/fr\/wp-json\/wp\/v2\/media\/1167152"}],"wp:attachment":[{"href":"https:\/\/www.europesays.com\/fr\/wp-json\/wp\/v2\/media?parent=1167151"}],"wp:term":[{"taxonomy":"category","embeddable":true,"href":"https:\/\/www.europesays.com\/fr\/wp-json\/wp\/v2\/categories?post=1167151"},{"taxonomy":"post_tag","embeddable":true,"href":"https:\/\/www.europesays.com\/fr\/wp-json\/wp\/v2\/tags?post=1167151"}],"curies":[{"name":"wp","href":"https:\/\/api.w.org\/{rel}","templated":true}]}}