{"id":1167159,"date":"2026-09-04T15:50:41","date_gmt":"2026-09-04T15:50:41","guid":{"rendered":"https:\/\/www.europesays.com\/fr\/1167159\/"},"modified":"2026-09-04T15:50:41","modified_gmt":"2026-09-04T15:50:41","slug":"feu-dartifice-a-vandoeuvre-les-nancy-14-juillet-2026","status":"publish","type":"post","link":"https:\/\/www.europesays.com\/fr\/1167159\/","title":{"rendered":"Feu d&rsquo;artifice \u00e0 Vand\u0153uvre-l\u00e8s-Nancy \u2014 14 juillet 2026"},"content":{"rendered":"<p class=\"ilx-maj-auto\" style=\"font-size:.9em;color:#3e5a12;margin:0 0 1.1em;\">\ud83d\uddd3\ufe0f <strong>Mis \u00e0 jour le 13 juillet 2026<\/strong><\/p>\n<p><strong style=\"display:block;font-size:17px;margin-bottom:4px;\">\u26a0\ufe0f \u00c0 v\u00e9rifier avant de vous d\u00e9placer<\/strong>Cet \u00e9v\u00e9nement est susceptible d\u2019\u00eatre modifi\u00e9, report\u00e9 ou annul\u00e9 (m\u00e9t\u00e9o, d\u00e9cision communale\u2026). Nous vous invitons \u00e0 <strong>confirmer sa tenue aupr\u00e8s de la commune ou sur son site officiel<\/strong> avant de vous rendre sur place.<\/p>\n<p style=\"margin:0\"><strong>L\u2019essentiel \u2014<\/strong> <strong>Feu d&rsquo;artifice<\/strong> \u00e0 <strong>Vand\u0153uvre-l\u00e8s-Nancy<\/strong> (Meurthe-et-Moselle, Lorraine) le <strong>13 juillet 2026<\/strong>, \u00e0 <strong>22h45<\/strong>. Dans l&rsquo;agglom\u00e9ration nanc\u00e9ienne, Vand\u0153uvre-l\u00e8s-Nancy f\u00eate le 14 juillet d\u00e8s le 13 au soir avec un feu d&rsquo;artifice au Parc Richard Pouille, pr\u00e9c\u00e9d\u00e9 d&rsquo;un bal populaire.<\/p>\n<p>Un feu d\u2019artifice \u00e0 ne pas manquer : <strong>Vand\u0153uvre-l\u00e8s-Nancy<\/strong> c\u00e9l\u00e8bre la F\u00eate nationale le <strong>13 juillet 2026<\/strong> \u2014 Parc Richard Pouille.<\/p>\n<p class=\"ix-toc-title\">Sommaire<\/p>\n<ol>\n<li><a href=\"#au-programme\">Au programme<\/a><\/li>\n<li><a href=\"#infos-pratiques\">Infos pratiques<\/a><\/li>\n<li><a href=\"#y-aller-depuis-le-luxembourg\">Y aller depuis le Luxembourg<\/a><\/li>\n<li><a href=\"#questions-frequentes\">Questions fr\u00e9quentes<\/a><\/li>\n<li><a href=\"#autres-feux-d-artifice-du-14-juillet-pres-de-vandoeuvre-les-nancy\">\ud83c\udf86 Autres feux d\u2019artifice du 14 juillet pr\u00e8s de Vand\u0153uvre-l\u00e8s-Nancy<\/a><\/li>\n<li><a href=\"#ilxResultTitle\">Votre diagnostic<\/a><\/li>\n<\/ol>\n<p>Au programme<\/p>\n<ul>\n<li>Bal populaire d\u00e8s 20h aux Halles du March\u00e9 (groupe \u00ab Sunset 5 \u00bb)<\/li>\n<li>Feu d&rsquo;artifice \u00e0 22h45 au Parc Richard Pouille<\/li>\n<\/ul>\n<p>\ud83d\udccd O\u00f9 \u00e7a se passe<\/p>\n<p class=\"ilx-geo-situ__txt\">Cet \u00e9v\u00e9nement se d\u00e9roule \u00e0 <strong>Vand\u0153uvre-l\u00e8s-Nancy<\/strong>, en Meurthe-et-Moselle, en r\u00e9gion Grand-Est (France).<\/p>\n<p>Infos pratiques<\/p>\n<tr>\n<td><strong>\ud83d\uddd3\ufe0f Quand<\/strong><\/td>\n<td>13 juillet 2026 \u2014 22h45<\/td>\n<\/tr>\n<tr>\n<td><strong>\ud83d\udccd O\u00f9<\/strong><\/td>\n<td>Vand\u0153uvre-l\u00e8s-Nancy, Parc Richard Pouille<\/td>\n<\/tr>\n<tr>\n<td><strong>\ud83c\udf86 Type<\/strong><\/td>\n<td>Feu d&rsquo;artifice<\/td>\n<\/tr>\n<tr>\n<td><strong>\ud83d\udcb6 Tarif<\/strong><\/td>\n<td>Entr\u00e9e libre<\/td>\n<\/tr>\n<tr>\n<td><strong>\ud83c\udfd9\ufe0f Commune<\/strong><\/td>\n<td>Vand\u0153uvre-l\u00e8s-Nancy (Meurthe-et-Moselle, Lorraine)<\/td>\n<\/tr>\n<p>Y aller depuis le Luxembourg<\/p>\n<p>Vand\u0153uvre-l\u00e8s-Nancy se situe dans la zone frontali\u00e8re franco-luxembourgeoise. Comptez l\u2019acc\u00e8s par l\u2019A31 depuis <strong>Thionville<\/strong> et <strong>Luxembourg-ville<\/strong>, ou en TER depuis <strong>Metz<\/strong>. Pensez au covoiturage : les abords sont souvent ferm\u00e9s \u00e0 la circulation en soir\u00e9e.<\/p>\n<p>Questions fr\u00e9quentes<\/p>\n<p>\u00c0 quelle heure a lieu le feu d&rsquo;artifice \u00e0 Vand\u0153uvre-l\u00e8s-Nancy ?<\/p>\n<p>Le feu d&rsquo;artifice est pr\u00e9vu le 13 juillet 2026 \u2014 Parc Richard Pouille, \u00e0 22h45.<\/p>\n<p>Est-ce gratuit ?<\/p>\n<p>Oui, l&rsquo;acc\u00e8s est libre. Certaines soir\u00e9es dansantes annexes peuvent \u00eatre payantes ; v\u00e9rifiez aupr\u00e8s de la commune.<\/p>\n<p>O\u00f9 voir d&rsquo;autres feux d&rsquo;artifice du 14 juillet dans le Grand Est ?<\/p>\n<p>Retrouvez tous les feux d&rsquo;artifice, bals et f\u00eates nationales du Grand Est sur notre agenda du 14 juillet 2026, avec une carte filtrable et une fiche par commune.<\/p>\n<p style=\"font-size:.9rem;color:#4b5563;margin:1rem 0\"><strong>Sources \u2014<\/strong> <a href=\"https:\/\/www.vandoeuvre.fr\/evenement\/fete-nationale\/\" target=\"_blank\" rel=\"noopener nofollow\">Ville de Vand\u0153uvre<\/a> \u00b7 <a href=\"https:\/\/www.jds.fr\/nancy\/\" target=\"_blank\" rel=\"noopener nofollow\">JDS Nancy<\/a>. Dates, horaires et lieux \u00e0 v\u00e9rifier avant de vous d\u00e9placer.<\/p>\n<p>&#13;<br \/>\n  &#13;<br \/>\n&#13;<\/p>\n<p>    &#13;<br \/>\n&#13;<br \/>\n      &#13;<br \/>\n        Vos coordonn\u00e9es&#13;<\/p>\n<p class=\"ilx-step-desc\">Indispensables pour vous envoyer votre diagnostic personnalis\u00e9.<\/p>\n<p>&#13;<br \/>\n&#13;<br \/>\n        &#13;<br \/>\n&#13;<\/p>\n<p>&#13;<br \/>\n          Adresse email *&#13;<br \/>\n          &#13;\n        <\/p>\n<p>&#13;<br \/>\n&#13;<\/p>\n<p>&#13;<br \/>\n          T\u00e9l\u00e9phone *&#13;<br \/>\n          &#13;\n        <\/p>\n<p>&#13;<br \/>\n&#13;<\/p>\n<p>&#13;<br \/>\n          Nom de l&rsquo;entreprise *&#13;<br \/>\n          &#13;\n        <\/p>\n<p>&#13;<br \/>\n&#13;<\/p>\n<p>&#13;<br \/>\n          Adresse de votre site web&#13;<br \/>\n          &#13;\n        <\/p>\n<p>&#13;<br \/>\n&#13;<br \/>\n        &#13;<br \/>\n      &#13;<br \/>\n&#13;<br \/>\n      &#13;<br \/>\n        Vos connaissances en r\u00e9f\u00e9rencement&#13;<\/p>\n<p class=\"ilx-step-desc\">Aucune mauvaise r\u00e9ponse \u2014 soyez honn\u00eate, le diagnostic n&rsquo;en sera que plus juste.<\/p>\n<p>&#13;<br \/>\n&#13;<br \/>\n        &#13;<br \/>\n&#13;<br \/>\n        &#13;<br \/>\n&#13;<br \/>\n        &#13;<br \/>\n&#13;<br \/>\n        &#13;<br \/>\n      &#13;<br \/>\n&#13;<br \/>\n      &#13;<br \/>\n        Votre visibilit\u00e9 actuelle&#13;<\/p>\n<p class=\"ilx-step-desc\">Comment vos prospects vous trouvent (ou non) aujourd&rsquo;hui.<\/p>\n<p>&#13;<br \/>\n&#13;<br \/>\n        &#13;<br \/>\n&#13;<br \/>\n        &#13;<br \/>\n&#13;<br \/>\n        &#13;<br \/>\n&#13;<br \/>\n        &#13;<br \/>\n&#13;<br \/>\n        &#13;<br \/>\n      &#13;<br \/>\n&#13;<br \/>\n      &#13;<br \/>\n        Vos objectifs&#13;<\/p>\n<p class=\"ilx-step-desc\">Pour orienter au mieux nos recommandations.<\/p>\n<p>&#13;<br \/>\n&#13;<br \/>\n        &#13;<br \/>\n&#13;<br \/>\n        &#13;<br \/>\n&#13;<br \/>\n        &#13;<br \/>\n&#13;<\/p>\n<p>&#13;<br \/>\n          Quelque chose d&rsquo;important \u00e0 nous signaler ?&#13;<br \/>\n          &#13;\n        <\/p>\n<p>&#13;<br \/>\n&#13;<\/p>\n<p>&#13;<br \/>\n          &#13;<br \/>\n            &#13;<br \/>\n            J&rsquo;accepte que mes donn\u00e9es soient utilis\u00e9es par Info-lux uniquement pour r\u00e9pondre \u00e0 ma demande, conform\u00e9ment au RGPD. *&#13;<br \/>\n          &#13;\n        <\/p>\n<p>&#13;<br \/>\n      &#13;<br \/>\n&#13;<br \/>\n      &#13;<\/p>\n<p>          Votre diagnostic<\/p>\n<p>            Recevez votre diagnostic personnalis\u00e9<\/p>\n<p>Vincent Gallez (fondateur Info-lux) vous recontacte sous 24 h ouvr\u00e9es avec un audit complet sur devis de votre visibilit\u00e9.<\/p>\n<p>&#13;<br \/>\n              Envoyer mes r\u00e9ponses&#13;\n            <\/p>\n<p>        &#13;<br \/>\n      &#13;<br \/>\n&#13;<\/p>\n<p>&#13;<br \/>\n        \u2190 Pr\u00e9c\u00e9dent&#13;<br \/>\n        Suivant \u2192&#13;\n      <\/p>\n<p>&#13;<br \/>\n&#13;<\/p>\n<p>  &#13;<\/p>\n<p>      Audit complet Info-lux<br \/>\n      Et vous, quel est votre <strong>niveau de visibilit\u00e9<\/strong> sur Google et les IA ?<\/p>\n<p class=\"ilx-quiz-cta__desc\">Faites le test : 12 questions cibl\u00e9es pour \u00e9valuer votre r\u00e9f\u00e9rencement (SEO, GEO, AEO) et recevoir un plan d&rsquo;action personnalis\u00e9 pour votre entreprise en province de Luxembourg ou en Wallonie.<\/p>\n<ul class=\"ilx-quiz-cta__points\">\n<li>Score sur 100<\/li>\n<li>Audit complet sur devis<\/li>\n<li>100 % anonyme<\/li>\n<\/ul>\n<p>\ud83d\uddfa\ufe0f<\/p>\n<p class=\"ilx-pilmap__k\">Le dossier complet<\/p>\n<p class=\"ilx-pilmap__t\">Toutes les activit\u00e9s de l&rsquo;\u00e9t\u00e9 sur une carte<\/p>\n<p class=\"ilx-pilmap__s\">Festivals, concerts, f\u00eates, march\u00e9s, balades, expos\u2026 <strong>Explorez l&rsquo;agenda de tout l&rsquo;\u00e9t\u00e9 2026<\/strong> en Wallonie et au Luxembourg, filtr\u00e9 par th\u00e8me et par p\u00e9riode, sur notre carte interactive.<\/p>\n<p><a class=\"ilx-pilmap__btn\" href=\"https:\/\/www.info-lux.com\/carte-agenda-activites-ete-wallonie-luxembourg-2026\/themes\/tourisme\/\" rel=\"nofollow noopener\" target=\"_blank\">\ud83d\uddfa\ufe0f Voir la carte interactive de l&rsquo;\u00e9t\u00e9<\/a>\ud83d\udcc5<\/p>\n<p class=\"ilx-addev__t\">Vous organisez un \u00e9v\u00e9nement\u00a0?<\/p>\n<p class=\"ilx-addev__s\">Concert, expo, march\u00e9, brocante, f\u00eate, spectacle, conf\u00e9rence\u2026 <strong>Ajoutez-le gratuitement<\/strong> \u00e0 l&rsquo;Agenda d&rsquo;info-lux.com et touchez tout le public de la r\u00e9gion.<\/p>\n<p><a class=\"ilx-addev__btn\" href=\"https:\/\/www.info-lux.com\/encoder-evenement-agenda\/themes\/\" rel=\"nofollow noopener\" target=\"_blank\">\uff0b Ajouter mon \u00e9v\u00e9nement gratuitement<\/a>\t\t<\/p>\n","protected":false},"excerpt":{"rendered":"\ud83d\uddd3\ufe0f Mis \u00e0 jour le 13 juillet 2026 \u26a0\ufe0f \u00c0 v\u00e9rifier avant de vous d\u00e9placerCet \u00e9v\u00e9nement est susceptible&hellip;\n","protected":false},"author":2,"featured_media":1167160,"comment_status":"","ping_status":"","sticky":false,"template":"","format":"standard","meta":{"footnotes":"","_share_on_mastodon":"0"},"categories":[9635],"tags":[10915,1111,11,1777,674,10917,16701,1011,27,775,776,3457,1702,12,25,5711],"class_list":["post-1167159","post","type-post","status-publish","format-standard","has-post-thumbnail","category-nancy","tag-14-juillet","tag-actu","tag-actualites","tag-eu","tag-europe","tag-fete-nationale","tag-feu-dartifice","tag-fr","tag-france","tag-grand-est","tag-lorraine","tag-meurthe-et-moselle","tag-nancy","tag-news","tag-republique-francaise","tag-vandoeuvre-les-nancy"],"share_on_mastodon":{"url":"https:\/\/pubeurope.com\/@fr\/117213569183749924","error":""},"_links":{"self":[{"href":"https:\/\/www.europesays.com\/fr\/wp-json\/wp\/v2\/posts\/1167159","targetHints":{"allow":["GET"]}}],"collection":[{"href":"https:\/\/www.europesays.com\/fr\/wp-json\/wp\/v2\/posts"}],"about":[{"href":"https:\/\/www.europesays.com\/fr\/wp-json\/wp\/v2\/types\/post"}],"author":[{"embeddable":true,"href":"https:\/\/www.europesays.com\/fr\/wp-json\/wp\/v2\/users\/2"}],"replies":[{"embeddable":true,"href":"https:\/\/www.europesays.com\/fr\/wp-json\/wp\/v2\/comments?post=1167159"}],"version-history":[{"count":0,"href":"https:\/\/www.europesays.com\/fr\/wp-json\/wp\/v2\/posts\/1167159\/revisions"}],"wp:featuredmedia":[{"embeddable":true,"href":"https:\/\/www.europesays.com\/fr\/wp-json\/wp\/v2\/media\/1167160"}],"wp:attachment":[{"href":"https:\/\/www.europesays.com\/fr\/wp-json\/wp\/v2\/media?parent=1167159"}],"wp:term":[{"taxonomy":"category","embeddable":true,"href":"https:\/\/www.europesays.com\/fr\/wp-json\/wp\/v2\/categories?post=1167159"},{"taxonomy":"post_tag","embeddable":true,"href":"https:\/\/www.europesays.com\/fr\/wp-json\/wp\/v2\/tags?post=1167159"}],"curies":[{"name":"wp","href":"https:\/\/api.w.org\/{rel}","templated":true}]}}