{"id":1167161,"date":"2026-09-04T15:52:24","date_gmt":"2026-09-04T15:52:24","guid":{"rendered":"https:\/\/www.europesays.com\/fr\/1167161\/"},"modified":"2026-09-04T15:52:24","modified_gmt":"2026-09-04T15:52:24","slug":"jai-prefere-commencer-a-zero-a-40-ans-et-sans-le-bac-elle-est-devenue-historienne-de-toulon","status":"publish","type":"post","link":"https:\/\/www.europesays.com\/fr\/1167161\/","title":{"rendered":"\u00ab J&rsquo;ai pr\u00e9f\u00e9r\u00e9 commencer \u00e0 z\u00e9ro \u00bb : \u00e0 40 ans et sans le bac, elle est devenue historienne de Toulon"},"content":{"rendered":"<p>                    Par<br \/>\n        <strong><br \/>\n            <a href=\"https:\/\/actu.fr\/auteur\/paul-deroo\" title=\"Consulter tous les articles de Paul De Roo\" rel=\"nofollow noopener\" target=\"_blank\">Paul De Roo<\/a><br \/>\n                    <\/strong><\/p>\n<p>        Publi\u00e9 le<\/p>\n<p>            4 sept. 2026 \u00e0 15h56        <\/p>\n<p>N\u00e9e \u00e0 <strong>Toulon<\/strong> dans le <a href=\"https:\/\/actu.fr\/provence-alpes-cote-d-azur\/var_83\" rel=\"nofollow noopener\" target=\"_blank\">Var<\/a>, <strong>\u00c9velyne Maushart<\/strong> y a pass\u00e9 toute sa vie. \u00c0 40\u00a0ans, alors qu\u2019elle travaille et \u00e9l\u00e8ve ses enfants, elle d\u00e9cide pourtant de <strong>reprendre ses \u00e9tudes<\/strong>. Une trentaine d\u2019ann\u00e9es plus tard, l\u2019historienne a publi\u00e9 <strong>25\u00a0livres<\/strong> consacr\u00e9s <strong>\u00e0<\/strong> <strong>Toulon et \u00e0 son histoire.<\/strong><\/p>\n<p class=\" wall-content\">Son parcours aurait pourtant pu prendre une tout autre direction. Enfant, elle \u00ab\u2009d\u00e9testait\u2009\u00bb l\u2019histoire. Plus tard, elle envisage m\u00eame d\u2019\u00e9tudier la <strong>psychologie<\/strong>, mais les contraintes li\u00e9es aux<strong> \u00e9tudes par correspondance<\/strong> la conduisent finalement vers l\u2019Histoire.<\/p>\n<p class=\" wall-content\">\u00ab\u2009Je me suis finalement int\u00e9ress\u00e9e \u00e0 l\u2019Histoire, je lisais<strong> beaucoup de romans<\/strong>, je faisais des tableaux avec les personnalit\u00e9s, les dates, etc. Puis, chez les m\u00eames auteurs, je trouvais des incoh\u00e9rences d\u2019un livre \u00e0 l\u2019autre sur les dates. Je me suis dit\u2009: mais comment \u00e7a se fait\u2009?\u2009\u00bb<\/p>\n<p class=\" wall-content\">\u00c0 40\u00a0ans, elle entre donc \u00e0 l\u2019<strong>universit\u00e9<\/strong>. Sans baccalaur\u00e9at, mais avec un BTS et vingt ann\u00e9es pass\u00e9es au minist\u00e8re de l\u2019Environnement, elle peut s\u2019inscrire gr\u00e2ce \u00e0 la validation des acquis et de l\u2019exp\u00e9rience (VAE). \u00ab\u2009J\u2019aurais pu rentrer en deuxi\u00e8me ann\u00e9e, mais comme <strong>je ne connaissais rien \u00e0 l\u2019histoire<\/strong>, j\u2019ai pr\u00e9f\u00e9r\u00e9 commencer \u00e0 z\u00e9ro.\u2009\u00bb<\/p>\n<p>Une th\u00e8se de 700 pages sur Toulon<\/p>\n<p class=\" wall-content\">L\u2019histoire devient rapidement une <strong>passion<\/strong>. Sa th\u00e8se porte sur <strong>la vie culturelle \u00e0 Toulon<\/strong> entre<strong> le d\u00e9but de la IIIe\u00a0R\u00e9publique et 1914.<\/strong><\/p>\n<p class=\" wall-content\">Quatre ann\u00e9es de recherches et un travail de<strong> 700 pages plus tard<\/strong>, \u00c9velyne Maushart soutient finalement sa th\u00e8se. Elle obtient une mention <strong>tr\u00e8s honorable<\/strong>, mais d\u00e9cide de mettre les recherches de c\u00f4t\u00e9\u2009: \u00ab\u2009Je ne pouvais plus voir les recherches en peinture. Donc j\u2019ai laiss\u00e9 tomber. Puis, au bout d\u2019un an, <strong>\u00e7a m\u2019a manqu\u00e9<\/strong> et c\u2019est comme \u00e7a que l\u2019id\u00e9e m\u2019est venue de<strong> publier un livre<\/strong>.\u2009\u00bb<\/p>\n<p class=\" wall-content\">Elle choisit alors de r<strong>eprendre le travail r\u00e9alis\u00e9 pour sa th\u00e8se<\/strong> et de le rendre accessible sous une autre forme, notamment gr\u00e2ce aux images et aux <strong>cartes postales anciennes.<\/strong><\/p>\n<p class=\" wall-content\">Son premier ouvrage, paru en 2012, est consacr\u00e9 \u00e0 <strong>Toulon sous la IIIe\u00a0R\u00e9publique<\/strong>. Depuis, les publications se sont encha\u00een\u00e9es. Elle revendique aujourd\u2019hui <strong>25\u00a0livres<\/strong> consacr\u00e9s \u00e0 Toulon et \u00e0 son histoire.<\/p>\n<p>Un travail d\u2019archives<\/p>\n<p class=\" wall-content\">Pour mener ses recherches, l\u2019historienne s\u2019appuie avant tout sur les sources \u00e0 sa disposition. Archives municipales, archives d\u00e9partementales et presse ancienne constituent une grande partie de son <strong>travail<\/strong>.<\/p>\n<p class=\" wall-content\">Pour ses ouvrages consacr\u00e9s \u00e0 Toulon pendant la Seconde Guerre mondiale, elle a notamment \u00e9tudi\u00e9 <strong>le Petit Var<\/strong>. \u00ab\u2009Je l\u2019ai \u00e9pluch\u00e9 tous les jours, du 3\u00a0septembre 1939 au 8\u00a0mai 1945. C\u2019\u00e9tait <strong>un travail \u00e9norme<\/strong>, \u00e7a m\u2019a pris six mois.\u2009\u00bb<\/p>\n<p class=\" wall-content\">Son travail lui permet d\u2019ailleurs de remettre en question certaines id\u00e9es re\u00e7ues sur l\u2019histoire de la ville. \u00ab\u2009C\u2019est en travaillant dans les archives, dans les sources, la presse, les archives municipales, les archives d\u00e9partementales, que je me suis rendue compte que moi aussi j\u2019avais<strong> des id\u00e9es erron\u00e9es<\/strong>.\u2009\u00bb<\/p>\n<p>La vieille ville, \u00ab\u2009le c\u0153ur historique de Toulon\u2009\u00bb<\/p>\n<p class=\" wall-content\">Pour \u00c9velyne Maushart, impossible de raconter l\u2019histoire de Toulon sans commencer par sa<strong> vieille ville.<\/strong><\/p>\n<p class=\" wall-content\">Le c\u0153ur historique s\u2019\u00e9tendait autrefois entre <strong>le cours Lafayette et la rue d\u2019Alger.<\/strong> C\u2019est dans ce secteur que se d\u00e9veloppe la premi\u00e8re ville <strong>au 13e si\u00e8cle<\/strong>, m\u00eame si le site \u00e9tait d\u00e9j\u00e0 occup\u00e9 auparavant.<\/p>\n<p class=\" wall-content\">\u00ab\u00a0Quand les Romains sont arriv\u00e9s, il y avait d\u00e9j\u00e0 un port avec une exploitation de p\u00eache, de culture. Il y avait d\u00e9j\u00e0 des gens qui y habitaient. \u00c7a n\u2019a pas \u00e9t\u00e9 cr\u00e9\u00e9 ex nihilo via une population qui vient de l\u2019ext\u00e9rieur, \u00e7a s\u2019est fait petit \u00e0 petit\u00a0\u00bb, pr\u00e9cise-t-elle.<\/p>\n<p class=\" wall-content\">L\u2019installation de l\u2019arsenal <strong>sous Henri IV<\/strong> va ensuite profond\u00e9ment <strong>modifier la ville<\/strong>, avec l\u2019arriv\u00e9e de populations n\u00e9cessaires \u00e0 son fonctionnement et \u00e0 la construction des navires.<\/p>\n<p class=\" wall-content\">Mais l\u2019historienne refuse de r\u00e9duire l\u2019\u00e9volution de Toulon \u00e0 une seule date marquante. \u00ab\u2009Il n\u2019y a pas eu un \u00e9v\u00e9nement particulier qui a transform\u00e9 la ville. \u00c7a s\u2019est fait au jour le jour, en quelque sorte d\u2019ann\u00e9e en ann\u00e9e.\u2009\u00bb<\/p>\n<p>Elle s\u2019int\u00e9resse aussi aux noms des rues<\/p>\n<p class=\" wall-content\">Parmi ses sujets de pr\u00e9dilection figurent <strong>les noms des rues de Toulon.<\/strong> Elle a notamment retrac\u00e9 <strong>les changements de d\u00e9nomination des rues du centre-ville<\/strong>.<\/p>\n<p class=\" wall-content\"><strong>La rue Jean-Jaur\u00e8s<\/strong>, par exemple, a chang\u00e9<strong> 14\u00a0fois de nom au cours de son histoire.<\/strong> \u00c0 l\u2019inverse, <strong>la rue des Savonni\u00e8res<\/strong> n\u2019en a jamais chang\u00e9 \u00ab\u2009parce qu\u2019il y avait les savonni\u00e8res qui \u00e9taient install\u00e9es \u00e0 cet endroit-l\u00e0.\u2009\u00bb<\/p>\n<p class=\" wall-content\">L\u2019historienne s\u2019int\u00e9resse \u00e9galement aux<strong> anciennes fortifications<\/strong> et aux transformations successives de la ville. Pour faire d\u00e9couvrir Toulon \u00e0 quelqu\u2019un qui ne la conna\u00eet pas, \u00c9velyne Maushart conseille de commencer par parcourir <strong>la vieille ville<\/strong>, sur les traces des anciens <strong>remparts et fortifications<\/strong>, avec la cath\u00e9drale et les anciennes rues du centre.<\/p>\n<p>\u00ab\u2009J\u2019aurais aim\u00e9 rencontrer Henri Dutasta\u2009\u00bb<\/p>\n<p class=\" wall-content\">S\u2019il lui \u00e9tait possible de remonter le temps, \u00c9velyne Maushart choisirait de rencontrer une personnalit\u00e9 en particulier\u2009: <strong>Henri Dutasta<\/strong>, maire de Toulon de\u00a0<strong>1878 \u00e0\u00a01888.<\/strong><\/p>\n<p class=\" wall-content\">Elle d\u00e9crit un homme <strong>r\u00e9publicain<\/strong> et au caract\u00e8re particuli\u00e8rement marqu\u00e9, dont elle a \u00e9tudi\u00e9 le parcours pendant ses recherches sur la <strong>IIIe\u00a0R\u00e9publique<\/strong>. \u00ab\u2009C\u2019est un homme avec un <strong>charisme extraordinaire<\/strong>, r\u00e9publicain jusqu\u2019au bout des ongles.\u2009\u00bb<\/p>\n<p class=\" wall-content\">Hasard du calendrier, ce dernier est mort le 14 juillet 1889, le jour m\u00eame o\u00f9 devait \u00eatre inaugur\u00e9<strong> le monument de la F\u00e9d\u00e9ration<\/strong>, sur l\u2019actuelle place de la Libert\u00e9, pour comm\u00e9morer le centenaire de la prise de la Bastille. L\u2019inauguration sera finalement repouss\u00e9e au 14 juillet de l\u2019ann\u00e9e suivante.<\/p>\n<p>Des livres n\u00e9s des demandes des Toulonnais<\/p>\n<p class=\" wall-content\">Aujourd\u2019hui, \u00c9velyne Maushart continue de choisir ses sujets au fil de ses recherches, mais aussi des rencontres avec les habitants.<\/p>\n<p class=\" wall-content\">Un Toulonnais lui demande l\u2019origine du nom de sa rue\u2009? Elle cherche dans ses <strong>archives<\/strong>. Des habitants veulent comprendre l\u2019histoire de leur quartier\u2009? Elle commence \u00e0 travailler sur le sujet.<\/p>\n<p class=\" wall-content\">\u00ab\u2009Au fil du temps, les gens m\u2019ont dit\u2009:\u2009\u00a0\u00bbj\u2019habite telle rue \u00e0 Toulon, \u00e7a veut dire quoi\u2009? D\u2019o\u00f9 vient le nom\u2009?\u00a0\u00bb, donc je regarde ce que j\u2019ai comme <strong>carte postale<\/strong>, et si j\u2019ai de quoi faire un livre l\u00e0-dessus.\u2009\u00bb<\/p>\n<p class=\" wall-content\">Son prochain ouvrage sera consacr\u00e9 \u00e0 <strong>La Valette-du-Var<\/strong>, avec une sortie pr\u00e9vue fin 2026. En 2027, elle pr\u00e9voit ensuite de s\u2019int\u00e9resser aux <strong>cin\u00e9mas de Toulon<\/strong>. Et d\u2019ici l\u00e0, l\u2019auteure toulonnaise continuera d\u2019animer son stand o\u00f9 ses livres sont en vente aux \u00e9ditions Mnemosis, du mardi au dimanche, sur <strong>le march\u00e9 du Cours Lafayette<\/strong>. \u00c0 70 ans, \u00c9velyne Maushart n\u2019entend donc pas ralentir.<\/p>\n<p class=\" wall-content\">Personnalisez votre actualit\u00e9 en ajoutant vos villes et m\u00e9dias en favori avec <a href=\"https:\/\/moncompte.actu.fr\" title=\"D\u00e9couvez Mon Actu\" rel=\"nofollow noopener\" data-trk=\"{&quot;cta&quot;:{&quot;action&quot;:&quot;https:\\\/\\\/moncompte.actu.fr&quot;,&quot;category&quot;:&quot;mon compte&quot;,&quot;from&quot;:&quot;article footer&quot;,&quot;name&quot;:&quot;Mon actu&quot;,&quot;type&quot;:&quot;cta&quot;}}\" target=\"_blank\">Mon Actu<\/a>.<\/p>\n","protected":false},"excerpt":{"rendered":"Par Paul De Roo Publi\u00e9 le 4 sept. 2026 \u00e0 15h56 N\u00e9e \u00e0 Toulon dans le Var, \u00c9velyne&hellip;\n","protected":false},"author":2,"featured_media":1167162,"comment_status":"","ping_status":"","sticky":false,"template":"","format":"standard","meta":{"footnotes":"","_share_on_mastodon":"0"},"categories":[9619],"tags":[1111,11,1777,674,1011,27,937,12,882,25,104,2310],"class_list":["post-1167161","post","type-post","status-publish","format-standard","has-post-thumbnail","category-toulon","tag-actu","tag-actualites","tag-eu","tag-europe","tag-fr","tag-france","tag-histoire","tag-news","tag-provence-alpes-cote-dazur","tag-republique-francaise","tag-societe","tag-toulon"],"share_on_mastodon":{"url":"https:\/\/pubeurope.com\/@fr\/117213577094569282","error":""},"_links":{"self":[{"href":"https:\/\/www.europesays.com\/fr\/wp-json\/wp\/v2\/posts\/1167161","targetHints":{"allow":["GET"]}}],"collection":[{"href":"https:\/\/www.europesays.com\/fr\/wp-json\/wp\/v2\/posts"}],"about":[{"href":"https:\/\/www.europesays.com\/fr\/wp-json\/wp\/v2\/types\/post"}],"author":[{"embeddable":true,"href":"https:\/\/www.europesays.com\/fr\/wp-json\/wp\/v2\/users\/2"}],"replies":[{"embeddable":true,"href":"https:\/\/www.europesays.com\/fr\/wp-json\/wp\/v2\/comments?post=1167161"}],"version-history":[{"count":0,"href":"https:\/\/www.europesays.com\/fr\/wp-json\/wp\/v2\/posts\/1167161\/revisions"}],"wp:featuredmedia":[{"embeddable":true,"href":"https:\/\/www.europesays.com\/fr\/wp-json\/wp\/v2\/media\/1167162"}],"wp:attachment":[{"href":"https:\/\/www.europesays.com\/fr\/wp-json\/wp\/v2\/media?parent=1167161"}],"wp:term":[{"taxonomy":"category","embeddable":true,"href":"https:\/\/www.europesays.com\/fr\/wp-json\/wp\/v2\/categories?post=1167161"},{"taxonomy":"post_tag","embeddable":true,"href":"https:\/\/www.europesays.com\/fr\/wp-json\/wp\/v2\/tags?post=1167161"}],"curies":[{"name":"wp","href":"https:\/\/api.w.org\/{rel}","templated":true}]}}