{"id":1167163,"date":"2026-09-04T15:53:27","date_gmt":"2026-09-04T15:53:27","guid":{"rendered":"https:\/\/www.europesays.com\/fr\/1167163\/"},"modified":"2026-09-04T15:53:27","modified_gmt":"2026-09-04T15:53:27","slug":"toulon-la-pique-envoyee-par-collazo-amuse-fickou-voici-sa-replique","status":"publish","type":"post","link":"https:\/\/www.europesays.com\/fr\/1167163\/","title":{"rendered":"Toulon : la pique envoy\u00e9e par Collazo amuse Fickou, voici sa r\u00e9plique"},"content":{"rendered":"<p>Avec ses 98 s\u00e9lections en \u00e9quipe de France, Ga\u00ebl Fickou incarne d\u00e9sormais le leadership \u00e0 Toulon. Devant la presse, il a insist\u00e9 sur l\u2019importance de bien d\u00e9marrer la saison. Il a \u00e9galement sur la pr\u00e9paration intense men\u00e9e par le groupe. \u00ab On a boss\u00e9 dur, on est concentr\u00e9s sur l\u2019objectif \u00bb, a-t-il affirm\u00e9. Le centre international sait que l\u2019ann\u00e9e sera d\u00e9cisive pour le RCT. Il a rappel\u00e9 que l\u2019int\u00e9gration s\u2019\u00e9tait faite dans de bonnes conditions, mais que la v\u00e9rit\u00e9 se jouera sur le terrain d\u00e8s ce week-end. \u00ab Il faut se r\u00e9compenser sur le terrain \u00bb, a-t-il martel\u00e9.<\/p>\n<p>\u00a0<\/p>\n<p>Il\u00a0 n&rsquo;a pas pu quitter cette s\u00e9ance avec les m\u00e9dias sans r\u00e9pondre \u00e0 son ancien entra\u00eeneur Patrice Collazo. Ce dernier a gliss\u00e9 une remarque \u00e0 l\u2019adresse de Ga\u00ebl Fickou. <a href=\"https:\/\/www.quinzemondial.com\/top-14\/racing-92-collazo-tacle-fickou-apres-son-depart-au-rct-827749\" rel=\"nofollow noopener\" target=\"_blank\">\u00ab Je vois que le changement d\u2019air lui a fait du bien, puisque \u00e7a a d\u00fb r\u00e9gler les probl\u00e8mes d\u2019allergie qu\u2019il avait au quotidien \u00bb<\/a>, a-t-il martel\u00e9. L\u2019occasion pour le joueur de montrer qu\u2019il ne se laisse pas atteindre par ce type de sortie. Plut\u00f4t que d\u2019entrer dans la pol\u00e9mique, Fickou a choisi l\u2019humour et la distance.<\/p>\n<p>\u00a0<\/p>\n<blockquote>\n<p>\u00ab Je ne suis pas int\u00e9ress\u00e9. Il aime bien faire des blagues, mais je le prends pas mal du tout. Il n\u2019y a pas de probl\u00e8me \u00bb, a r\u00e9pondu Ga\u00ebl Fickou.<\/p>\n<\/blockquote>\n<p>\u00a0<\/p>\n<p>En d\u00e9samor\u00e7ant la pique de Collazo, il a montr\u00e9 qu\u2019il pr\u00e9f\u00e8re se focaliser sur le jeu et sur son r\u00f4le de capitaine. Une posture qui illustre sa volont\u00e9 de mener Toulon avec calme et d\u00e9termination loin des pol\u00e9miques.<\/p>\n<p>Partagez cette info avec vos amis et vos proches en cliquant ici<br \/>Pour r\u00e9sumer<\/p>\n<p>Capitaine du RCT, Ga\u00ebl Fickou s\u2019est exprim\u00e9 sur la pr\u00e9paration et ses d\u00e9buts \u00e0 Toulon. Interrog\u00e9 sur la pique lanc\u00e9e par Patrice Collazo, il a r\u00e9pondu avec humour et s\u00e9r\u00e9nit\u00e9, pr\u00e9f\u00e9rant se concentrer sur l\u2019ouverture du championnat.<\/p>\n<p> <img decoding=\"async\" width=\"76\" height=\"76\" loading=\"lazy\" src=\"https:\/\/www.europesays.com\/fr\/wp-content\/uploads\/2025\/04\/avatar-quinze.png\" alt=\"Voldi Fr\u00e9jus\u00a0Hounvio\"\/><\/p>\n","protected":false},"excerpt":{"rendered":"Avec ses 98 s\u00e9lections en \u00e9quipe de France, Ga\u00ebl Fickou incarne d\u00e9sormais le leadership \u00e0 Toulon. Devant la&hellip;\n","protected":false},"author":2,"featured_media":1167164,"comment_status":"","ping_status":"","sticky":false,"template":"","format":"standard","meta":{"footnotes":"","_share_on_mastodon":"0"},"categories":[9619],"tags":[1111,11,1777,674,1011,27,12,882,25,478,2310],"class_list":["post-1167163","post","type-post","status-publish","format-standard","has-post-thumbnail","category-toulon","tag-actu","tag-actualites","tag-eu","tag-europe","tag-fr","tag-france","tag-news","tag-provence-alpes-cote-dazur","tag-republique-francaise","tag-top-14","tag-toulon"],"share_on_mastodon":{"url":"https:\/\/pubeurope.com\/@fr\/117213582591422818","error":""},"_links":{"self":[{"href":"https:\/\/www.europesays.com\/fr\/wp-json\/wp\/v2\/posts\/1167163","targetHints":{"allow":["GET"]}}],"collection":[{"href":"https:\/\/www.europesays.com\/fr\/wp-json\/wp\/v2\/posts"}],"about":[{"href":"https:\/\/www.europesays.com\/fr\/wp-json\/wp\/v2\/types\/post"}],"author":[{"embeddable":true,"href":"https:\/\/www.europesays.com\/fr\/wp-json\/wp\/v2\/users\/2"}],"replies":[{"embeddable":true,"href":"https:\/\/www.europesays.com\/fr\/wp-json\/wp\/v2\/comments?post=1167163"}],"version-history":[{"count":0,"href":"https:\/\/www.europesays.com\/fr\/wp-json\/wp\/v2\/posts\/1167163\/revisions"}],"wp:featuredmedia":[{"embeddable":true,"href":"https:\/\/www.europesays.com\/fr\/wp-json\/wp\/v2\/media\/1167164"}],"wp:attachment":[{"href":"https:\/\/www.europesays.com\/fr\/wp-json\/wp\/v2\/media?parent=1167163"}],"wp:term":[{"taxonomy":"category","embeddable":true,"href":"https:\/\/www.europesays.com\/fr\/wp-json\/wp\/v2\/categories?post=1167163"},{"taxonomy":"post_tag","embeddable":true,"href":"https:\/\/www.europesays.com\/fr\/wp-json\/wp\/v2\/tags?post=1167163"}],"curies":[{"name":"wp","href":"https:\/\/api.w.org\/{rel}","templated":true}]}}