{"id":1167165,"date":"2026-09-04T15:55:22","date_gmt":"2026-09-04T15:55:22","guid":{"rendered":"https:\/\/www.europesays.com\/fr\/1167165\/"},"modified":"2026-09-04T15:55:22","modified_gmt":"2026-09-04T15:55:22","slug":"lorchestre-national-de-montpellier-fait-une-rentree-majestueuse-ce-samedi-trois-concerts-annonces","status":"publish","type":"post","link":"https:\/\/www.europesays.com\/fr\/1167165\/","title":{"rendered":"L&rsquo;Orchestre National de Montpellier fait une rentr\u00e9e majestueuse ce samedi, trois concerts annonc\u00e9s"},"content":{"rendered":"<p>                    Par<br \/>\n        <strong><br \/>\n            <a href=\"https:\/\/actu.fr\/auteur\/g-martin\" title=\"Consulter tous les articles de Gil Martin\" rel=\"nofollow noopener\" target=\"_blank\">Gil Martin<\/a><br \/>\n                    <\/strong><\/p>\n<p>        Publi\u00e9 le<\/p>\n<p>            4 sept. 2026 \u00e0 16h55        <\/p>\n<p>C\u2019est une rentr\u00e9e sur un tempo \u00e9lev\u00e9 que propose <strong>l\u2019Orchestre National de Montpellier<\/strong> pour ce mois de septembre 2026 avec, au programme, pas moins de <strong>trois grands concerts<\/strong> plac\u00e9s sous la direction de jeunes talents : le chef fran\u00e7ais <strong>Felix Benati<\/strong>, la cheffe finlandaise <strong>Eva Ollikainen,<\/strong> directrice artistique de l\u2019Orchestre symphonique d\u2019Islande, et le chef br\u00e9silien <strong>Eduardo Strausser<\/strong>, directeur musical de l\u2019Orchestre symphonique du Norrlandsoperan en Su\u00e8de.<\/p>\n<p>Chefs-d\u2019\u0153uvre classiques et red\u00e9couvertes<\/p>\n<p class=\" wall-content\">Une reprise aussi audacieuse que po\u00e9tique (avec notamment une soir\u00e9e nocturne magique sous les \u00e9toiles du Th\u00e9\u00e2tre de l\u2019Agora) m\u00ealant chefs-d\u2019\u0153uvre classiques et red\u00e9couvertes surprenantes.<\/p>\n<p>Samedi 5 septembre : \u00ab\u00a0Magie d\u2019une nuit d\u2019\u00e9t\u00e9\u00a0\u00bb<\/p>\n<p class=\" wall-content\">Pour sa pr\u00e9-rentr\u00e9e, l\u2019Orchestre s\u2019installe ce <strong>samedi 5 septembre<\/strong> dans le cadre majestueux du <strong>Th\u00e9\u00e2tre de l\u2019Agora<\/strong>, dans les murs de la Cit\u00e9 Internationale de la Danse. Un rendez-vous devenu incontournable pour l\u2019ensemble montpelli\u00e9rain qui propose de revisiter de grands classiques.<br \/>\u2013<strong>Vivaldi<\/strong> : Un Concerto pour deux violoncelles RV 531 totalement inattendu, r\u00e9invent\u00e9 pour le violoncelle de Cyrille Tricoire De Haro et le basson de Rodolphe Bernard. Un dialogue rare et complice entre baroque et virtuosit\u00e9.<br \/><strong>-Mendelssohn<\/strong> : l\u2019Orchestre d\u00e9ploiera ensuite la l\u00e9gende de La Belle M\u00e9lusine de Mendelssohn, suivie de la gr\u00e2ce antique du Menuet de Ravel.<br \/>\u2013<strong>Debussy<\/strong>\u00a0 : l\u2019auteur suspendra le temps avec Nuages (extrait des Nocturnes) et ses nuances gris lumineux.<br \/>\u2013<strong>Mozart<\/strong> : la soir\u00e9e se cl\u00f4turera en fanfares vives et danses alti\u00e8res avec la c\u00e9l\u00e8bre Symphonie \u00ab Haffner \u00bb de Mozart.<\/p>\n<p>    <img   decoding=\"async\" loading=\"lazy\" src=\"https:\/\/www.europesays.com\/fr\/wp-content\/uploads\/2026\/09\/photo-shinjoong-kim-960x640.jpeg\" alt=\"La prodige sud\u2011cor\u00e9enne Sarang Seohyun Kim fera ses d\u00e9buts avec l'orchestre le 218 septembre \u00e0 l'Op\u00e9ra Com\u00e9die \" width=\"960\" height=\"640\"\/><br \/>\n    La prodige sud\u2011cor\u00e9enne Sarang Seohyun Kim fera ses d\u00e9buts avec l\u2019orchestre le 218 septembre \u00e0 l\u2019Op\u00e9ra Com\u00e9die (\u00a9dr)<\/p>\n<p><strong>&gt; <\/strong>Quand ? Samedi 5 septembre \u00e0 21h.\u00a0Tarif : 16\u20ac (Attention, le concert affiche d\u00e9j\u00e0 complet !)\u00a0Dur\u00e9e : Environ 1 heure, sans entracte\u00a0Attention, le concert affiche presque complet.<\/p>\n<p>Vid\u00e9os : en ce moment sur ActuVendredi 11 et samedi 12 : l\u2019Op\u00e9ra Com\u00e9die s\u2019\u00e9veille<\/p>\n<p class=\" wall-content\"><strong>Vendredi 11 septembre<\/strong>, l\u2019orchestre retrouve son \u00e9crin historique (l\u2019Op\u00e9ra Com\u00e9die) pour c\u00e9l\u00e9brer officiellement le d\u00e9but de la saison. Les ma\u00eetres du romantisme et du classicisme (Brahms, Tanaka et Mozart) y c\u00f4toieront des sonorit\u00e9s plus contemporaines.<\/p>\n<p class=\" wall-content\">Lors de ce spectacle, le public pourra d\u00e9couvrir le Su\u00e9dois H\u00e5kan Hardenberger, trompettiste \u00e0 la carri\u00e8re exceptionnelle (plus de 40 ans \u00e0 repousser les limites de son instrument).<\/p>\n<p><strong>&gt; <\/strong>Quand ? Vendredi 11 septembre \u00e0 20h et samedi 12 septembre \u00e0 19h.\u00a0Lieu : Op\u00e9ra Com\u00e9die<\/p>\n<p>    <a href=\"https:\/\/www.google.com\/maps\/embed?pb=!1m18!1m12!1m3!1d2888.927710240622!2d3.8764325611479866!3d43.60804675523042!2m3!1f0!2f0!3f0!3m2!1i1024!2i768!4f13.1!3m3!1m2!1s0x12b6afa704feaaab%3A0x96358f2ec1949b2a!2zT3DDqXJhIENvbcOpZGll!5e0!3m2!1sfr!2sfr!4v1787820156390!5m2!1sfr!2sfr\" title=\"Ouvrie le lien\" rel=\"nofollow noopener\" target=\"_blank\">Cliquez ici pour visualiser le contenu<\/a><\/p>\n<p>Vendredi 18 et samedi 19 : le Concert du Patrimoine<\/p>\n<p class=\" wall-content\">Pour clore ce triptyque de rentr\u00e9e, l\u2019orchestre propose <strong>vendredi 18 et samedi 19 septembre<\/strong> une plong\u00e9e fascinante dans l\u2019histoire de la musique, id\u00e9ale pour c\u00e9l\u00e9brer les Journ\u00e9es du Patrimoine. Le public pourra appr\u00e9cier des \u0153uvres de Shekhar, Mozart et Prokofiev.<\/p>\n<p class=\" wall-content\">\u00c0 la direction de ce concert du patrimoine, on retrouvera le chef br\u00e9silien Eduardo Strausser, directeur musical de l\u2019Orchestre symphonique du Norrlandsoperan en Su\u00e8de. Le public pourra \u00e9galement la violoniste prodige sud\u2011cor\u00e9enne Sarang Seohyun Kim, plus jeune laur\u00e9ate (\u00e0 14 ans) du Concours international Tibor Varga 2023, qui fera ses d\u00e9buts avec l\u2019orchestre en interpr\u00e9tant le Concerto pour violon n\u00b03 de Mozart.\u00a0<\/p>\n<p><strong>&gt; <\/strong>Quand ? Vendredi 18 septembre \u00e0 20h et samedi 19 septembre \u00e0 19h.\u00a0Lieu : Op\u00e9ra Com\u00e9die<\/p>\n<p class=\" wall-content\">Personnalisez votre actualit\u00e9 en ajoutant vos villes et m\u00e9dias en favori avec <a href=\"https:\/\/moncompte.actu.fr\" title=\"D\u00e9couvez Mon Actu\" rel=\"nofollow noopener\" data-trk=\"{&quot;cta&quot;:{&quot;action&quot;:&quot;https:\\\/\\\/moncompte.actu.fr&quot;,&quot;category&quot;:&quot;mon compte&quot;,&quot;from&quot;:&quot;article footer&quot;,&quot;name&quot;:&quot;Mon actu&quot;,&quot;type&quot;:&quot;cta&quot;}}\" target=\"_blank\">Mon Actu<\/a>.<\/p>\n","protected":false},"excerpt":{"rendered":"Par Gil Martin Publi\u00e9 le 4 sept. 2026 \u00e0 16h55 C\u2019est une rentr\u00e9e sur un tempo \u00e9lev\u00e9 que&hellip;\n","protected":false},"author":2,"featured_media":1167166,"comment_status":"","ping_status":"","sticky":false,"template":"","format":"standard","meta":{"footnotes":"","_share_on_mastodon":"0"},"categories":[9599],"tags":[1111,11,1697,1777,674,1011,27,1652,2208,12,2680,25],"class_list":["post-1167165","post","type-post","status-publish","format-standard","has-post-thumbnail","category-montpellier","tag-actu","tag-actualites","tag-concert","tag-eu","tag-europe","tag-fr","tag-france","tag-loisirs-culture","tag-montpellier","tag-news","tag-occitanie","tag-republique-francaise"],"share_on_mastodon":{"url":"","error":""},"_links":{"self":[{"href":"https:\/\/www.europesays.com\/fr\/wp-json\/wp\/v2\/posts\/1167165","targetHints":{"allow":["GET"]}}],"collection":[{"href":"https:\/\/www.europesays.com\/fr\/wp-json\/wp\/v2\/posts"}],"about":[{"href":"https:\/\/www.europesays.com\/fr\/wp-json\/wp\/v2\/types\/post"}],"author":[{"embeddable":true,"href":"https:\/\/www.europesays.com\/fr\/wp-json\/wp\/v2\/users\/2"}],"replies":[{"embeddable":true,"href":"https:\/\/www.europesays.com\/fr\/wp-json\/wp\/v2\/comments?post=1167165"}],"version-history":[{"count":0,"href":"https:\/\/www.europesays.com\/fr\/wp-json\/wp\/v2\/posts\/1167165\/revisions"}],"wp:featuredmedia":[{"embeddable":true,"href":"https:\/\/www.europesays.com\/fr\/wp-json\/wp\/v2\/media\/1167166"}],"wp:attachment":[{"href":"https:\/\/www.europesays.com\/fr\/wp-json\/wp\/v2\/media?parent=1167165"}],"wp:term":[{"taxonomy":"category","embeddable":true,"href":"https:\/\/www.europesays.com\/fr\/wp-json\/wp\/v2\/categories?post=1167165"},{"taxonomy":"post_tag","embeddable":true,"href":"https:\/\/www.europesays.com\/fr\/wp-json\/wp\/v2\/tags?post=1167165"}],"curies":[{"name":"wp","href":"https:\/\/api.w.org\/{rel}","templated":true}]}}