{"id":1167179,"date":"2026-09-04T16:06:32","date_gmt":"2026-09-04T16:06:32","guid":{"rendered":"https:\/\/www.europesays.com\/fr\/1167179\/"},"modified":"2026-09-04T16:06:32","modified_gmt":"2026-09-04T16:06:32","slug":"alsace-terrasse-du-parlement-fetes-de-villages-dix-sorties-gratuites-ce-week-end-dans-la-region","status":"publish","type":"post","link":"https:\/\/www.europesays.com\/fr\/1167179\/","title":{"rendered":"Alsace. Terrasse du Parlement, f\u00eates de villages\u2026 Dix sorties gratuites ce week-end dans la r\u00e9gion"},"content":{"rendered":"<p>Ce contenu est bloqu\u00e9 car vous n&rsquo;avez pas accept\u00e9 les cookies et autres traceurs.<\/p>\n<p>En cliquant sur \u00ab J\u2019accepte \u00bb, les cookies et autres traceurs seront d\u00e9pos\u00e9s et vous pourrez visualiser les contenus Flourish (<a href=\"\" class=\"consentModule_policy\" target=\"_blank\" title=\"Consulter la politique de protection des donn\u00e9es du fournisseur\">plus d&rsquo;informations<\/a>).<\/p>\n<p>En cliquant sur \u00ab J\u2019accepte tous les cookies \u00bb, vous autorisez des d\u00e9p\u00f4ts de cookies et autres traceurs pour le stockage de vos donn\u00e9es sur nos sites et applications \u00e0 des fins de personnalisation et de ciblage publicitaire.<\/p>\n<p class=\"consentModule_secondaryText\">&#13;<br \/>\n                Vous gardez la possibilit\u00e9 de retirer votre consentement \u00e0 tout moment en consultant notre <a href=\"https:\/\/www.dna.fr\/protection-des-donnees\" target=\"_blank\" title=\"Consulter notre politique de protection des donn\u00e9es\" rel=\"nofollow noopener\">politique de protection des donn\u00e9es<\/a>. <br \/>&#13;<br \/>\n                <a href=\"https:\/\/www.dna.fr\/culture-loisirs\/2026\/09\/04\/javascript:Didomi.notice.show()\" class=\"consentModule_cmp\" rel=\"nofollow noopener\" target=\"_blank\">G\u00e9rer mes choix<\/a>&#13;\n            <\/p>\n<p>&#13;<br \/>\n                                J&rsquo;accepte&#13;<br \/>\n                J&rsquo;accepte tous les cookies&#13;\n            <\/p>\n<p>  \u00ab\u00a0Park\u2019n\u2019Sound\u00a0\u00bb, un open air en plein coeur du parc de l&rsquo;Orangerie \u00e0 Strasbourg<\/p>\n<p>Park\u2019n\u2019Sound revient au parc de l&rsquo;Orangerie, ce samedi 5 septembre\u00a0avec un\u00a0open air gratuit m\u00ealant musique \u00e9lectronique, sport et jeux au c\u0153ur du parc.<\/p>\n<p>        &#13;<br \/>\n    &#13;<br \/>\n    &#13;<br \/>\n    <a href=\"https:\/\/cdn-s-www.dna.fr\/images\/159f9c81-5d7b-4433-b024-d0fc7f0f0aaa\/NW_raw\/l-open-air-est-ouvert-aux-familles-et-aux-enfants-photo-d-illustration-michel-koebel-1787376651.jpg\" title=\"L&#039;open air est ouvert aux familles et aux enfants. Photo d&#039;illustration Michel Koebel\" class=\"chocolat-image GA-tracking\" data-ga_type=\"click\" data-ga_category=\"D\u00e9tail\" data-ga_action=\"zoomer\" data-ga_label=\"aggrandir image\" rel=\"nofollow noopener\" target=\"_blank\">&#13;<br \/>\n        <img src=\"https:\/\/www.europesays.com\/fr\/wp-content\/uploads\/2026\/09\/l-open-air-est-ouvert-aux-familles-et-aux-enfants-photo-d-illustration-michel-koebel-1787376651.jpg\"   alt=\"L'open air est ouvert aux familles et aux enfants. Photo d'illustration Michel Koebel\" fetchpriority=\"high\" decoding=\"async\" data-mobile=\"NW_listA_M|1787376651\" data-base=\"NW_listA|1787376651\"\/>&#13;<br \/>\n    <\/a>&#13;<\/p>\n<p>L&rsquo;open air est ouvert aux familles et aux enfants. Photo d&rsquo;illustration Michel Koebel<\/p>\n<p>Au programme notamment : basket, badminton, mini-golf, tir \u00e0 l\u2019arc, M\u00f6lkky, football, rugby, tennis de table et Spikeball.<\/p>\n<p>L&rsquo;\u00e9v\u00e9nement est ouvert aux familles et aux enfants, une protection auditive est recommand\u00e9e pour les plus jeunes.\u00a0<\/p>\n<p>Une buvette et un espace de restauration sont pr\u00e9vus sur place. La liste des DJ a \u00e9t\u00e9 annonc\u00e9e \u00a0:\u00a0Tibesh &amp; Manny, Kimo, Chateauneuf, Alex Nevil, Dimitri Rossi<\/p>\n<p class=\"note\">Entr\u00e9e gratuite. Samedi 5 septembre, de 15 h \u00e0 22 h. Parc de l&rsquo;Orangerie \u00e0 Strasbourg.<\/p>\n<p>  \u00ab\u00a0Terrasse panoramique du <a href=\"https:\/\/www.dna.fr\/p\/parlement-europeen\" target=\"_blank\" rel=\"nofollow noopener\">Parlement europ\u00e9en<\/a>\u00a0\u00bb, une vue imprenable sur Strasbourg<\/p>\n<p>Le Parlement europ\u00e9en ouvre \u00e0 nouveau sa terrasse panoramique au public samedi 5 septembre de 9 h 30 \u00e0 12 h et de 13 h \u00e0 17 h.<\/p>\n<p>        &#13;<br \/>\n    &#13;<br \/>\n    &#13;<br \/>\n    <a href=\"https:\/\/cdn-s-www.dna.fr\/images\/45a9ff79-b557-44e5-ab06-6a8d5f5a533c\/NW_raw\/vue-sur-la-ville-de-strasbourg-et-sa-cathedrale-depuis-la-terrasse-du-13e-etage-lors-d-une-visite-du-public-du-batiment-du-parlement-europeen-a-strasbourg-le-17-aout-2026-photo-jean-marc-loos-1788430694.jpg\" title=\"Vue sur la ville de Strasbourg et sa cath\u00e9drale depuis la terrasse du 13e \u00e9tage lors d&#039;une visite du public du b\u00e2timent du Parlement europ\u00e9en \u00e0 Strasbourg le 17 ao\u00fbt 2026. Photo Jean-Marc Loos\" class=\"chocolat-image GA-tracking\" data-ga_type=\"click\" data-ga_category=\"D\u00e9tail\" data-ga_action=\"zoomer\" data-ga_label=\"aggrandir image\" rel=\"nofollow noopener\" target=\"_blank\">&#13;<br \/>\n        <img src=\"https:\/\/www.europesays.com\/fr\/wp-content\/uploads\/2026\/09\/vue-sur-la-ville-de-strasbourg-et-sa-cathedrale-depuis-la-terrasse-du-13e-etage-lors-d-une-visite-du.jpeg\"   alt=\"Vue sur la ville de Strasbourg et sa cath\u00e9drale depuis la terrasse du 13e \u00e9tage lors d'une visite du public du b\u00e2timent du Parlement europ\u00e9en \u00e0 Strasbourg le 17 ao\u00fbt 2026. Photo Jean-Marc Loos\" fetchpriority=\"high\" decoding=\"async\" data-mobile=\"NW_listA_M|1788430694\" data-base=\"NW_listA|1788430694\"\/>&#13;<br \/>\n    <\/a>&#13;<\/p>\n<p>Vue sur la ville de Strasbourg et sa cath\u00e9drale depuis la terrasse du 13e \u00e9tage lors d&rsquo;une visite du public du b\u00e2timent du Parlement europ\u00e9en \u00e0 Strasbourg le 17 ao\u00fbt 2026. Photo Jean-Marc Loos<\/p>\n<p>Situ\u00e9e au sommet du b\u00e2timent Louise-Weiss, <a href=\"https:\/\/www.strasbourg.eu\/evenement\/-\/entity\/id\/578916085\/ouverture-de-la-terrasse-panoramique-du-parlement-europeen\" target=\"_blank\" rel=\"nofollow noopener\">elle offre une vue \u00e0 360 degr\u00e9s<\/a> sur le quartier europ\u00e9en, Strasbourg et ses alentours. La\u00a0terrasse fermera ses portes pour le reste de l&rsquo;ann\u00e9e le\u00a0samedi 19 septembre.<\/p>\n<p class=\"note\">L\u2019acc\u00e8s est gratuit, sous r\u00e9serve des conditions m\u00e9t\u00e9orologiques et de l\u2019affluence. Samedi 5 septembre de 9 h 30 \u00e0 12 h et de 13 h \u00e0 17 h. All\u00e9e du Printemps, Parlement europ\u00e9en \u00e0 Strasbourg.\u00a0<\/p>\n<p>  Exposition \u00ab\u00a0De la terre \u00e0 la lumi\u00e8re\u00a0\u00bb : 170 objets arch\u00e9ologiques d\u00e9couverts en Alsace \u00e0 la Biblioth\u00e8que humaniste de S\u00e9lestat<\/p>\n<p>La bilioth\u00e8que de S\u00e9lestat accueille une exposition temporaire issue des recherches arch\u00e9ologiques men\u00e9es en Alsace depuis le d\u00e9but du XXIe si\u00e8cle.<\/p>\n<p>        &#13;<br \/>\n    &#13;<br \/>\n    &#13;<br \/>\n    <a href=\"https:\/\/cdn-s-www.dna.fr\/images\/7c45f386-6a24-43bb-b017-941eedda2369\/NW_raw\/dans-la-thematique-consacree-aux-armes-trois-epees-et-deux-scramasaxes-sont-notamment-exposes-photo-florent-estivals-1788510439.jpg\" title=\"Dans la th\u00e9matique consacr\u00e9e aux armes, trois \u00e9p\u00e9es et deux scramasaxes sont notamment expos\u00e9s. Photo Florent Estivals\" class=\"chocolat-image GA-tracking\" data-ga_type=\"click\" data-ga_category=\"D\u00e9tail\" data-ga_action=\"zoomer\" data-ga_label=\"aggrandir image\" rel=\"nofollow noopener\" target=\"_blank\">&#13;<br \/>\n        <img src=\"https:\/\/www.europesays.com\/fr\/wp-content\/uploads\/2026\/09\/dans-la-thematique-consacree-aux-armes-trois-epees-et-deux-scramasaxes-sont-notamment-exposes-photo-.jpeg\"   alt=\"Dans la th\u00e9matique consacr\u00e9e aux armes, trois \u00e9p\u00e9es et deux scramasaxes sont notamment expos\u00e9s. Photo Florent Estivals\" fetchpriority=\"high\" decoding=\"async\" data-mobile=\"NW_listA_M|1788510439\" data-base=\"NW_listA|1788510439\"\/>&#13;<br \/>\n    <\/a>&#13;<\/p>\n<p>Dans la th\u00e9matique consacr\u00e9e aux armes, trois \u00e9p\u00e9es et deux scramasaxes sont notamment expos\u00e9s. Photo Florent Estivals<\/p>\n<p>D\u00e9fense de mammouth, casque de soldat allemand, un panneau \u00ab\u00a0chantier interdit\u00a0\u00bb en lien avec les travaux de l&rsquo;A35 \u00e0 Strasbourg : vous pourrez d\u00e9couvrir <a href=\"https:\/\/www.dna.fr\/culture-loisirs\/2026\/09\/02\/exposition-de-la-terre-a-la-lumiere-170-objets-archeologiques-a-decouvrir-a-la-bibliotheque-humaniste\" target=\"_blank\" rel=\"nofollow noopener\">plus de 170 objets d&rsquo;exception<\/a> dat\u00e9s de la Pr\u00e9histoire aux ann\u00e9es 1960.\u00a0<\/p>\n<p class=\"note\">Entr\u00e9e gratuite. Samedi 5 et dimanche 6 septembre de 10 h \u00e0 12 h30 et de 13 h 30 \u00e0 18h. Biblioth\u00e8que humaniste, 1 place du Docteur Maurice Kubler \u00e0 S\u00e9lestat. Pour acc\u00e9der enti\u00e8rement aux collections du site : l&rsquo;entr\u00e9e est gratuite pour les moins de 25 ans et les \u00e9tudiants. Adulte : 7,50\u20ac et tarif r\u00e9duit : 5 \u20ac.<\/p>\n<p>  \u00ab\u00a0Willkumma im Dorf\u00a0\u00bb, la f\u00eate au village, Mulhouse<\/p>\n<p>Inscrite dans la Ronde des f\u00eates, la manifestation Willkumma im Dorf, ou \u00ab Bienvenue au village \u00bb, s\u2019installe \u00e0 nouveau <a href=\"https:\/\/www.dna.fr\/culture-loisirs\/2026\/09\/02\/willkumma-im-dorf-gruss-vom-elsass-version-cite-du-bollwerk\" target=\"_blank\" rel=\"nofollow noopener\">dans les rues de Mulhouse<\/a> pour sa 6e \u00e9dition, concentr\u00e9e cette ann\u00e9e sur une seule journ\u00e9e ce samedi 5 septembre de 10 h \u00e0 22 h.<\/p>\n<p>        &#13;<br \/>\n    &#13;<br \/>\n    &#13;<br \/>\n    <a href=\"https:\/\/cdn-s-www.dna.fr\/images\/e330c019-b1bc-4b6b-bbbb-15c98ef0cc5a\/NW_raw\/des-personnes-habillees-en-tenues-traditionnelles-alsaciennes-dansent-sur-la-place-de-la-reunion-lors-de-l-edition-2024-de-la-fete-quot-bienvenue-au-village-photo-romeo-boetzle-1788453632.jpg\" title=\"Des personnes habill\u00e9es en tenues traditionnelles alsaciennes dansent sur la place de la R\u00e9union lors de l&#039;\u00e9dition 2024 de la f\u00eate &quot;Bienvenue au Village. Photo Rom\u00e9o Boetzl\u00e9\" class=\"chocolat-image GA-tracking\" data-ga_type=\"click\" data-ga_category=\"D\u00e9tail\" data-ga_action=\"zoomer\" data-ga_label=\"aggrandir image\" rel=\"nofollow noopener\" target=\"_blank\">&#13;<br \/>\n        <img src=\"https:\/\/www.europesays.com\/fr\/wp-content\/uploads\/2026\/09\/des-personnes-habillees-en-tenues-traditionnelles-alsaciennes-dansent-sur-la-place-de-la-reunion-lor.jpeg\"   alt=\"Des personnes habill\u00e9es en tenues traditionnelles alsaciennes dansent sur la place de la R\u00e9union lors de l'\u00e9dition 2024 de la f\u00eate &quot;Bienvenue au Village. Photo Rom\u00e9o Boetzl\u00e9\" fetchpriority=\"high\" decoding=\"async\" data-mobile=\"NW_listA_M|1788453632\" data-base=\"NW_listA|1788453632\"\/>&#13;<br \/>\n    <\/a>&#13;<\/p>\n<p>Des personnes habill\u00e9es en tenues traditionnelles alsaciennes dansent sur la place de la R\u00e9union lors de l&rsquo;\u00e9dition 2024 de la f\u00eate \u00ab\u00a0Bienvenue au Village. Photo Rom\u00e9o Boetzl\u00e9<\/p>\n<p>Les festivit\u00e9s <a href=\"https:\/\/www.dna.fr\/culture-loisirs\/2026\/09\/02\/willkumma-im-dorf-gruss-vom-elsass-version-cite-du-bollwerk\" target=\"_blank\" rel=\"nofollow noopener\">d\u00e9buteront avec les animations<\/a> du groupe folklorique Holatrio Hop\u2019sasa, entre danses et d\u00e9fil\u00e9, ainsi qu\u2019un march\u00e9 artisanal.<\/p>\n<p>Une visite guid\u00e9e en alsacien permettra \u00e9galement de d\u00e9couvrir le patrimoine local, avec un d\u00e9part pr\u00e9vu \u00e0 14 h depuis la Maison du patrimoine.<\/p>\n<p>\u00c0 partir de 19 h 30, place au banquet alsacien, suivi d\u2019une soir\u00e9e dansante avec Mario Caputi.<\/p>\n<p class=\"note\">Entr\u00e9e gratuite. Samedi 5 septembre de 10 h \u00e0 22 h 30. Place de la R\u00e9union \u00e0 Mulhouse.<\/p>\n<p>  \u00ab\u00a0Festival Bugatti\u00a0\u00bb, l&rsquo;occasion de voir de belles voitures de collection, Molsheim<\/p>\n<p>Les passionn\u00e9s d\u2019automobiles anciennes et de prestige ont rendez-vous <a href=\"https:\/\/www.dna.fr\/culture-loisirs\/2026\/08\/29\/des-vehicules-d-exception-seront-presentes-au-festival-bugatti-qui-demarre-jeudi-3-septembre\" target=\"_blank\" rel=\"nofollow noopener\">\u00e0 Molsheim pour le Festival Bugatti.<\/a> Cette 43e \u00e9dition\u00a0d\u00e9bute ce jeudi 3 septembre et sera visible tout le week-end.<\/p>\n<p>        &#13;<br \/>\n    &#13;<br \/>\n    &#13;<br \/>\n    <a href=\"https:\/\/cdn-s-www.dna.fr\/images\/c46e4c9e-6b46-4793-bea3-05ae0d584fd4\/NW_raw\/le-celebre-elephant-qui-orne-le-bouchon-de-radiateur-de-la-bugatti-royale-type-41-avec-une-type-40-de-1926-a-molsheim-lors-du-preambule-au-festival-bugatti-2026-journee-des-partenaires-le-30-08-2026-1788426762.jpg\" title=\"Le c\u00e9l\u00e8bre \u00e9l\u00e9phant qui orne le bouchon de radiateur de la Bugatti Royale Type 41 avec une type 40 de 1926 \u00e0 Molsheim lors du Pr\u00e9ambule au Festival Bugatti 2026 - journ\u00e9e des partenaires - le 30.08.2026\" class=\"chocolat-image GA-tracking\" data-ga_type=\"click\" data-ga_category=\"D\u00e9tail\" data-ga_action=\"zoomer\" data-ga_label=\"aggrandir image\" rel=\"nofollow noopener\" target=\"_blank\">&#13;<br \/>\n        <img src=\"https:\/\/www.europesays.com\/fr\/wp-content\/uploads\/2026\/09\/le-celebre-elephant-qui-orne-le-bouchon-de-radiateur-de-la-bugatti-royale-type-41-avec-une-type-40-d.jpeg\"   alt=\"Le c\u00e9l\u00e8bre \u00e9l\u00e9phant qui orne le bouchon de radiateur de la Bugatti Royale Type 41 avec une type 40 de 1926 \u00e0 Molsheim lors du Pr\u00e9ambule au Festival Bugatti 2026 - journ\u00e9e des partenaires - le 30.08.2026\" fetchpriority=\"high\" decoding=\"async\" data-mobile=\"NW_listA_M|1788426762\" data-base=\"NW_listA|1788426762\"\/>&#13;<br \/>\n    <\/a>&#13;<\/p>\n<p>Le c\u00e9l\u00e8bre \u00e9l\u00e9phant qui orne le bouchon de radiateur de la Bugatti Royale Type 41 avec une type 40 de 1926 \u00e0 Molsheim lors du Pr\u00e9ambule au Festival Bugatti 2026 &#8211; journ\u00e9e des partenaires &#8211; le 30.08.2026<\/p>\n<p>Au programme,\u00a0vous pourrez admirer des mod\u00e8les d\u2019exception lors de rassemblements, expositions, d\u00e9fil\u00e9s et circuits touristiques.<\/p>\n<p>Un rendez-vous qui c\u00e9l\u00e8bre l\u2019h\u00e9ritage d\u2019Ettore Bugatti et le savoir-faire de la c\u00e9l\u00e8bre marque alsacienne. Cette ann\u00e9e,\u00a0<a href=\"https:\/\/www.dna.fr\/culture-loisirs\/2026\/06\/24\/la-royale-tronera-au-festival-bugatti\" target=\"_blank\" rel=\"nofollow noopener\">la mythique Type 41 Royale sera mise \u00e0 l&rsquo;honneur.<\/a><\/p>\n<p>Entr\u00e9e gratuite. Samedi 5 septembre, de 11 h \u00e0 17 h, et dimanche 6 septembre, de 9 h \u00e0 16 h 30. Ch\u00e2teau de Thanvill\u00e9 et parc des J\u00e9suites \u00e0 Molsheim.<\/p>\n<p>  \u00ab\u00a0Col\u2019Attitude\u00a0\u00bb, partez \u00e0 l&rsquo;assaut du Hartmannswillerkopf, Uffholtz<\/p>\n<p>Le Hartmannswillerkopf passe en mode v\u00e9lo <strong>c<\/strong>e samedi 5 septembre avec Col\u2019Attitude, de 8 h \u00e0 12 h.<\/p>\n<p>        &#13;<br \/>\n    &#13;<br \/>\n    &#13;<br \/>\n    <a href=\"https:\/\/cdn-s-www.dna.fr\/images\/7b9672fa-a1a3-4629-8091-19ef00605f30\/NW_raw\/la-col-attitude-du-hag-a-eu-lieu-ce-dimanche-9-aout-photo-eddie-rabeyrin-1786295989.jpg\" title=\"La Col&#039;Attitude du Hag a eu lieu ce dimanche 9 ao\u00fbt. Photo\u00a0Eddie\u00a0Rabeyrin.\" class=\"chocolat-image GA-tracking\" data-ga_type=\"click\" data-ga_category=\"D\u00e9tail\" data-ga_action=\"zoomer\" data-ga_label=\"aggrandir image\" rel=\"nofollow noopener\" target=\"_blank\">&#13;<br \/>\n        <img src=\"https:\/\/www.europesays.com\/fr\/wp-content\/uploads\/2026\/09\/la-col-attitude-du-hag-a-eu-lieu-ce-dimanche-9-aout-photo-eddie-rabeyrin-1786295989.jpg\"   alt=\"La Col'Attitude du Hag a eu lieu ce dimanche 9 ao\u00fbt. Photo\u00a0Eddie\u00a0Rabeyrin.\" fetchpriority=\"high\" decoding=\"async\" data-mobile=\"NW_listA_M|1786295989\" data-base=\"NW_listA|1786295989\"\/>&#13;<br \/>\n    <\/a>&#13;<\/p>\n<p>La Col&rsquo;Attitude du Hag a eu lieu ce dimanche 9 ao\u00fbt. Photo\u00a0Eddie\u00a0Rabeyrin.<\/p>\n<p>Au d\u00e9part d\u2019Uffholtz, les cyclistes pourront gravir les 10,4 km et les 593 m de d\u00e9nivel\u00e9 jusqu\u2019au col du Silberloch sur une route exceptionnellement ferm\u00e9e \u00e0 la circulation motoris\u00e9e.<\/p>\n<p>Une ascension accessible \u00e0 tous, \u00e0 parcourir \u00e0 son rythme, avec animations et musique \u00e0 l\u2019arriv\u00e9e. La route est ferm\u00e9e aux voitures de 7 h \u00e0 13 h.\u00a0<\/p>\n<p class=\"note\">\u00a0Participation \u00e0 la mont\u00e9e gratuite, samedi 5 septembre \u00e0 8 h \u00e0 Uffholtz.\u00a0<\/p>\n<p>  \u00ab\u00a0Course de caisses \u00e0 savon et f\u00eate au village\u00a0\u00bb, Hartmannswiller<\/p>\n<p>\u00c0 Hartmannswiller, <a href=\"https:\/\/www.hartmannswiller.fr\/course-de-caisse-a-savon\/\" target=\"_blank\" rel=\"nofollow noopener\">la f\u00eate du village revient les samedi 5 et dimanche 6 septembre,<\/a> avec, en point d\u2019orgue, la traditionnelle course de caisses \u00e0 savon.<\/p>\n<p>        &#13;<br \/>\n    &#13;<br \/>\n    &#13;<br \/>\n    <a href=\"https:\/\/cdn-s-www.dna.fr\/images\/041393db-fcad-4abf-a959-34306f36b373\/NW_raw\/les-pilotes-experimentes-se-battent-chaque-annee-pour-la-gagne-lors-de-trois-manches-de-course-ici-lors-de-l-edition-2023-photo-bernard-biehler-1566751614.jpg\" title=\"Les pilotes exp\u00e9riment\u00e9s se battent chaque ann\u00e9e pour la gagne lors de trois manches de course. Ici lors de l&#039;\u00e9dition 2023. Photo Bernard Biehler\" class=\"chocolat-image GA-tracking\" data-ga_type=\"click\" data-ga_category=\"D\u00e9tail\" data-ga_action=\"zoomer\" data-ga_label=\"aggrandir image\" rel=\"nofollow noopener\" target=\"_blank\">&#13;<br \/>\n        <img src=\"https:\/\/www.europesays.com\/fr\/wp-content\/uploads\/2026\/09\/les-pilotes-experimentes-se-battent-chaque-annee-pour-la-gagne-lors-de-trois-manches-de-course-ici-l.jpeg\"   alt=\"Les pilotes exp\u00e9riment\u00e9s se battent chaque ann\u00e9e pour la gagne lors de trois manches de course. Ici lors de l'\u00e9dition 2023. Photo Bernard Biehler\" fetchpriority=\"high\" decoding=\"async\" data-mobile=\"NW_listA_M|1566751614\" data-base=\"NW_listA|1743413192\"\/>&#13;<br \/>\n    <\/a>&#13;<\/p>\n<p>Les pilotes exp\u00e9riment\u00e9s se battent chaque ann\u00e9e pour la gagne lors de trois manches de course. Ici lors de l&rsquo;\u00e9dition 2023. Photo Bernard Biehler<\/p>\n<p>La f\u00eate d\u00e9bute samedi 5 septembre au soir, \u00e0 19 h, \u00e0 la salle des f\u00eates, avec une soir\u00e9e tartes flamb\u00e9es. Le lendemain, dimanche 6 septembre, place\u00a0\u00e0\u00a0la\u00a0course de caisses \u00e0 savon qui rassemble, depuis 1977,\u00a0<a href=\"https:\/\/www.dna.fr\/que-l-on-soit-pilote-confirme-ou-amateur-une-seule-regle-a-fond-la-caisse-dans-le-village\" target=\"_blank\" rel=\"nofollow noopener\">de nombreux pilotes<\/a> sur un parcours d\u2019environ 350 m\u00e8tres.\u00a0<\/p>\n<p>L&rsquo;\u00e9preuve a lieu d\u00e8s 9 h 30, avec trois manches dans la journ\u00e9e, jusqu&rsquo;\u00e0 la remise des prix \u00e0 17 h 30.<\/p>\n<p>Autour du circuit, les associations du village proposent restauration, tombola, exposition de v\u00e9hicules d\u2019\u00e9poque et animations pour petits et grands.<\/p>\n<p class=\"note\">Acc\u00e8s gratuit. Samedi 5 septembre \u00e0 19 h. Dimanche 6 septembre \u00e0 9 h, dans les rues de\u00a0Hartmannswiller.<\/p>\n<p>  \u00ab\u00a0H\u00e9singue en f\u00eate\u00a0\u00bb, un week-end pour faire la f\u00eate autour de la Com\u00e8te, H\u00e9singue<\/p>\n<p>\u00c0 H\u00e9singue, le festival familial H\u00e9singue en f\u00eate <a href=\"https:\/\/www.dna.fr\/culture-loisirs\/2026\/09\/01\/musique-theatre-et-animations-un-week-end-pour-faire-la-fete-autour-de-la-comete\" target=\"_blank\" rel=\"nofollow noopener\">revient du vendredi 4 au dimanche 6 septembre<\/a> autour de la salle de spectacle La Com\u00e8te.<\/p>\n<p>        &#13;<br \/>\n    &#13;<br \/>\n    &#13;<br \/>\n    <a href=\"https:\/\/cdn-s-www.dna.fr\/images\/56900a92-3bbf-45e3-84e4-76b6b9776fc2\/NW_raw\/l-evenement-s-adresse-aux-petits-et-grands-photo-jean-christophe-meyer-1725818536.jpg\" title=\"L&#039;\u00e9v\u00e9nement\u00a0s&#039;adresse aux petits et grands. Photo Jean-Christophe Meyer\" class=\"chocolat-image GA-tracking\" data-ga_type=\"click\" data-ga_category=\"D\u00e9tail\" data-ga_action=\"zoomer\" data-ga_label=\"aggrandir image\" rel=\"nofollow noopener\" target=\"_blank\">&#13;<br \/>\n        <img src=\"https:\/\/www.europesays.com\/fr\/wp-content\/uploads\/2026\/09\/l-evenement-s-adresse-aux-petits-et-grands-photo-jean-christophe-meyer-1743413192.jpg\"   alt=\"L'\u00e9v\u00e9nement\u00a0s'adresse aux petits et grands. Photo Jean-Christophe Meyer\" fetchpriority=\"high\" decoding=\"async\" data-mobile=\"NW_listA_M|1725818536\" data-base=\"NW_listA|1743413192\"\/>&#13;<br \/>\n    <\/a>&#13;<\/p>\n<p>L&rsquo;\u00e9v\u00e9nement\u00a0s&rsquo;adresse aux petits et grands. Photo Jean-Christophe Meyer<\/p>\n<p>Pendant trois jours, spectacles de rue, concerts, animations sportives, jeux, ateliers cr\u00e9atifs et rencontres avec les associations locales rythmeront la commune.<\/p>\n<p>Un rendez-vous gratuit et convivial pour petits et grands.<\/p>\n<p class=\"note\">L&rsquo;entr\u00e9e est gratuite. Vendredi 4 septembre, 18 h, samedi 5 septembre, 14 h, dimanche 6 septembre, 9 h 30. La Com\u00e8te et ses alentours, 16 rue du 20-Novembre, H\u00e9singue.<\/p>\n<p>  \u00ab\u00a0March\u00e9 couvert en f\u00eate\u00a0\u00bb, Colmar<\/p>\n<p>Le March\u00e9 couvert de Colmar c\u00e9l\u00e8bre sa rentr\u00e9e du vendredi 4 au dimanche 6 septembre.<\/p>\n<p>        &#13;<br \/>\n    &#13;<br \/>\n    &#13;<br \/>\n    <a href=\"https:\/\/cdn-s-www.dna.fr\/images\/00e9a83a-b441-4255-b5cd-e79adb2ad818\/NW_raw\/le-programme-de-l-edition-2026-document-association-des-commercants-du-marche-couvert-de-colmar-1788516319.jpg\" title=\"Le programme de l&#039;\u00e9dition 2026. Document association des commer\u00e7ants du march\u00e9 couvert de Colmar\" class=\"chocolat-image GA-tracking\" data-ga_type=\"click\" data-ga_category=\"D\u00e9tail\" data-ga_action=\"zoomer\" data-ga_label=\"aggrandir image\" rel=\"nofollow noopener\" target=\"_blank\">&#13;<br \/>\n        <img src=\"https:\/\/www.europesays.com\/fr\/wp-content\/uploads\/2026\/09\/le-programme-de-l-edition-2026-document-association-des-commercants-du-marche-couvert-de-colmar-1788.jpeg\"   alt=\"Le programme de l'\u00e9dition 2026. Document association des commer\u00e7ants du march\u00e9 couvert de Colmar\" fetchpriority=\"high\" decoding=\"async\" data-mobile=\"NW_listA_M|1788516319\" data-base=\"NW_listA|1788516319\"\/>&#13;<br \/>\n    <\/a>&#13;<\/p>\n<p>Le programme de l&rsquo;\u00e9dition 2026. Document association des commer\u00e7ants du march\u00e9 couvert de Colmar<\/p>\n<p>Les commer\u00e7ants <a href=\"https:\/\/agenda.colmar.fr\/marche-en-fete-4\" target=\"_blank\" rel=\"nofollow noopener\">proposent un week-end d\u2019animations,<\/a> de d\u00e9gustations et de rencontres autour des produits locaux, dans une ambiance conviviale au c\u0153ur du centre-ville. L\u2019occasion de d\u00e9couvrir ou red\u00e9couvrir les producteurs et artisans qui font vivre le march\u00e9 tout au long de l\u2019ann\u00e9e.\u00a0<\/p>\n<p class=\"note\">L&rsquo;entr\u00e9e au march\u00e9 est gratuite. Vendredi 4 septembre, 19 h, samedi 5 septembre, 14 h 30, dimanche 6 septembre, 11 h. 13 rue des \u00c9coles, march\u00e9 couvert \u00e0 Colmar.<\/p>\n<p>  \u00ab\u00a0F\u00eate des quartiers Est\u00a0\u00bb, Saverne<\/p>\n<p>La F\u00eate des quartiers Est revient pour sa 10e \u00e9dition <a href=\"https:\/\/www.dna.fr\/culture-loisirs\/2026\/09\/03\/un-nouveau-format-pour-la-fete-des-quartiers-est-prevue-ce-samedi-5-septembre\" target=\"_blank\" rel=\"nofollow noopener\">\u00e0 Saverne ce samedi 5 septembre,<\/a> de 16 h \u00e0 21 h. Initialement pr\u00e9vue en juin, elle avait \u00e9t\u00e9 report\u00e9e \u00e0 cause de la canicule.<\/p>\n<p>        &#13;<br \/>\n    &#13;<br \/>\n    &#13;<br \/>\n    <a href=\"https:\/\/cdn-s-www.dna.fr\/images\/23139f95-f1ab-4d0b-b765-4b8862fbe8e6\/NW_raw\/une-quinzaine-d-associations-savernoises-etaient-presentes-a-l-ecole-des-sources-en-2025-pour-la-fete-des-quartiers-est-photo-emilio-cruzalegui-1788511935.jpg\" title=\"Une quinzaine d\u2019associations savernoises \u00e9taient pr\u00e9sentes \u00e0 l\u2019\u00e9cole des Sources en 2025\u00a0pour la f\u00eate des quartiers Est. Photo Emilio Cruzalegui\" class=\"chocolat-image GA-tracking\" data-ga_type=\"click\" data-ga_category=\"D\u00e9tail\" data-ga_action=\"zoomer\" data-ga_label=\"aggrandir image\" rel=\"nofollow noopener\" target=\"_blank\">&#13;<br \/>\n        <img src=\"https:\/\/www.europesays.com\/fr\/wp-content\/uploads\/2026\/09\/une-quinzaine-d-associations-savernoises-etaient-presentes-a-l-ecole-des-sources-en-2025-pour-la-fet.jpeg\"   alt=\"Une quinzaine d\u2019associations savernoises \u00e9taient pr\u00e9sentes \u00e0 l\u2019\u00e9cole des Sources en 2025\u00a0pour la f\u00eate des quartiers Est. Photo Emilio Cruzalegui\" fetchpriority=\"high\" decoding=\"async\" data-mobile=\"NW_listA_M|1788511935\" data-base=\"NW_listA|1788511935\"\/>&#13;<br \/>\n    <\/a>&#13;<\/p>\n<p>Une quinzaine d\u2019associations savernoises \u00e9taient pr\u00e9sentes \u00e0 l\u2019\u00e9cole des Sources en 2025\u00a0pour la f\u00eate des quartiers Est. Photo Emilio Cruzalegui<\/p>\n<p>De nombreuses animations gratuites sont propos\u00e9es tout au long de l\u2019apr\u00e8s-midi : r\u00e9alit\u00e9 virtuelle, escrime, judo, boxe, ateliers cr\u00e9atifs, jeux autour des contes et du tri des d\u00e9chets, avant une animation musicale en soir\u00e9e.<\/p>\n<p>Une buvette sera disponible sur place et un barbecue sera offert aux participants.<\/p>\n<p class=\"note\">L&rsquo;acc\u00e8s est gratuit. \u00c9cole des Gravi\u00e8res, 1 rue des Gravi\u00e8res \u00e0 Saverne.<\/p>\n","protected":false},"excerpt":{"rendered":"Ce contenu est bloqu\u00e9 car vous n&rsquo;avez pas accept\u00e9 les cookies et autres traceurs. En cliquant sur \u00ab&hellip;\n","protected":false},"author":2,"featured_media":1167180,"comment_status":"","ping_status":"","sticky":false,"template":"","format":"standard","meta":{"footnotes":"","_share_on_mastodon":"0"},"categories":[2820],"tags":[1111,11,2389,1687,2413,4877,1636,5644,2880,13971,1777,674,107,1011,27,775,12,25,66344,640],"class_list":["post-1167179","post","type-post","status-publish","format-standard","has-post-thumbnail","category-strasbourg","tag-actu","tag-actualites","tag-alsace","tag-culture-loisirs","tag-edition-colmar-guebwiller","tag-edition-haguenau-wissembourg","tag-edition-mulhouse-thann","tag-edition-saverne-sarre-union","tag-edition-strasbourg","tag-edition-sundgau-trois-frontieres","tag-eu","tag-europe","tag-fil-info","tag-fr","tag-france","tag-grand-est","tag-news","tag-republique-francaise","tag-sorties-du-week-end","tag-strasbourg"],"share_on_mastodon":{"url":"https:\/\/pubeurope.com\/@fr\/117213635859071883","error":""},"_links":{"self":[{"href":"https:\/\/www.europesays.com\/fr\/wp-json\/wp\/v2\/posts\/1167179","targetHints":{"allow":["GET"]}}],"collection":[{"href":"https:\/\/www.europesays.com\/fr\/wp-json\/wp\/v2\/posts"}],"about":[{"href":"https:\/\/www.europesays.com\/fr\/wp-json\/wp\/v2\/types\/post"}],"author":[{"embeddable":true,"href":"https:\/\/www.europesays.com\/fr\/wp-json\/wp\/v2\/users\/2"}],"replies":[{"embeddable":true,"href":"https:\/\/www.europesays.com\/fr\/wp-json\/wp\/v2\/comments?post=1167179"}],"version-history":[{"count":0,"href":"https:\/\/www.europesays.com\/fr\/wp-json\/wp\/v2\/posts\/1167179\/revisions"}],"wp:featuredmedia":[{"embeddable":true,"href":"https:\/\/www.europesays.com\/fr\/wp-json\/wp\/v2\/media\/1167180"}],"wp:attachment":[{"href":"https:\/\/www.europesays.com\/fr\/wp-json\/wp\/v2\/media?parent=1167179"}],"wp:term":[{"taxonomy":"category","embeddable":true,"href":"https:\/\/www.europesays.com\/fr\/wp-json\/wp\/v2\/categories?post=1167179"},{"taxonomy":"post_tag","embeddable":true,"href":"https:\/\/www.europesays.com\/fr\/wp-json\/wp\/v2\/tags?post=1167179"}],"curies":[{"name":"wp","href":"https:\/\/api.w.org\/{rel}","templated":true}]}}