{"id":1167205,"date":"2026-09-04T16:27:21","date_gmt":"2026-09-04T16:27:21","guid":{"rendered":"https:\/\/www.europesays.com\/fr\/1167205\/"},"modified":"2026-09-04T16:27:21","modified_gmt":"2026-09-04T16:27:21","slug":"lyon-une-personne-meurt-sous-une-rame-de-metro-a-la-station-laennec","status":"publish","type":"post","link":"https:\/\/www.europesays.com\/fr\/1167205\/","title":{"rendered":"Lyon : une personne meurt sous une rame de m\u00e9tro \u00e0 la station La\u00ebnnec"},"content":{"rendered":"<p itemprop=\"description\"><strong>La ligne D du m\u00e9tro a \u00e9t\u00e9 perturb\u00e9e par un accident voyageur ce vendredi, en fin d&rsquo;apr\u00e8s-midi \u00e0 Lyon.<\/strong><\/p>\n<p>Selon les TCL, la ligne D circule uniquement de Saxe &#8211; Gambetta \u00e0 la station Gare de Vaise &#8211; G\u00e9rard Collomb.<\/p>\n<p>Les stations de Garibaldi \u00e0 Gare de V\u00e9nissieux ne sont plus desservies.<\/p>\n<p>La reprise de la circulation est estim\u00e9e \u00e0 21h.<\/p>\n<p>Peu avant 17h, une personne est tomb\u00e9e sur les voies \u00e0 la station La\u00ebnnec. La victime s&rsquo;est retrouv\u00e9e coinc\u00e9e sous une rame de m\u00e9tro. Elle est d\u00e9c\u00e9d\u00e9e malgr\u00e9 l&rsquo;intervention des pompiers.<\/p>\n","protected":false},"excerpt":{"rendered":"La ligne D du m\u00e9tro a \u00e9t\u00e9 perturb\u00e9e par un accident voyageur ce vendredi, en fin d&rsquo;apr\u00e8s-midi \u00e0&hellip;\n","protected":false},"author":2,"featured_media":1167206,"comment_status":"","ping_status":"","sticky":false,"template":"","format":"standard","meta":{"footnotes":"","_share_on_mastodon":"0"},"categories":[1889],"tags":[1111,11,2813,2190,2430,1109,251,1112,2811,1777,674,118,1011,27,1922,1110,1114,2428,2810,12,241,316,25,2812,517,800],"class_list":["post-1167205","post","type-post","status-publish","format-standard","has-post-thumbnail","category-lyon","tag-actu","tag-actualites","tag-article","tag-asvel","tag-auvergne-rhone-alpes","tag-breves","tag-culture","tag-depeches","tag-economique","tag-eu","tag-europe","tag-faits-divers","tag-fr","tag-france","tag-info","tag-informations","tag-infos","tag-lyon","tag-lyonmag","tag-news","tag-ol","tag-politique","tag-republique-francaise","tag-sociale","tag-sport","tag-transports"],"share_on_mastodon":{"url":"https:\/\/pubeurope.com\/@fr\/117213714546343168","error":""},"_links":{"self":[{"href":"https:\/\/www.europesays.com\/fr\/wp-json\/wp\/v2\/posts\/1167205","targetHints":{"allow":["GET"]}}],"collection":[{"href":"https:\/\/www.europesays.com\/fr\/wp-json\/wp\/v2\/posts"}],"about":[{"href":"https:\/\/www.europesays.com\/fr\/wp-json\/wp\/v2\/types\/post"}],"author":[{"embeddable":true,"href":"https:\/\/www.europesays.com\/fr\/wp-json\/wp\/v2\/users\/2"}],"replies":[{"embeddable":true,"href":"https:\/\/www.europesays.com\/fr\/wp-json\/wp\/v2\/comments?post=1167205"}],"version-history":[{"count":0,"href":"https:\/\/www.europesays.com\/fr\/wp-json\/wp\/v2\/posts\/1167205\/revisions"}],"wp:featuredmedia":[{"embeddable":true,"href":"https:\/\/www.europesays.com\/fr\/wp-json\/wp\/v2\/media\/1167206"}],"wp:attachment":[{"href":"https:\/\/www.europesays.com\/fr\/wp-json\/wp\/v2\/media?parent=1167205"}],"wp:term":[{"taxonomy":"category","embeddable":true,"href":"https:\/\/www.europesays.com\/fr\/wp-json\/wp\/v2\/categories?post=1167205"},{"taxonomy":"post_tag","embeddable":true,"href":"https:\/\/www.europesays.com\/fr\/wp-json\/wp\/v2\/tags?post=1167205"}],"curies":[{"name":"wp","href":"https:\/\/api.w.org\/{rel}","templated":true}]}}