{"id":1167207,"date":"2026-09-04T16:29:24","date_gmt":"2026-09-04T16:29:24","guid":{"rendered":"https:\/\/www.europesays.com\/fr\/1167207\/"},"modified":"2026-09-04T16:29:24","modified_gmt":"2026-09-04T16:29:24","slug":"lyon-une-personne-coincee-sous-une-rame-de-metro-decede-la-ligne-d-interrompue","status":"publish","type":"post","link":"https:\/\/www.europesays.com\/fr\/1167207\/","title":{"rendered":"Lyon. Une personne coinc\u00e9e sous une rame de m\u00e9tro, d\u00e9c\u00e8de : la ligne D interrompue"},"content":{"rendered":"<p>Pour une raison inconnue, une personne s\u2019est retrouv\u00e9e coinc\u00e9e sous une rame de m\u00e9tro \u00e0 la station Laennec (Lyon 8e) ce vendredi 4\u00a0septembre en fin d\u2019apr\u00e8s-midi.\u00a0<\/p>\n<p>Les pompiers \u00e9tant actuellement en intervention, la station a \u00e9t\u00e9 \u00e9vacu\u00e9e et la circulation interrompue sur la <a href=\"https:\/\/www.leprogres.fr\/economie\/2026\/08\/26\/plus-de-places-plus-de-frequences-et-des-rames-climatisees-des-travaux-sur-la-ligne-du-metro-d\" target=\"_blank\" rel=\"nofollow noopener\">ligne D<\/a> entre les stations Saxe-Gambetta et Gare de Vaise &#8211; G\u00e9rard Collomb.<\/p>\n<p>  La reprise du trafic estim\u00e9e \u00e0 21 heures<\/p>\n<p>Selon nos informations, la victime est d\u00e9c\u00e9d\u00e9e. Les TCL \u00e9voquent pour leur part un \u00ab\u00a0accident voyageur\u00a0\u00bb.<\/p>\n<p>La reprise du trafic est estim\u00e9e \u00e0 21 heures, au moment de l\u2019\u00e9criture de ces lignes.<\/p>\n","protected":false},"excerpt":{"rendered":"Pour une raison inconnue, une personne s\u2019est retrouv\u00e9e coinc\u00e9e sous une rame de m\u00e9tro \u00e0 la station Laennec&hellip;\n","protected":false},"author":2,"featured_media":1167208,"comment_status":"","ping_status":"","sticky":false,"template":"","format":"standard","meta":{"footnotes":"","_share_on_mastodon":"0"},"categories":[1889],"tags":[119,1111,11,2430,2757,1777,674,274,107,1011,27,1310,2428,9744,9743,12,25,2429],"class_list":["post-1167207","post","type-post","status-publish","format-standard","has-post-thumbnail","category-lyon","tag-accident","tag-actu","tag-actualites","tag-auvergne-rhone-alpes","tag-edition-lyon-villeurbanne","tag-eu","tag-europe","tag-faits-divers-justice","tag-fil-info","tag-fr","tag-france","tag-incendie","tag-lyon","tag-lyon-8e","tag-lyon-8e-arrondissement","tag-news","tag-republique-francaise","tag-rhone"],"share_on_mastodon":{"url":"https:\/\/pubeurope.com\/@fr\/117213722462095753","error":""},"_links":{"self":[{"href":"https:\/\/www.europesays.com\/fr\/wp-json\/wp\/v2\/posts\/1167207","targetHints":{"allow":["GET"]}}],"collection":[{"href":"https:\/\/www.europesays.com\/fr\/wp-json\/wp\/v2\/posts"}],"about":[{"href":"https:\/\/www.europesays.com\/fr\/wp-json\/wp\/v2\/types\/post"}],"author":[{"embeddable":true,"href":"https:\/\/www.europesays.com\/fr\/wp-json\/wp\/v2\/users\/2"}],"replies":[{"embeddable":true,"href":"https:\/\/www.europesays.com\/fr\/wp-json\/wp\/v2\/comments?post=1167207"}],"version-history":[{"count":0,"href":"https:\/\/www.europesays.com\/fr\/wp-json\/wp\/v2\/posts\/1167207\/revisions"}],"wp:featuredmedia":[{"embeddable":true,"href":"https:\/\/www.europesays.com\/fr\/wp-json\/wp\/v2\/media\/1167208"}],"wp:attachment":[{"href":"https:\/\/www.europesays.com\/fr\/wp-json\/wp\/v2\/media?parent=1167207"}],"wp:term":[{"taxonomy":"category","embeddable":true,"href":"https:\/\/www.europesays.com\/fr\/wp-json\/wp\/v2\/categories?post=1167207"},{"taxonomy":"post_tag","embeddable":true,"href":"https:\/\/www.europesays.com\/fr\/wp-json\/wp\/v2\/tags?post=1167207"}],"curies":[{"name":"wp","href":"https:\/\/api.w.org\/{rel}","templated":true}]}}