{"id":1167211,"date":"2026-09-04T16:34:16","date_gmt":"2026-09-04T16:34:16","guid":{"rendered":"https:\/\/www.europesays.com\/fr\/1167211\/"},"modified":"2026-09-04T16:34:16","modified_gmt":"2026-09-04T16:34:16","slug":"apres-septembre-il-sera-trop-tard-dernieres-chances-de-reprise-pour-les-activites-de-la-fondation-croix-saint-simon","status":"publish","type":"post","link":"https:\/\/www.europesays.com\/fr\/1167211\/","title":{"rendered":"\u00ab\u00a0Apr\u00e8s septembre, il sera trop tard\u00a0\u00bb : derni\u00e8res chances de reprise pour les activit\u00e9s de la fondation Croix Saint-Simon"},"content":{"rendered":"<p>                    Par<br \/>\n        <strong><br \/>\n            <a href=\"https:\/\/actu.fr\/auteur\/emilie-salabelle\" title=\"Consulter tous les articles de Emilie Salabelle\" rel=\"nofollow noopener\" target=\"_blank\">Emilie Salabelle<\/a><br \/>\n                    <\/strong><\/p>\n<p>        Publi\u00e9 le<\/p>\n<p>            4 sept. 2026 \u00e0 18h04        <\/p>\n<p>Les 65 structures de la <a href=\"https:\/\/actu.fr\/ile-de-france\/paris_75056\/fondation-oeuvre-de-la-croix-saint-simon-demembree-la-ville-de-paris-se-reserve-un-droit-de-regard-sur-les-repreneurs_64264249.html\" rel=\"nofollow noopener\" target=\"_blank\">Fondation \u0152uvre Croix Saint-Simon<\/a> (FOCCS) vont bient\u00f4t \u00eatre fix\u00e9es sur leur sort. Plac\u00e9e en redressement judiciaire le 5\u00a0novembre 2025, cette institution du secteur m\u00e9dico-social qui emploie \u00e0 ce jour 1825 personnes a mis en place un <a href=\"https:\/\/actu.fr\/ile-de-france\/paris_75056\/creches-centres-de-sante-a-paris-une-fondation-contrainte-de-ceder-ses-activites-1-800-salaries-sur-la-sellette_64138897.html\" rel=\"nofollow noopener\" target=\"_blank\">plan de cession pour la reprise de ses activit\u00e9s<\/a>, principalement situ\u00e9es \u00e0 Paris.<br \/>Si<a href=\"https:\/\/actu.fr\/ile-de-france\/paris_75056\/croix-saint-simon-des-offres-de-reprises-mais-des-centaines-d-emplois-menaces-quelles-sont-les-activites-en-danger_64445913.html\" rel=\"nofollow noopener\" target=\"_blank\"> 37 offres de reprises ont d\u00e9j\u00e0 \u00e9t\u00e9 formul\u00e9es<\/a> pour 48 \u00e9tablissements, 15 structures, pour la plupart de la petite enfance, risquent de mettre la cl\u00e9 sous la porte. La derni\u00e8re ligne droite est serr\u00e9e\u2009: la FOCCS a d\u00e9voil\u00e9 la date de l\u2019audience d\u2019examen des offres, qui se tiendra le 29\u00a0septembre 2026 au tribunal des activit\u00e9s \u00e9conomiques. Les repreneurs n\u2019ont plus que quelques jours pour am\u00e9liorer leur offre de reprise, et se positionner sur les \u00e9tablissements d\u00e9laiss\u00e9s.<\/p>\n<p>\u00ab\u2009Que le maximum d\u2019emplois et de structures soient repris\u2009\u00bb<\/p>\n<p class=\" wall-content\">\u00ab\u00a0Notre objectif, c\u2019est que le maximum d\u2019emplois et de structures soient repris\u00a0\u00bb, avance Emmanuelle Soublin, directrice g\u00e9n\u00e9rale adjointe de la FOCCS aupr\u00e8s d\u2019<a href=\"https:\/\/actu.fr\/paris\/\" rel=\"nofollow noopener\" target=\"_blank\">actu Paris<\/a>. Depuis la r\u00e9ception des offres de reprises en juin dernier, un gros travail est r\u00e9alis\u00e9, on a fait beaucoup de visios avec les repreneurs, les financeurs pour voir comment ils pourraient compl\u00e9ter leur offre.\u00a0\u00bb<\/p>\n<p class=\" wall-content\">En attendant de savoir si ces efforts ont port\u00e9 leurs fruits, le suspens s\u2019annonce \u00e9prouvant pour les professionnels et les familles. \u00ab\u2009Les repreneurs ont jusqu\u2019au 24\u00a0septembre \u00e0 23h59 pour d\u00e9poser des offres am\u00e9lior\u00e9es, en \u00e9largissant leur p\u00e9rim\u00e8tre de reprise, en retravaillant les conditions sociales\u2026 On n\u2019aura pas plus d\u2019informations avant la cl\u00f4ture de cette phase\u2009\u00bb, avance Emmanuelle Soublin. Apr\u00e8s l\u2019audience, la d\u00e9cision du tribunal devrait tomber dans la deuxi\u00e8me quinzaine d\u2019octobre.<\/p>\n<p>Plusieurs cr\u00e8ches sans offre<\/p>\n<p class=\" wall-content\">Esp\u00e9rer \u00eatre int\u00e9gr\u00e9 \u00e0 l\u2019une des offres d\u00e9j\u00e0 formul\u00e9es, c\u2019est donc le dernier espoir des 15 \u00e9tablissements qui vivent dans l\u2019angoisse de la fermeture. Sont concern\u00e9s les cr\u00e8ches multi-accueil La F\u00e9e Tiphaine (15e), Tambour et trompette (5e), Galat\u00e9e (15e), Laurence Cl\u00e9ment (Saint-Ouen), La Souris verte (17e), le lieu d\u2019accueil enfants-parents Coquelicot (19e), le Relais Petite Enfance (20e), ainsi que les six cr\u00e8ches familiales de la Fondation. Le Centre national soins palliatifs fin de vie (19e) et le Centre de sant\u00e9 m\u00e9dical et dentaire Clavel (19e) sont \u00e9galement sans solution.<\/p>\n<p class=\" wall-content\">Les<a href=\"https:\/\/actu.fr\/ile-de-france\/paris_75056\/ce-serait-un-cataclysme-a-paris-cet-hopital-essentiel-pour-le-lien-entre-meres-et-bebes-se-bat-pour-sa-survie_64167045.html\" rel=\"nofollow noopener\" target=\"_blank\"> actions citoyennes se multiplient<\/a> pour tenter de sauver les \u00e9tablissements menac\u00e9s, comme c\u2019est le cas au multi-accueil Tambour et trompette. \u00ab\u2009Nous avons obtenu de nouveaux rendez-vous aupr\u00e8s des \u00e9lus, \u00e0 la Mairie centrale ainsi que dans le 5e et le 13e arrondissement\u2009\u00bb, indique Carolina Frusca Braga, parent d\u00e9l\u00e9gu\u00e9e, qui nous avait fait part, en juillet, du <a href=\"https:\/\/actu.fr\/ile-de-france\/paris_75056\/elle-est-extraordinaire-des-parents-se-battent-pour-sauver-une-creche-de-la-croix-saint-simon-menacee-de-liquidation_64512419.html\" rel=\"nofollow noopener\" target=\"_blank\">combat des familles pour \u00e9viter \u00e0 leur cr\u00e8che d\u2019\u00eatre liquid\u00e9e<\/a>.<\/p>\n<p class=\" wall-content\"><a href=\"https:\/\/www.instagram.com\/lilyfleamont\/reel\/DcyqnmpI-I-\/embed\" title=\"Ouvrir le lien sur Instagram\" rel=\"nofollow noopener\" target=\"_blank\">Visualiser le contenu sur Instagram<\/a><\/p>\n<p class=\" wall-content\">Des parents ont \u00e9galement mis en ligne une vid\u00e9o pour \u00e9viter la fermeture \u00e0 leur cr\u00e8che. \u00ab\u2009C\u2019est un \u00e9tablissement d\u2019une valeur inestimable. La structure est en parfait \u00e9tat, une \u00e9quipe exceptionnelle est en place et les parents sont extr\u00eamement satisfaits. C\u2019est un \u00e9tablissement rare et pr\u00e9cieux pour les habitants du 5e et du 13e arrondissement \u00e0 Paris\u2009\u00bb, louent-ils dans leur pressant appel \u00e0 l\u2019aide. \u00ab\u2009Apr\u00e8s septembre, il sera trop tard.\u2009\u00bb<\/p>\n<p class=\" wall-content\">Personnalisez votre actualit\u00e9 en ajoutant vos villes et m\u00e9dias en favori avec <a href=\"https:\/\/moncompte.actu.fr\" title=\"D\u00e9couvez Mon Actu\" rel=\"nofollow noopener\" data-trk=\"{&quot;cta&quot;:{&quot;action&quot;:&quot;https:\\\/\\\/moncompte.actu.fr&quot;,&quot;category&quot;:&quot;mon compte&quot;,&quot;from&quot;:&quot;article footer&quot;,&quot;name&quot;:&quot;Mon actu&quot;,&quot;type&quot;:&quot;cta&quot;}}\" target=\"_blank\">Mon Actu<\/a>.<\/p>\n<p>                    <script async src=\"\/\/www.instagram.com\/embed.js\"><\/script><\/p>\n","protected":false},"excerpt":{"rendered":"Par Emilie Salabelle Publi\u00e9 le 4 sept. 2026 \u00e0 18h04 Les 65 structures de la Fondation \u0152uvre Croix&hellip;\n","protected":false},"author":2,"featured_media":1167212,"comment_status":"","ping_status":"","sticky":false,"template":"","format":"standard","meta":{"footnotes":"","_share_on_mastodon":"0"},"categories":[1888],"tags":[1111,1928,11,1927,1777,674,1011,27,12,1926,626,1925,10585,25,71,104],"class_list":["post-1167211","post","type-post","status-publish","format-standard","has-post-thumbnail","category-paris","tag-actu","tag-actu-paris","tag-actualites","tag-actualites-paris","tag-eu","tag-europe","tag-fr","tag-france","tag-news","tag-news-paris","tag-paris","tag-paris-news","tag-petite-enfance","tag-republique-francaise","tag-sante","tag-societe"],"share_on_mastodon":{"url":"https:\/\/pubeurope.com\/@fr\/117213742274833443","error":""},"_links":{"self":[{"href":"https:\/\/www.europesays.com\/fr\/wp-json\/wp\/v2\/posts\/1167211","targetHints":{"allow":["GET"]}}],"collection":[{"href":"https:\/\/www.europesays.com\/fr\/wp-json\/wp\/v2\/posts"}],"about":[{"href":"https:\/\/www.europesays.com\/fr\/wp-json\/wp\/v2\/types\/post"}],"author":[{"embeddable":true,"href":"https:\/\/www.europesays.com\/fr\/wp-json\/wp\/v2\/users\/2"}],"replies":[{"embeddable":true,"href":"https:\/\/www.europesays.com\/fr\/wp-json\/wp\/v2\/comments?post=1167211"}],"version-history":[{"count":0,"href":"https:\/\/www.europesays.com\/fr\/wp-json\/wp\/v2\/posts\/1167211\/revisions"}],"wp:featuredmedia":[{"embeddable":true,"href":"https:\/\/www.europesays.com\/fr\/wp-json\/wp\/v2\/media\/1167212"}],"wp:attachment":[{"href":"https:\/\/www.europesays.com\/fr\/wp-json\/wp\/v2\/media?parent=1167211"}],"wp:term":[{"taxonomy":"category","embeddable":true,"href":"https:\/\/www.europesays.com\/fr\/wp-json\/wp\/v2\/categories?post=1167211"},{"taxonomy":"post_tag","embeddable":true,"href":"https:\/\/www.europesays.com\/fr\/wp-json\/wp\/v2\/tags?post=1167211"}],"curies":[{"name":"wp","href":"https:\/\/api.w.org\/{rel}","templated":true}]}}