{"id":1167213,"date":"2026-09-04T16:35:51","date_gmt":"2026-09-04T16:35:51","guid":{"rendered":"https:\/\/www.europesays.com\/fr\/1167213\/"},"modified":"2026-09-04T16:35:51","modified_gmt":"2026-09-04T16:35:51","slug":"sommet-spatial-de-paris-philippe-baptiste-promet-de-tres-belles-annonces","status":"publish","type":"post","link":"https:\/\/www.europesays.com\/fr\/1167213\/","title":{"rendered":"Sommet spatial de Paris : Philippe Baptiste promet \u00ab de tr\u00e8s belles annonces \u00bb"},"content":{"rendered":"<p>\u00c0 quelques jours du sommet spatial international de Paris, le gouvernement veut afficher une ambition \u00e0 la hauteur des enjeux. Le ministre de l\u2019Enseignement sup\u00e9rieur, de la Recherche et de l\u2019Espace, Philippe Baptiste, a promis vendredi \u00ab \u00e9norm\u00e9ment de tr\u00e8s belles annonces \u00bb industrielles lors de ce rendez-vous organis\u00e9 les 9 et 10 septembre au Grand Palais. Initi\u00e9 par Emmanuel Macron et copr\u00e9sid\u00e9 avec l\u2019Allemagne, le sommet doit r\u00e9unir dirigeants politiques, acteurs institutionnels et industriels autour des grands d\u00e9fis li\u00e9s \u00e0 l\u2019utilisation de l\u2019espace.<\/p>\n<p>&#13;&#13;\n  <\/p>\n<p>\u00ab Ce sera un moment de business qui sera vraiment r\u00e9ussi \u00bb, a assur\u00e9 le ministre sur BFM Business dans l&rsquo;\u00e9mission Air&amp;D\u00e9fense, organis\u00e9e avec La Tribune et Air&amp;Cosmos. Au-del\u00e0 des annonces commerciales et des contrats attendus, Paris entend faire de ce sommet une d\u00e9monstration de force europ\u00e9enne dans un secteur devenu strat\u00e9gique pour l\u2019\u00e9conomie comme pour la d\u00e9fense. Espace, souverainet\u00e9 num\u00e9rique, climat, recherche et s\u00e9curit\u00e9 seront au c\u0153ur des discussions, avec l\u2019ambition de r\u00e9unir pour la premi\u00e8re fois des dirigeants du monde entier autour de ces enjeux.<\/p>\n<p><a target=\"_self\" href=\"https:\/\/www.latribune.fr\/article\/defense-aerospatiale\/spatial\/1095656954308914\/sommet-spatial-de-paris-les-geants-americains-desertent\" rel=\"nofollow noopener\"><\/p>\n<p class=\"text-[12px] mb-[12px] font-bold ltd:leading-[16px]\">A LIRE AUSSI<\/p>\n<p class=\"text-[20px] ac:text-[18px] leading-[120%] ac:leading-[130%] text-lt-primary-dark ac:text-ac-primary font-slab font-bold ltd:font-semibold ltd:tracking-[-0.4px] ac:font-ac-slab ltd:font-ltd-slab\">Sommet spatial de Paris : les g\u00e9ants am\u00e9ricains d\u00e9sertent<\/p>\n<p><\/a><\/p>\n<p>Le rendez-vous intervient toutefois dans un contexte diplomatique plus d\u00e9licat. Jeudi soir, le minist\u00e8re avait indiqu\u00e9 que quatre entreprises am\u00e9ricaines, parmi lesquelles SpaceX et Blue Origin, avaient annul\u00e9 leur venue, apr\u00e8s des informations de la presse am\u00e9ricaine faisant \u00e9tat de pressions exerc\u00e9es par la Maison Blanche. Une absence remarqu\u00e9e pour un sommet qui entend pr\u00e9cis\u00e9ment rassembler les principales puissances spatiales.<\/p>\n<p>Philippe Baptiste s\u2019est toutefois gard\u00e9 de confirmer cette version. \u00ab Je ne peux pas vous confirmer la v\u00e9racit\u00e9 de ces faits ou pas. Ce que j\u2019ai imm\u00e9diatement dit c\u2019est que nos partenaires am\u00e9ricains, que ce soit l\u2019administration am\u00e9ricaine, les agences spatiales (&#8230;), les scientifiques et les industriels sont tous les bienvenus \u00bb, a-t-il d\u00e9clar\u00e9. Et de vouloir minimiser la port\u00e9e des d\u00e9sistements annonc\u00e9s\u00a0: \u00ab Et d\u2019ailleurs, les industriels, les scientifiques seront l\u00e0 massivement. Il y aura tous les gros industriels am\u00e9ricains qui seront l\u00e0, certainement tr\u00e8s, tr\u00e8s bien repr\u00e9sent\u00e9s \u00bb, a-t-il ajout\u00e9, sans d\u00e9voiler la liste des entreprises ayant confirm\u00e9 leur participation.<\/p>\n<p>Un message de souverainet\u00e9 europ\u00e9enne&#13;\n<\/p>\n<p>Pour Paris, l\u2019enjeu d\u00e9passe donc largement la signature de contrats. Le sommet doit aussi servir de vitrine \u00e0 une Europe qui cherche \u00e0 renforcer son autonomie dans un secteur domin\u00e9 par les Etats-Unis et marqu\u00e9 par la mont\u00e9e en puissance de nouveaux acteurs priv\u00e9s. La pr\u00e9sence annonc\u00e9e de la pr\u00e9sidente de la Commission europ\u00e9enne Ursula von der Leyen doit notamment donner une dimension politique au rendez-vous.<\/p>\n<p>NewsletterMa Tribune<\/p>\n<p class=\"text-2xl mb-[16px]\">L\u2019actualit\u00e9 qui compte pour vous, chaque jour dans votre bo\u00eete mail.<\/p>\n<p>S&rsquo;inscrireS&rsquo;inscrireS&rsquo;inscrire<img alt=\"Illustration de la newsletter Ma Tribune\" loading=\"lazy\" decoding=\"async\" data-nimg=\"fill\" class=\"relative! rounded-xl\" style=\"position:absolute;height:100%;width:100%;left:0;top:0;right:0;bottom:0;object-fit:cover;color:transparent\"   src=\"https:\/\/www.europesays.com\/fr\/wp-content\/uploads\/2026\/04\/ma-tribune.png\"\/><a target=\"_self\" href=\"https:\/\/air-cosmos.latribune.fr\/article\/espace\/6311467049517\/trafic-frequences-donnees-la-france-pose-ses-regles-au-sommet-international-sur-l-espace\" rel=\"nofollow noopener\"><\/p>\n<p class=\"text-[12px] mb-[12px] font-bold ltd:leading-[16px]\">A LIRE AUSSI<\/p>\n<p class=\"text-[20px] ac:text-[18px] leading-[120%] ac:leading-[130%] text-lt-primary-dark ac:text-ac-primary font-slab font-bold ltd:font-semibold ltd:tracking-[-0.4px] ac:font-ac-slab ltd:font-ltd-slab\">Trafic, fr\u00e9quences, donn\u00e9es\u00a0: la France pose ses r\u00e8gles au sommet international sur l\u2019espace<\/p>\n<p><\/a><\/p>\n<p>\u00ab Ce sera aussi un moment politique pour l\u2019Europe \u00bb, a insist\u00e9 Philippe Baptiste, estimant que le sommet doit d\u00e9montrer que l\u2019Europe est un \u00ab acteur impliqu\u00e9, fort, motiv\u00e9 \u00bb. Le ministre plaide notamment pour une acc\u00e9l\u00e9ration des investissements europ\u00e9ens dans le spatial, alors que les besoins se multiplient, de la d\u00e9fense aux t\u00e9l\u00e9communications en passant par la recherche. \u00ab Je pense qu\u2019il faut qu\u2019on augmente nos investissements, parce que c\u2019est crucial pour la d\u00e9fense, pour la science, pour la s\u00e9curit\u00e9, mais je crois que cette perception aujourd\u2019hui est partag\u00e9e par la plupart des pays europ\u00e9ens \u00bb, a-t-il affirm\u00e9.<\/p>\n<p>Derri\u00e8re les annonces industrielles attendues \u00e0 Paris se joue ainsi une bataille plus large\u00a0: celle de la capacit\u00e9 de l\u2019Europe \u00e0 conserver une place de premier plan dans une nouvelle \u00e9conomie spatiale, devenue \u00e0 la fois un march\u00e9 strat\u00e9gique et un instrument de puissance. Le sommet des 9 et 10 septembre devra transformer cette ambition en engagements concrets.<\/p>\n","protected":false},"excerpt":{"rendered":"\u00c0 quelques jours du sommet spatial international de Paris, le gouvernement veut afficher une ambition \u00e0 la hauteur&hellip;\n","protected":false},"author":2,"featured_media":1167214,"comment_status":"","ping_status":"","sticky":false,"template":"","format":"standard","meta":{"footnotes":"","_share_on_mastodon":"0"},"categories":[1888],"tags":[5734,1111,1928,11,1927,56827,1777,674,1011,27,12,1926,626,1925,25,120502],"class_list":["post-1167213","post","type-post","status-publish","format-standard","has-post-thumbnail","category-paris","tag-5734","tag-actu","tag-actu-paris","tag-actualites","tag-actualites-paris","tag-defense-et-aerospatiale","tag-eu","tag-europe","tag-fr","tag-france","tag-news","tag-news-paris","tag-paris","tag-paris-news","tag-republique-francaise","tag-sommet-spatial-de-paris-philippe-baptiste-promet-de-tres-belles-annonces"],"share_on_mastodon":{"url":"https:\/\/pubeurope.com\/@fr\/117213751638403014","error":""},"_links":{"self":[{"href":"https:\/\/www.europesays.com\/fr\/wp-json\/wp\/v2\/posts\/1167213","targetHints":{"allow":["GET"]}}],"collection":[{"href":"https:\/\/www.europesays.com\/fr\/wp-json\/wp\/v2\/posts"}],"about":[{"href":"https:\/\/www.europesays.com\/fr\/wp-json\/wp\/v2\/types\/post"}],"author":[{"embeddable":true,"href":"https:\/\/www.europesays.com\/fr\/wp-json\/wp\/v2\/users\/2"}],"replies":[{"embeddable":true,"href":"https:\/\/www.europesays.com\/fr\/wp-json\/wp\/v2\/comments?post=1167213"}],"version-history":[{"count":0,"href":"https:\/\/www.europesays.com\/fr\/wp-json\/wp\/v2\/posts\/1167213\/revisions"}],"wp:featuredmedia":[{"embeddable":true,"href":"https:\/\/www.europesays.com\/fr\/wp-json\/wp\/v2\/media\/1167214"}],"wp:attachment":[{"href":"https:\/\/www.europesays.com\/fr\/wp-json\/wp\/v2\/media?parent=1167213"}],"wp:term":[{"taxonomy":"category","embeddable":true,"href":"https:\/\/www.europesays.com\/fr\/wp-json\/wp\/v2\/categories?post=1167213"},{"taxonomy":"post_tag","embeddable":true,"href":"https:\/\/www.europesays.com\/fr\/wp-json\/wp\/v2\/tags?post=1167213"}],"curies":[{"name":"wp","href":"https:\/\/api.w.org\/{rel}","templated":true}]}}