{"id":1167245,"date":"2026-09-04T16:57:15","date_gmt":"2026-09-04T16:57:15","guid":{"rendered":"https:\/\/www.europesays.com\/fr\/1167245\/"},"modified":"2026-09-04T16:57:15","modified_gmt":"2026-09-04T16:57:15","slug":"le-tour-despagne-feminin-officiellement-fixe-pour-2027-actualite","status":"publish","type":"post","link":"https:\/\/www.europesays.com\/fr\/1167245\/","title":{"rendered":"Le Tour d\u2019Espagne F\u00e9minin officiellement fix\u00e9 pour 2027 &#8211; Actualit\u00e9"},"content":{"rendered":"<p style=\"text-align: justify;\">Organis\u00e9 depuis quatre ans d\u00e9but mai, le <strong><a href=\"https:\/\/www.directvelo.com\/epreuve\/48808\/tour-despagne-femmes-2026\" target=\"_blank\" rel=\"noopener nofollow\">Tour d\u2019Espagne F\u00e9minin<\/a><\/strong> va conna\u00eetre un changement de date la saison prochaine. La course du WorldTour aura lieu en 2027 du 3 au 10 octobre. <\/p>\n<p style=\"text-align: justify;\">Lors des huit premi\u00e8res \u00e9ditions du Madrid Challenge by La Vuelta, devenu ensuite le Ceratizit Challenge by La Vuelta, la course se disputait en marge de l\u2019\u00e9preuve masculine, en septembre ou en novembre, exceptionnellement en 2020 en raison du d\u00e9calage de la saison d\u00fb au Covid-19. <\/p>\n<p>Cette modification entra\u00eene, \u00e0 la demande de l\u2019organisation, une nouvelle date pour le <strong><a href=\"https:\/\/www.directvelo.com\/epreuve\/48811\/tour-de-burgos-feminin-2026\" target=\"_blank\" rel=\"noopener nofollow\">Tour de Burgos F\u00e9minin<\/a><\/strong>, \u00e9galement inscrit au calendrier WorldTour. Il prend la place laiss\u00e9e libre par la Vuelta et se d\u00e9roulera ainsi du 6 au 10 mai 2027. Il s\u2019\u00e9tait tenu cette ann\u00e9e du 21 au 24 mai.<\/p>\n<p>Retrouvez le calendrier WorldTour F\u00e9minin 2027 <strong><a href=\"https:\/\/www.directvelo.com\/actualite\/129392\/worldtour-femmes-le-calendrier-2027\" target=\"_blank\" rel=\"noopener nofollow\">en cliquant ici<\/a><\/strong>.<\/p>\n","protected":false},"excerpt":{"rendered":"Organis\u00e9 depuis quatre ans d\u00e9but mai, le Tour d\u2019Espagne F\u00e9minin va conna\u00eetre un changement de date la saison&hellip;\n","protected":false},"author":2,"featured_media":1167246,"comment_status":"","ping_status":"","sticky":false,"template":"","format":"standard","meta":{"footnotes":"","_share_on_mastodon":"0"},"categories":[1411],"tags":[834,828,836,829,837,827,83,826,824,823,1154,207,814,817,815,816,822,821,832,211,839,1011,27,820,818,819,835,831,830,833,838,60,212,208,825],"class_list":["post-1167245","post","type-post","status-publish","format-standard","has-post-thumbnail","category-cyclisme","tag-attaque","tag-belgique","tag-braquet","tag-bretagne","tag-chute","tag-competition","tag-coupe-de-france","tag-coureur","tag-course-cyclisme","tag-course-cycliste","tag-cycling","tag-cyclisme","tag-direct","tag-direct-velo","tag-directvelo","tag-directvelo-com","tag-epreuve","tag-epreuve-cycliste","tag-federation-francaise-de-cyclisme","tag-ffc","tag-flandres","tag-fr","tag-france","tag-live","tag-live-course","tag-live-epreuve","tag-peloton","tag-radio-peloton","tag-radio-tour","tag-ravitaillement","tag-relance","tag-sports","tag-uci","tag-velo","tag-velos"],"share_on_mastodon":{"url":"https:\/\/pubeurope.com\/@fr\/117213832773907839","error":""},"_links":{"self":[{"href":"https:\/\/www.europesays.com\/fr\/wp-json\/wp\/v2\/posts\/1167245","targetHints":{"allow":["GET"]}}],"collection":[{"href":"https:\/\/www.europesays.com\/fr\/wp-json\/wp\/v2\/posts"}],"about":[{"href":"https:\/\/www.europesays.com\/fr\/wp-json\/wp\/v2\/types\/post"}],"author":[{"embeddable":true,"href":"https:\/\/www.europesays.com\/fr\/wp-json\/wp\/v2\/users\/2"}],"replies":[{"embeddable":true,"href":"https:\/\/www.europesays.com\/fr\/wp-json\/wp\/v2\/comments?post=1167245"}],"version-history":[{"count":0,"href":"https:\/\/www.europesays.com\/fr\/wp-json\/wp\/v2\/posts\/1167245\/revisions"}],"wp:featuredmedia":[{"embeddable":true,"href":"https:\/\/www.europesays.com\/fr\/wp-json\/wp\/v2\/media\/1167246"}],"wp:attachment":[{"href":"https:\/\/www.europesays.com\/fr\/wp-json\/wp\/v2\/media?parent=1167245"}],"wp:term":[{"taxonomy":"category","embeddable":true,"href":"https:\/\/www.europesays.com\/fr\/wp-json\/wp\/v2\/categories?post=1167245"},{"taxonomy":"post_tag","embeddable":true,"href":"https:\/\/www.europesays.com\/fr\/wp-json\/wp\/v2\/tags?post=1167245"}],"curies":[{"name":"wp","href":"https:\/\/api.w.org\/{rel}","templated":true}]}}