{"id":1167247,"date":"2026-09-04T16:58:17","date_gmt":"2026-09-04T16:58:17","guid":{"rendered":"https:\/\/www.europesays.com\/fr\/1167247\/"},"modified":"2026-09-04T16:58:17","modified_gmt":"2026-09-04T16:58:17","slug":"girondins-philippe-ollier-decrypte-les-probables-adversaires-de-bordeaux-en-regional-1","status":"publish","type":"post","link":"https:\/\/www.europesays.com\/fr\/1167247\/","title":{"rendered":"Girondins : Philippe Ollier d\u00e9crypte les probables adversaires de Bordeaux en R\u00e9gional 1"},"content":{"rendered":"<p><img decoding=\"async\" src=\"https:\/\/www.europesays.com\/fr\/wp-content\/uploads\/2025\/08\/671_e3a4f29c8d5b09a357ec8acdb041483e.png\" alt=\"Girondins : Philippe Ollier d\u00e9crypte les probables adversaires de Bordeaux en R\u00e9gional 1\" class=\"img-responsive mt-3\"\/><\/p>\n<p class=\"text-center mb-3\" style=\"font-size: 14px\">\u00a9 Iconsport<\/p>\n<p>      <strong>Les Girondins vont devoir se battre en R\u00e9gional 1<\/strong><\/p>\n<p style=\"text-align: justify;\">L\u2019ancien entra\u00eeneur de L\u00e8ge-Cap-Ferret, qui poss\u00e8de une grande exp\u00e9rience dans le football amateur, a partag\u00e9 son opinion sur le groupe dans lequel les Girondins de Bordeaux \u00e9volueront, lors d\u2019une interview<a href=\"https:\/\/www.youtube.com\/watch?v=Aufsl4HjeQY&amp;list=WL&amp;index=5\" target=\"_blank\" rel=\"noopener nofollow\"> accord\u00e9e \u00e0 TV7 dans l\u2019\u00e9mission du 19h Sports.<\/a><\/p>\n<p style=\"text-align: justify;\">Toutefois, rien n\u2019est encore inscrit dans le marbre pour le club bordelais, qui pourrait descendre encore plus bas si la liquidation de la SASP \u00e9tait prononc\u00e9e.<\/p>\n<p style=\"text-align: justify;\">Philippe Ollier sur TV7 : \u00ab\u00a0Je dirais que c\u2019est un groupe tr\u00e8s comp\u00e9titif dans la partie t\u00e9nacit\u00e9 et pugnacit\u00e9. Le cas de Bo\u00e9-Bon-Encontre et le cas de Maz\u00e8res, qui a fait une tr\u00e8s belle saison, qui s\u2019est plant\u00e9 dans les derniers matchs en R1. Le SA M\u00e9rignacais, on conna\u00eet, on est plus dans la finesse, la technique, le jeu produit. Saint-Paul Sport, c\u2019est costaud.<\/p>\n<p style=\"text-align: justify;\">Bayonne Crois\u00e9s, \u00e7a va \u00eatre tr\u00e8s costaud dans la partie impact et duel, et dans l\u2019agressivit\u00e9. Le Stade Montois, qui veut redorer son blason, ce sera aussi dans la partie contact, duel et agressivit\u00e9. Apr\u00e8s, Saint-M\u00e9dard-en-Jalles, c\u2019est du milieu de tableau. Villenave Jeunesse, c\u2019est \u00e9tonnant qu\u2019il soit l\u00e0 pour l\u2019instant. Boulazac, Marmande, Bouscat et Sud Corr\u00e8ze, je pense que \u00e7a d\u00e9marre difficilement.\u00a0\u00bb<\/p>\n<p><strong>\u00ab\u00a0Sur les 26 matchs qu\u2019ils vont faire dans la saison, \u00e7a va \u00eatre 26 combats\u00a0\u00bb<\/strong><\/p>\n<p style=\"text-align: justify;\">\u00ab\u00a0Un club des Girondins, dans ce groupe, en \u00e9tant l\u2019\u00e9quipe premi\u00e8re et en \u00e9tant un club historique, il va \u00eatre attendu \u00e0 chaque match. Je pense que ce sera la guerre \u00e0 chaque d\u00e9placement. Les \u00e9quipes voudront se faire l\u2019historique, et \u00e7a va \u00eatre des matchs qu\u2019il va falloir aller chercher.<\/p>\n<p style=\"text-align: justify;\">L\u00e0 o\u00f9 il faudra \u00eatre tr\u00e8s bons c\u00f4t\u00e9 Girondins, c\u2019est qu\u2019il faudra un effectif vraiment cons\u00e9quent. Il va y avoir beaucoup de bless\u00e9s, beaucoup de joueurs qui vont \u00eatre sous pression, car, sur les 26 matchs qu\u2019ils vont faire dans la saison, \u00e7a va \u00eatre 26 combats.<\/p>\n<p style=\"text-align: justify;\">Puis la Coupe de France, o\u00f9 Bordeaux aurait tout int\u00e9r\u00eat \u00e0 montrer qu\u2019ils ne sont pas qu\u2019un club de R1 et qu\u2019ils veulent faire un parcours en coupe pour aller chercher des \u00e9quipes de N1, voire au-dessus. \u00c7a veut dire qu\u2019il faudra un effectif qui tiendra la route.\u00a0\u00bb<\/p>\n<p>&#8211; \u00c0 lire : <strong><a href=\"https:\/\/www.webgirondins.com\/actualite-girondins-girondins-obraniak-n-epargne-pas-nicolas-de-tavernost-dans-le-naufrage-du-club-134418\" target=\"_blank\" rel=\"noopener nofollow\">Girondins : Obraniak n\u2019\u00e9pargne pas Nicolas de Tavernost dans le naufrage du club<\/a><\/strong><\/p>\n","protected":false},"excerpt":{"rendered":"\u00a9 Iconsport Les Girondins vont devoir se battre en R\u00e9gional 1 L\u2019ancien entra\u00eeneur de L\u00e8ge-Cap-Ferret, qui poss\u00e8de une&hellip;\n","protected":false},"author":2,"featured_media":300011,"comment_status":"","ping_status":"","sticky":false,"template":"","format":"standard","meta":{"footnotes":"","_share_on_mastodon":"0"},"categories":[1410],"tags":[39723,8572,1997,55964,1446,19809,394,63,1011,27,1987,51222,3591,84736,6284,2513,4789,27026,14190,20432,3333,60],"class_list":["post-1167247","post","type-post","status-publish","format-standard","has-post-thumbnail","category-football","tag-actuellement","tag-adversaires","tag-bordeaux","tag-connaissent","tag-dans","tag-decrypte","tag-depuis","tag-football","tag-fr","tag-france","tag-girondins","tag-inscrits","tag-leurs","tag-ollier","tag-philippe","tag-plusieurs","tag-poule","tag-probables","tag-regional","tag-semaines","tag-sont","tag-sports"],"share_on_mastodon":{"url":"https:\/\/pubeurope.com\/@fr\/117213838572017421","error":""},"_links":{"self":[{"href":"https:\/\/www.europesays.com\/fr\/wp-json\/wp\/v2\/posts\/1167247","targetHints":{"allow":["GET"]}}],"collection":[{"href":"https:\/\/www.europesays.com\/fr\/wp-json\/wp\/v2\/posts"}],"about":[{"href":"https:\/\/www.europesays.com\/fr\/wp-json\/wp\/v2\/types\/post"}],"author":[{"embeddable":true,"href":"https:\/\/www.europesays.com\/fr\/wp-json\/wp\/v2\/users\/2"}],"replies":[{"embeddable":true,"href":"https:\/\/www.europesays.com\/fr\/wp-json\/wp\/v2\/comments?post=1167247"}],"version-history":[{"count":0,"href":"https:\/\/www.europesays.com\/fr\/wp-json\/wp\/v2\/posts\/1167247\/revisions"}],"wp:featuredmedia":[{"embeddable":true,"href":"https:\/\/www.europesays.com\/fr\/wp-json\/wp\/v2\/media\/300011"}],"wp:attachment":[{"href":"https:\/\/www.europesays.com\/fr\/wp-json\/wp\/v2\/media?parent=1167247"}],"wp:term":[{"taxonomy":"category","embeddable":true,"href":"https:\/\/www.europesays.com\/fr\/wp-json\/wp\/v2\/categories?post=1167247"},{"taxonomy":"post_tag","embeddable":true,"href":"https:\/\/www.europesays.com\/fr\/wp-json\/wp\/v2\/tags?post=1167247"}],"curies":[{"name":"wp","href":"https:\/\/api.w.org\/{rel}","templated":true}]}}