{"id":1167263,"date":"2026-09-04T17:09:13","date_gmt":"2026-09-04T17:09:13","guid":{"rendered":"https:\/\/www.europesays.com\/fr\/1167263\/"},"modified":"2026-09-04T17:09:13","modified_gmt":"2026-09-04T17:09:13","slug":"zelda-ocarina-of-time-remake-une-enorme-fuite-francaise-devoile-4-editions-et-des-accessoires-pour-switch-2","status":"publish","type":"post","link":"https:\/\/www.europesays.com\/fr\/1167263\/","title":{"rendered":"Zelda Ocarina of Time Remake : une \u00e9norme fuite fran\u00e7aise d\u00e9voile 4 \u00e9ditions et des accessoires pour Switch 2"},"content":{"rendered":"<p>Le remake de The Legend of Zelda: Ocarina of Time sur <strong>Nintendo Switch 2<\/strong> n\u2019a toujours pas de date pr\u00e9cise, mais un revendeur fran\u00e7ais vient d\u2019allumer un gros signal. Des r\u00e9f\u00e9rences internes apparues chez <strong>Cdiscount<\/strong> \u00e9voquent une console limit\u00e9e, plusieurs versions du jeu et toute une ligne d\u2019accessoires d\u00e9di\u00e9s.<\/p>\n<p>Pour les joueurs fran\u00e7ais, cette fuite ressemble \u00e0 un aper\u00e7u anticip\u00e9 des rayons Switch 2 en 2026. Entre \u00e9dition standard, \u00e9dition collector, console sp\u00e9ciale et manettes estampill\u00e9es Triforce, la question n\u2019est plus de savoir si Nintendo va miser sur la nostalgie, mais comment pr\u00e9parer ses futures pr\u00e9commandes.<\/p>\n<p> Zelda Ocarina of Time Remake Switch 2 : que r\u00e9v\u00e8le vraiment la fuite Cdiscount ? <\/p>\n<p>Selon des documents internes rep\u00e9r\u00e9s puis relay\u00e9s sur Reddit, Cdiscount aurait enregistr\u00e9 cinq SKUs li\u00e9s \u00e0 The Legend of Zelda: Ocarina of Time Remake. Ces codes produits, utilis\u00e9s en interne pour pr\u00e9parer les catalogues, mentionnent explicitement la <strong>Nintendo Switch 2<\/strong> et plusieurs d\u00e9clinaisons de l\u2019univers Ocarina of Time.<\/p>\n<p>On retrouve d\u2019abord NINNS2ZELDAOOT, pr\u00e9sent\u00e9 comme le jeu standard sur Switch 2, et NINNS2ZELDAOOTEC, qui renvoie \u00e0 <strong>The Legend of Zelda: Ocarina of Time \u2013 Collector&rsquo;s Edition<\/strong>. C\u00f4t\u00e9 hardware, NINSW2ZELDAOOT d\u00e9signe une <strong>Nintendo Switch 2 Console \u2013 Zelda: Ocarina of Time Edition<\/strong>, tandis que NINSW2MANPROOOT et NINNS2JOYCONOOT pointent vers une <strong>manette Pro Controller 2 Zelda<\/strong> et une <strong>paire de Joy-Con 2 Zelda<\/strong>.<\/p>\n<blockquote class=\"twitter-tweet\"><p>\n\t<a class=\"twitter-link\" rel=\"noindex, nofollow noopener\" href=\"https:\/\/twitter.com\/SwitchActu\/status\/2095795096507588769#038;ref_url=notebookcheck.com\" target=\"_blank\">\n\t<\/p><\/blockquote>\n<p> Quelles \u00e9ditions et accessoires Zelda pr\u00e9voir sur Nintendo Switch 2 en 2026 ? <\/p>\n<p>Pour le jeu lui\u2011m\u00eame, la fuite laisse entrevoir deux \u00e9ditions physiques : une version standard, classique cartouche Switch 2, et une <strong>\u00e9dition collector Zelda Ocarina of Time Remake<\/strong>. Aucune info ne filtre sur le contenu de cette Collector, mais au vu des pr\u00e9c\u00e9dents Zelda, on peut imaginer steelbook, artbook ou \u00e9ventuellement figurine, tout en rappelant que ce n\u2019est qu\u2019une projection.<\/p>\n<p>Le reste du line\u2011up vise clairement les collectionneurs de hardware. <a href=\"https:\/\/www.lacremedugaming.fr\/jeux\/the-legend-of-zelda\/switch-2-zelda-les-images-dune-console-anniversaire-et-dune-manette-pro-fuient-avant-lannonce-officielle-222344.html\" rel=\"nofollow noopener\" target=\"_blank\">La console Switch 2 \u00e9dition limit\u00e9e Zelda<\/a> confirmerait des visuels d\u00e9j\u00e0 aper\u00e7us dans d\u2019autres leaks, avec motifs Triforce et coloris or et vert. S\u2019ajoutent une <strong>manette Pro Switch 2 Zelda Ocarina of Time<\/strong> pour le jeu sur t\u00e9l\u00e9, et des <strong>Joy-Con Switch 2 Zelda \u00e9dition sp\u00e9ciale<\/strong> pour habiller une Switch 2 classique.<\/p>\n<p> Pr\u00e9commandes et disponibilit\u00e9 en France : comment se pr\u00e9parer sans se faire pi\u00e9ger ? <\/p>\n<p>Officiellement, Nintendo ne donne toujours qu\u2019<a href=\"https:\/\/www.lacremedugaming.fr\/jeux\/the-legend-of-zelda\/zelda-ocarina-of-time-remake-le-compte-a-rebours-de-lannonce-officielle-est-lance-215744.html\" rel=\"nofollow noopener\" target=\"_blank\">une fen\u00eatre de sortie 2026 pour The Legend of Zelda: Ocarina of Time Remake<\/a> sur <strong>Nintendo Switch 2<\/strong>. Aucun prix n\u2019a \u00e9t\u00e9 confirm\u00e9 pour le jeu, la console limit\u00e9e ni les accessoires Switch 2 Zelda, et le contenu exact de l\u2019\u00e9dition collector reste totalement inconnu.<\/p>\n<p>La pr\u00e9sence de ces SKUs chez un grand revendeur fran\u00e7ais sugg\u00e8re toutefois que le plan marketing physique est bien avanc\u00e9. Pour les fans, l\u2019enjeu sera de surveiller de pr\u00e8s les ouvertures de pr\u00e9commandes chez Cdiscount, mais aussi Fnac, Amazon ou Micromania, surtout pour la console limit\u00e9e et la Collector, qui risquent de partir tr\u00e8s vite. Rappel important : fuite Cdiscount ou non, Nintendo peut encore ajuster les noms, les bundles ou le calendrier avant la sortie.<\/p>\n<p>\t\t\t\t\t\t<script async src=\"https:\/\/platform.twitter.com\/widgets.js\" charset=\"utf-8\"><\/script><\/p>\n","protected":false},"excerpt":{"rendered":"Le remake de The Legend of Zelda: Ocarina of Time sur Nintendo Switch 2 n\u2019a toujours pas de&hellip;\n","protected":false},"author":2,"featured_media":1167264,"comment_status":"","ping_status":"","sticky":false,"template":"","format":"standard","meta":{"footnotes":"","_share_on_mastodon":"0"},"categories":[7],"tags":[1011,27,43,40,41,39,42,44],"class_list":["post-1167263","post","type-post","status-publish","format-standard","has-post-thumbnail","category-sciences-et-technologies","tag-fr","tag-france","tag-science","tag-science-and-technology","tag-sciences","tag-sciences-et-technologies","tag-technologies","tag-technology"],"share_on_mastodon":{"url":"https:\/\/pubeurope.com\/@fr\/117213880067284555","error":""},"_links":{"self":[{"href":"https:\/\/www.europesays.com\/fr\/wp-json\/wp\/v2\/posts\/1167263","targetHints":{"allow":["GET"]}}],"collection":[{"href":"https:\/\/www.europesays.com\/fr\/wp-json\/wp\/v2\/posts"}],"about":[{"href":"https:\/\/www.europesays.com\/fr\/wp-json\/wp\/v2\/types\/post"}],"author":[{"embeddable":true,"href":"https:\/\/www.europesays.com\/fr\/wp-json\/wp\/v2\/users\/2"}],"replies":[{"embeddable":true,"href":"https:\/\/www.europesays.com\/fr\/wp-json\/wp\/v2\/comments?post=1167263"}],"version-history":[{"count":0,"href":"https:\/\/www.europesays.com\/fr\/wp-json\/wp\/v2\/posts\/1167263\/revisions"}],"wp:featuredmedia":[{"embeddable":true,"href":"https:\/\/www.europesays.com\/fr\/wp-json\/wp\/v2\/media\/1167264"}],"wp:attachment":[{"href":"https:\/\/www.europesays.com\/fr\/wp-json\/wp\/v2\/media?parent=1167263"}],"wp:term":[{"taxonomy":"category","embeddable":true,"href":"https:\/\/www.europesays.com\/fr\/wp-json\/wp\/v2\/categories?post=1167263"},{"taxonomy":"post_tag","embeddable":true,"href":"https:\/\/www.europesays.com\/fr\/wp-json\/wp\/v2\/tags?post=1167263"}],"curies":[{"name":"wp","href":"https:\/\/api.w.org\/{rel}","templated":true}]}}