{"id":1167269,"date":"2026-09-04T17:12:29","date_gmt":"2026-09-04T17:12:29","guid":{"rendered":"https:\/\/www.europesays.com\/fr\/1167269\/"},"modified":"2026-09-04T17:12:29","modified_gmt":"2026-09-04T17:12:29","slug":"la-sainte-tunique-du-christ-va-quitter-argenteuil-pour-la-visite-de-leon-xiv-les-coulisses-dun-deplacement-exceptionnel-au-stade-de-france","status":"publish","type":"post","link":"https:\/\/www.europesays.com\/fr\/1167269\/","title":{"rendered":"La Sainte Tunique du Christ va quitter Argenteuil pour la visite de L\u00e9on XIV : les coulisses d\u2019un d\u00e9placement exceptionnel au Stade de France"},"content":{"rendered":"<p>\n    <strong>R\u00c9CIT<\/strong> &#8211; Dans trois semaines, la Sainte Tunique d\u2019Argenteuil fera l\u2019objet d\u2019une rare ostension hors des murs de la basilique Saint-Denys, devant le pape et 80.000 jeunes. Le p\u00e8re Guy-Emmanuel Cariot, ancien recteur de l\u2019\u00e9difice religieux, \u00e9voque aupr\u00e8s du Figaro une relique qui \u00abnous plonge au c\u0153ur de la foi\u00bb.<\/p>\n<p class=\"fig-paragraph\">Officialis\u00e9e le 2 septembre, la pr\u00e9sence de la Sainte Tunique d\u2019Argenteuil\u00a0<a href=\"http:\/\/www.lefigaro.fr\/actualite-france\/visite-de-leon-xiv-en-france-le-stade-de-france-complet-deja-200-000-inscrits-pour-la-messe-a-paris-20260811\" data-fig-type=\"NewsFlash\" data-gtm-custom-categorie=\"navigation\" data-gtm-custom-action=\"crossclick\" data-gtm-custom-label=\"Contextuel\" data-gtm-event=\"customEventSPE\" data-fig-domain=\"LEFIGARO\" rel=\"nofollow noopener\" target=\"_blank\">au Stade de France pour la veill\u00e9e de pri\u00e8re organis\u00e9e en marge de la visite en France de L\u00e9on XIV<\/a>, le 25 septembre prochain, se pr\u00e9pare dans l\u2019urgence depuis plusieurs semaines. D\u00e9but ao\u00fbt, Gabriel Hostachy, \u00e9b\u00e9niste, re\u00e7oit un appel inattendu\u00a0: on lui propose de concevoir, en deux mois, un nouveau reliquaire pour le v\u00eatement qui\u00a0<a href=\"http:\/\/www.lefigaro.fr\/actualite-france\/jean-christian-petitfils-la-sainte-tunique-d-argenteuil-a-bien-ete-portee-par-jesus-sur-le-chemin-de-croix-20250418\" data-fig-type=\"Article\" data-gtm-custom-categorie=\"navigation\" data-gtm-custom-action=\"crossclick\" data-gtm-custom-label=\"Contextuel\" data-gtm-event=\"customEventSPE\" data-fig-domain=\"LEFIGARO\" rel=\"nofollow noopener\" target=\"_blank\">a, selon les \u00c9critures, \u00e9t\u00e9 port\u00e9 par le Christ<\/a>\u00a0durant sa Passion.<\/p>\n<p class=\"fig-paragraph\">L\u2019\u00e9b\u00e9niste h\u00e9site. \u00abLe d\u00e9lai \u00e9tait quand m\u00eame tr\u00e8s court et le projet un peu ambitieux\u00bb, raconte-t-il au Figaro. Mais l\u2019occasion est difficile \u00e0 refuser\u00a0: \u00abCe n\u2019est pas tous les jours qu\u2019on a une proposition comme celle-ci.\u00bb Il accepte finalement, \u00e0 condition de parvenir \u00e0 imaginer un objet \u00ab\u00e0 la hauteur\u00bb de la relique tout en restant r\u00e9alisable en moins de deux mois. Depuis, le chantier occupe ses journ\u00e9es. Le reliquaire atteindra pr\u00e8s de quatre m\u00e8tres de haut. Il prendra la forme d\u2019un grand meuble vitr\u00e9 dans lequel\u2026<\/p>\n<p class=\"fig-premium-paywall__infos\">\n        Cet article est r\u00e9serv\u00e9 aux abonn\u00e9s.        Il vous reste 87% \u00e0 d\u00e9couvrir.\n    <\/p>\n<p>                <img  data- alt=\"Le Figaro\" class=\"fig-img--complete fig-img\"\/><\/p>\n<p class=\"fig-premium-paywall__title\">Vente Flash<\/p>\n<p class=\"fig-premium-paywall__subtitle\">-70% sur votre abonnement. Sans engagement.<\/p>\n<p class=\"fig-premium-paywall__connect\">\n                D\u00e9j\u00e0 abonn\u00e9\u00a0?                <a class=\"fig-premium-paywall__connect-link\" href=\"https:\/\/connect.lefigaro.fr\/login?client=horizon_web&amp;type=main&amp;redirect_uri=https%3A%2F%2Fwww.lefigaro.fr%2Factualite-france%2Fla-sainte-tunique-du-christ-va-quitter-argenteuil-pour-la-visite-de-leon-xiv-les-coulisses-d-un-deplacement-exceptionnel-au-stade-de-france-20260904\" data-js-gtm=\"{&quot;event&quot;:&quot;customEventGA4&quot;,&quot;eventName&quot;:&quot;click_action&quot;,&quot;feature&quot;:&quot;paywall&quot;,&quot;location&quot;:&quot;paywall&quot;,&quot;button_action&quot;:&quot;connect&quot;,&quot;click_text&quot;:&quot;Connectez-vous&quot;}\" rel=\"nofollow noopener\" target=\"_blank\"><br \/>\n                    Connectez-vous<br \/>\n                <\/a>\n            <\/p>\n","protected":false},"excerpt":{"rendered":"R\u00c9CIT &#8211; Dans trois semaines, la Sainte Tunique d\u2019Argenteuil fera l\u2019objet d\u2019une rare ostension hors des murs de&hellip;\n","protected":false},"author":2,"featured_media":1167270,"comment_status":"","ping_status":"","sticky":false,"template":"","format":"standard","meta":{"footnotes":"","_share_on_mastodon":"0"},"categories":[4],"tags":[11,18330,1011,27,20608,12,20114,25,14478],"class_list":["post-1167269","post","type-post","status-publish","format-standard","has-post-thumbnail","category-france","tag-actualites","tag-argenteuil","tag-fr","tag-france","tag-jesus-christ","tag-news","tag-pape-leon-xiv","tag-republique-francaise","tag-stade-de-france"],"share_on_mastodon":{"url":"https:\/\/pubeurope.com\/@fr\/117213891717360390","error":""},"_links":{"self":[{"href":"https:\/\/www.europesays.com\/fr\/wp-json\/wp\/v2\/posts\/1167269","targetHints":{"allow":["GET"]}}],"collection":[{"href":"https:\/\/www.europesays.com\/fr\/wp-json\/wp\/v2\/posts"}],"about":[{"href":"https:\/\/www.europesays.com\/fr\/wp-json\/wp\/v2\/types\/post"}],"author":[{"embeddable":true,"href":"https:\/\/www.europesays.com\/fr\/wp-json\/wp\/v2\/users\/2"}],"replies":[{"embeddable":true,"href":"https:\/\/www.europesays.com\/fr\/wp-json\/wp\/v2\/comments?post=1167269"}],"version-history":[{"count":0,"href":"https:\/\/www.europesays.com\/fr\/wp-json\/wp\/v2\/posts\/1167269\/revisions"}],"wp:featuredmedia":[{"embeddable":true,"href":"https:\/\/www.europesays.com\/fr\/wp-json\/wp\/v2\/media\/1167270"}],"wp:attachment":[{"href":"https:\/\/www.europesays.com\/fr\/wp-json\/wp\/v2\/media?parent=1167269"}],"wp:term":[{"taxonomy":"category","embeddable":true,"href":"https:\/\/www.europesays.com\/fr\/wp-json\/wp\/v2\/categories?post=1167269"},{"taxonomy":"post_tag","embeddable":true,"href":"https:\/\/www.europesays.com\/fr\/wp-json\/wp\/v2\/tags?post=1167269"}],"curies":[{"name":"wp","href":"https:\/\/api.w.org\/{rel}","templated":true}]}}