{"id":1167271,"date":"2026-09-04T17:13:17","date_gmt":"2026-09-04T17:13:17","guid":{"rendered":"https:\/\/www.europesays.com\/fr\/1167271\/"},"modified":"2026-09-04T17:13:17","modified_gmt":"2026-09-04T17:13:17","slug":"injouable-au-sein-de-lechappee-wout-van-aert-remporte-la-13e-etape-de-la-vuelta-devant-valentin-paret-peintre-lequipe-fr","status":"publish","type":"post","link":"https:\/\/www.europesays.com\/fr\/1167271\/","title":{"rendered":"Injouable au sein de l&#039;\u00e9chapp\u00e9e, Wout Van Aert remporte la 13e \u00e9tape de la Vuelta devant Valentin Paret-Peintre &#8211; lequipe.fr"},"content":{"rendered":"<ol>\n<li><a href=\"https:\/\/news.google.com\/rss\/articles\/CBMigAJBVV95cUxQbXZWbDk2elZUc3J1ZF9pRl9qakgxeXZLeWR2eUVsbFVrOU8zcWU2ajhpSy1zREFNOHA5amFxS3ZVMTlyVWJxLUFib1RINjFKS2VMc1UtTnlxY0VqMEh6UVE5Zmo4aThEUE9DblBGenJhVUpsc2ktU2hCNXZqaVFkS3oxMm1ITUZOalJSSGFqTWF2ZkVzWmtXOTh3amlxRmhZSTFFV2JnMUtZTFltQzdQZ3JjVTBOeG1pdmI1Z1BmQ2RQMENLTVVmRHJlblRnaG9QUWtZSFJPRk9FWDVhNjVHdVZNNzZQYnRrdFBPTnpmbWYwTVp0SW81NWFpVTI3c3hD?oc=5\" target=\"_blank\" rel=\"nofollow noopener\">Injouable au sein de l&rsquo;\u00e9chapp\u00e9e, Wout Van Aert remporte la 13e \u00e9tape de la Vuelta devant Valentin Paret-Peintre<\/a>&nbsp;&nbsp;lequipe.fr<\/li>\n<li><a href=\"https:\/\/news.google.com\/rss\/articles\/CBMiigJBVV95cUxPcWt6WF9NZ21GSHl6Z3V2cGpRdkJXWVRBZnN0WE9QeERZWGhJVk1pMmNnUVJsRl9kdndsN2JCUjZxVUp6WlZYaFIwSGNLVHM1bXk4NUJoMWNWdFdBeThrdnRvOHF6enZpaDkxZGRNRmlROHdrR05GVXFnMjlYYTFDamVNZmZlWU8xZmdpZF9oTEFKU0I4a185M3c0eTNmM3ZZeWZSM2JZTU55Nms0QkgzbEVFUDVWeklNbjhrOGVNWkl2X2FDSXJFY0NqUmlMOXFHb2I3VnNVTFdONG52ZTBBZl8ybzhTOHozOUdhZ2xXbWRlbldHcGFDVGcyVm1sLTdCVkE5WVlybFZNUQ?oc=5\" target=\"_blank\" rel=\"nofollow noopener\">Wout Van Aert, apr\u00e8s sa victoire sur la 13e \u00e9tape de la Vuelta : \u00abValentin Paret-Peintre \u00e9tait un bon compagnon de sortie\u00bb<\/a>&nbsp;&nbsp;lequipe.fr<\/li>\n<li><a href=\"https:\/\/news.google.com\/rss\/articles\/CBMi0wFBVV95cUxOVEVmVjJTX0NNdVlrOGViOFczblFhRkU3SktQVFFuUDBicW96U01IZnlUWEFVbDM1Z2kxRHJDN1Fub09kTXNKUFdESTVJZ3FCcVNlcEdsYzZuV1VmVXp3c201WTM2Q3pIWUF3VGlwc3duTVBTMURKajVRQm43WTk5LWw5UVhaNVZkbVhhN0VnUjZsbzMtMWpSaExORTEzc2oyY2tnUHk1OWNzMW52bGh2dlQtSUdTMVp6UUZoWkN3YUtPTmMyUlN3MTVTcnhtNG5EemxJ0gHSAUFVX3lxTE5EejFOQlROdXZzNnJVTnVTUWMxdnJKT3pCOTh4MUVHQ3J3bTVtZFpVbzkxTGhYd3AtR0V5Q0lQX1phdEZYYW9HQ3RfM0dLU1psanJneU9CTU1jckt5MUVmLXY4N2padWtTZXRRdEZ3TV90NW9rTUNXeWNzMWd0N1BFXzYxVkI4Z2p2UkU1VDFxdUdiUTgxWTUzSEJuWEZMam93b29XUktsTHgtRDRxQnZuRmV3eFA3OXh1T05PUnItbWFPeXlneVVIRlpndmx3Zzg1dw?oc=5\" target=\"_blank\" rel=\"nofollow noopener\">Vuelta (E13) : Van Aert \u00e9tait trop fort pour Paret-Peintre : Sports &#8211; Orange<\/a>&nbsp;&nbsp;Sports &#8211; Orange<\/li>\n<li><a href=\"https:\/\/news.google.com\/rss\/articles\/CBMi1AFBVV95cUxPZF8wZ2JGMUxNVVJFU19EZ3g3dmZtLWVROTRMQVRveUh6WTV0MzI3Z2dMYkxVNlYwRktDNnhaWVZjc21YS1NSa2o1Ql9KTGhoTDMtbnRhLWtPTkJ0Rnd0Rnl2T1p4NDMyeGhveG1ibGpYN1lscmR3bm9memdSRjdHRURiMklwUDZic0tlRFdfTW1DYndZWUJpejRGbXVuSFZxcDNZanZvQ3o3dGxTb2szYU1tU0cxZGZkaW1ldGlHRGJZcElPQlhrWVRvRW50eVVhRFIzQQ?oc=5\" target=\"_blank\" rel=\"nofollow noopener\">Tour d&rsquo;Espagne 2026 &#8211; Suivez la 13e \u00e9tape EN DIRECT<\/a>&nbsp;&nbsp;Eurosport<\/li>\n<li><a href=\"https:\/\/news.google.com\/rss\/articles\/CBMixAFBVV95cUxPaGV3aWtocHlxdEh2MkNMdjJLOV9OTjk0R1h1N29tVWx5azdGXzJ2NXhqVDc3V09NbkxlSEtqZUtqN0paM2haNFROMFo1NndPWUFZZVlNZURPZjNIcTVJSHN2Ml9QdHhvXzhIa1NNdzNHSzFWRk5zYTA3NkZGeVhSRUxqY3J1THZ6SklrMThzSjRFUjNNbWMxVEJPc3JnWVVyZzZ2RUtMNmJQWk50dXZjd25EQ1JxVUZXb2IyZ2NvUE9sSFRk?oc=5\" target=\"_blank\" rel=\"nofollow noopener\">Classement g\u00e9n\u00e9ral et r\u00e9sultats apr\u00e8s la 13e \u00e9tape du Tour d\u2019Espagne<\/a>&nbsp;&nbsp;20 Minutes<\/li>\n<\/ol>\n","protected":false},"excerpt":{"rendered":"Injouable au sein de l&rsquo;\u00e9chapp\u00e9e, Wout Van Aert remporte la 13e \u00e9tape de la Vuelta devant Valentin Paret-Peintre&nbsp;&nbsp;lequipe.fr&hellip;\n","protected":false},"author":2,"featured_media":1167272,"comment_status":"","ping_status":"","sticky":false,"template":"","format":"standard","meta":{"footnotes":"","_share_on_mastodon":"0"},"categories":[2],"tags":[5734,90171,11,10070,1011,27,12,86796,1140,108261,11698],"class_list":["post-1167271","post","type-post","status-publish","format-standard","has-post-thumbnail","category-actualites","tag-5734","tag-a-effacer","tag-actualites","tag-cyclisme-sur-route","tag-fr","tag-france","tag-news","tag-resumes-et-cr","tag-tour-despagne","tag-valentin-paret-peintre","tag-wout-van-aert"],"share_on_mastodon":{"url":"https:\/\/pubeurope.com\/@fr\/117213895535928839","error":""},"_links":{"self":[{"href":"https:\/\/www.europesays.com\/fr\/wp-json\/wp\/v2\/posts\/1167271","targetHints":{"allow":["GET"]}}],"collection":[{"href":"https:\/\/www.europesays.com\/fr\/wp-json\/wp\/v2\/posts"}],"about":[{"href":"https:\/\/www.europesays.com\/fr\/wp-json\/wp\/v2\/types\/post"}],"author":[{"embeddable":true,"href":"https:\/\/www.europesays.com\/fr\/wp-json\/wp\/v2\/users\/2"}],"replies":[{"embeddable":true,"href":"https:\/\/www.europesays.com\/fr\/wp-json\/wp\/v2\/comments?post=1167271"}],"version-history":[{"count":0,"href":"https:\/\/www.europesays.com\/fr\/wp-json\/wp\/v2\/posts\/1167271\/revisions"}],"wp:featuredmedia":[{"embeddable":true,"href":"https:\/\/www.europesays.com\/fr\/wp-json\/wp\/v2\/media\/1167272"}],"wp:attachment":[{"href":"https:\/\/www.europesays.com\/fr\/wp-json\/wp\/v2\/media?parent=1167271"}],"wp:term":[{"taxonomy":"category","embeddable":true,"href":"https:\/\/www.europesays.com\/fr\/wp-json\/wp\/v2\/categories?post=1167271"},{"taxonomy":"post_tag","embeddable":true,"href":"https:\/\/www.europesays.com\/fr\/wp-json\/wp\/v2\/tags?post=1167271"}],"curies":[{"name":"wp","href":"https:\/\/api.w.org\/{rel}","templated":true}]}}