{"id":1167277,"date":"2026-09-04T17:18:19","date_gmt":"2026-09-04T17:18:19","guid":{"rendered":"https:\/\/www.europesays.com\/fr\/1167277\/"},"modified":"2026-09-04T17:18:19","modified_gmt":"2026-09-04T17:18:19","slug":"grand-nancy-le-centre-de-soins-medica-etend-son-accueil-des-urgences-aux-samedis","status":"publish","type":"post","link":"https:\/\/www.europesays.com\/fr\/1167277\/","title":{"rendered":"Grand Nancy. Le centre de soins M\u00e9dica \u00e9tend son accueil des urgences aux samedis"},"content":{"rendered":"<p>Les gens tombent malades tous les jours, pourquoi on ne les soignerait que cinq sur sept\u00a0?\u00a0\u00bb fait valoir S\u00e9bastien Portemer, directeur du centre de soins non programm\u00e9s M\u00e9dica du groupe Elsan. L\u2019extension de l\u2019activit\u00e9 aux samedis de 8\u00a0h \u00e0 20\u00a0h en continu est \u00e0 peine lanc\u00e9e ce 4\u00a0septembre que le directeur \u00e9voque d\u00e9j\u00e0 la possibilit\u00e9 d\u2019une prolongation prochaine sur les dimanches.<\/p>\n<p>Pour ceux qui ne connaissent pas encore, M\u00e9dica est implant\u00e9e en partie dans les anciens locaux, totalement r\u00e9nov\u00e9s, de la clinique de Gentilly. Voil\u00e0 pour situer g\u00e9ographiquement ce centre d\u2019accueil des \u201cpetites urgences\u201d.<\/p>\n<p>Suspic&#8230;<\/p>\n","protected":false},"excerpt":{"rendered":"Les gens tombent malades tous les jours, pourquoi on ne les soignerait que cinq sur sept\u00a0?\u00a0\u00bb fait valoir&hellip;\n","protected":false},"author":2,"featured_media":1167278,"comment_status":"","ping_status":"","sticky":false,"template":"","format":"standard","meta":{"footnotes":"","_share_on_mastodon":"0"},"categories":[9635],"tags":[1111,11,1704,1777,674,1011,27,775,3457,1702,1703,12,25,71],"class_list":["post-1167277","post","type-post","status-publish","format-standard","has-post-thumbnail","category-nancy","tag-actu","tag-actualites","tag-edition-nancy-et-agglomeration","tag-eu","tag-europe","tag-fr","tag-france","tag-grand-est","tag-meurthe-et-moselle","tag-nancy","tag-nancy-ville-54b","tag-news","tag-republique-francaise","tag-sante"],"share_on_mastodon":{"url":"https:\/\/pubeurope.com\/@fr\/117213915185716635","error":""},"_links":{"self":[{"href":"https:\/\/www.europesays.com\/fr\/wp-json\/wp\/v2\/posts\/1167277","targetHints":{"allow":["GET"]}}],"collection":[{"href":"https:\/\/www.europesays.com\/fr\/wp-json\/wp\/v2\/posts"}],"about":[{"href":"https:\/\/www.europesays.com\/fr\/wp-json\/wp\/v2\/types\/post"}],"author":[{"embeddable":true,"href":"https:\/\/www.europesays.com\/fr\/wp-json\/wp\/v2\/users\/2"}],"replies":[{"embeddable":true,"href":"https:\/\/www.europesays.com\/fr\/wp-json\/wp\/v2\/comments?post=1167277"}],"version-history":[{"count":0,"href":"https:\/\/www.europesays.com\/fr\/wp-json\/wp\/v2\/posts\/1167277\/revisions"}],"wp:featuredmedia":[{"embeddable":true,"href":"https:\/\/www.europesays.com\/fr\/wp-json\/wp\/v2\/media\/1167278"}],"wp:attachment":[{"href":"https:\/\/www.europesays.com\/fr\/wp-json\/wp\/v2\/media?parent=1167277"}],"wp:term":[{"taxonomy":"category","embeddable":true,"href":"https:\/\/www.europesays.com\/fr\/wp-json\/wp\/v2\/categories?post=1167277"},{"taxonomy":"post_tag","embeddable":true,"href":"https:\/\/www.europesays.com\/fr\/wp-json\/wp\/v2\/tags?post=1167277"}],"curies":[{"name":"wp","href":"https:\/\/api.w.org\/{rel}","templated":true}]}}