{"id":1167281,"date":"2026-09-04T17:20:17","date_gmt":"2026-09-04T17:20:17","guid":{"rendered":"https:\/\/www.europesays.com\/fr\/1167281\/"},"modified":"2026-09-04T17:20:17","modified_gmt":"2026-09-04T17:20:17","slug":"des-faits-dune-extreme-gravite-jusqua-4-ans-de-prison-apres-des-violences-gratuites-a-la-sortie-dune-boite-de-nuit-entre-toulon-et-hyeres","status":"publish","type":"post","link":"https:\/\/www.europesays.com\/fr\/1167281\/","title":{"rendered":"\u00ab\u00a0Des faits d\u2019une extr\u00eame gravit\u00e9\u00a0\u00bb\u00a0: jusqu\u2019\u00e0 4\u00a0ans de prison apr\u00e8s des violences gratuites \u00e0 la sortie d\u2019une bo\u00eete de nuit entre Toulon et Hy\u00e8res"},"content":{"rendered":"<p>Trois jeunes adultes ont \u00e9t\u00e9 condamn\u00e9s ce mercredi \u00e0 Toulon \u00e0 des peines comprises <strong>entre deux ans et demi et quatre ans de prison<\/strong> pour des violences en r\u00e9union commises au petit matin du dimanche 21\u00a0juin 2026 \u00e0 Carqueiranne.<\/p>\n<p>Les faits se sont produits vers 6\u00a0heures apr\u00e8s que les protagonistes ont pass\u00e9 la nuit dans l\u2019\u00e9tablissement Le\u202fProsper. <strong>Aucune explication n\u2019a pu \u00eatre donn\u00e9e<\/strong> \u00e0 la pluie de coups inflig\u00e9e \u00e0 la victime qui se dirigeait \u00e0 pied vers une boulangerie pour acheter des viennoiseries. La d\u00e9fense a propos\u00e9 \u00ab\u00a0un effet de groupe comme \u00e9l\u00e9ment d\u00e9clencheur\u00a0\u00bb.<\/p>\n<p>Les trois mis en cause circulaient en voiture quand l\u2019un d\u2019entre eux a demand\u00e9 au conducteur \u2013 sobre \u2013 d\u2019arr\u00eater le v\u00e9hicule. Il est alors all\u00e9 porter <strong>un premier coup de poing<\/strong> au jeune homme qui, comme les pr\u00e9venus, sortait de la bo\u00eete de nuit.<\/p>\n<p class=\"fs-5 \">Les deux amis de l\u2019agresseur l\u2019ont rejoint et ont \u00e9galement frapp\u00e9 la victime qui avait chut\u00e9 au sol d\u00e8s le premier coup. <strong>Avec plusieurs fractures au niveau du visage et du cr\u00e2ne<\/strong>, le jeune homme s\u2019est vu d\u00e9livrer trente jours \u00ab\u00a0d\u2019incapacit\u00e9 totale de travail\u00a0\u00bb.<\/p>\n<p class=\"fs-5 \">Une partie de la sc\u00e8ne a \u00e9t\u00e9 film\u00e9e par une riveraine r\u00e9veill\u00e9e par le tumulte entourant les faits. Des agents de s\u00e9curit\u00e9 du Prosper sont \u00e9galement intervenus. Les auteurs ont \u00e9t\u00e9 <strong>rapidement identifi\u00e9s<\/strong> par la police remontant leur piste gr\u00e2ce au num\u00e9ro d\u2019immatriculation de leur v\u00e9hicule.<\/p>\n<p>        <img id=\"article-thumbnail-7\" src=\"https:\/\/www.europesays.com\/fr\/wp-content\/uploads\/2026\/09\/ARTVIEW-10714771-1200-800-c69c164_upload-from-url-1-fcw3t5onnznc-data-art-16282630.jpg\"   width=\"600\" height=\"400\" loading=\"lazy\" decoding=\"async\" alt=\"Le Palais de justice de Grasse. \" class=\"img-fluid position-absolute w-100 h-100 object-fit-cover rounded-2\"\/><\/p>\n<p class=\"fs-5 \">Deux des trois pr\u00e9venus sont<strong> \u00e2g\u00e9s de 18\u202fans<\/strong> et \u00e9taient inscrits dans des centres de formation d\u2019apprentis. Le troisi\u00e8me \u2013 d\u00e9favorablement connu de la justice et \u00e0 peine plus \u00e2g\u00e9 \u2013 \u00e9tait en situation \u00ab\u00a0de travailler pour indemniser\u00a0\u00bb la victime, a plaid\u00e9 son avocate tentant d\u2019arracher une peine non privative de libert\u00e9.<\/p>\n<p class=\"fs-5 \">\u00ab\u00a0Compte tenu de l\u2019extr\u00eame gravit\u00e9 des faits, le tribunal a apport\u00e9 <strong>une r\u00e9ponse ferme<\/strong>\u00a0\u00bb, a cependant soulign\u00e9 la pr\u00e9sidente de l\u2019audience lors du prononc\u00e9 de son d\u00e9lib\u00e9r\u00e9. Le trio a \u00e9t\u00e9 maintenu en d\u00e9tention.<\/p>\n","protected":false},"excerpt":{"rendered":"Trois jeunes adultes ont \u00e9t\u00e9 condamn\u00e9s ce mercredi \u00e0 Toulon \u00e0 des peines comprises entre deux ans et&hellip;\n","protected":false},"author":2,"featured_media":1167282,"comment_status":"","ping_status":"","sticky":false,"template":"","format":"standard","meta":{"footnotes":"","_share_on_mastodon":"0"},"categories":[9619],"tags":[1111,11,1777,674,1011,27,12,882,25,2310],"class_list":["post-1167281","post","type-post","status-publish","format-standard","has-post-thumbnail","category-toulon","tag-actu","tag-actualites","tag-eu","tag-europe","tag-fr","tag-france","tag-news","tag-provence-alpes-cote-dazur","tag-republique-francaise","tag-toulon"],"share_on_mastodon":{"url":"https:\/\/pubeurope.com\/@fr\/117213924471300943","error":""},"_links":{"self":[{"href":"https:\/\/www.europesays.com\/fr\/wp-json\/wp\/v2\/posts\/1167281","targetHints":{"allow":["GET"]}}],"collection":[{"href":"https:\/\/www.europesays.com\/fr\/wp-json\/wp\/v2\/posts"}],"about":[{"href":"https:\/\/www.europesays.com\/fr\/wp-json\/wp\/v2\/types\/post"}],"author":[{"embeddable":true,"href":"https:\/\/www.europesays.com\/fr\/wp-json\/wp\/v2\/users\/2"}],"replies":[{"embeddable":true,"href":"https:\/\/www.europesays.com\/fr\/wp-json\/wp\/v2\/comments?post=1167281"}],"version-history":[{"count":0,"href":"https:\/\/www.europesays.com\/fr\/wp-json\/wp\/v2\/posts\/1167281\/revisions"}],"wp:featuredmedia":[{"embeddable":true,"href":"https:\/\/www.europesays.com\/fr\/wp-json\/wp\/v2\/media\/1167282"}],"wp:attachment":[{"href":"https:\/\/www.europesays.com\/fr\/wp-json\/wp\/v2\/media?parent=1167281"}],"wp:term":[{"taxonomy":"category","embeddable":true,"href":"https:\/\/www.europesays.com\/fr\/wp-json\/wp\/v2\/categories?post=1167281"},{"taxonomy":"post_tag","embeddable":true,"href":"https:\/\/www.europesays.com\/fr\/wp-json\/wp\/v2\/tags?post=1167281"}],"curies":[{"name":"wp","href":"https:\/\/api.w.org\/{rel}","templated":true}]}}