{"id":1167283,"date":"2026-09-04T17:21:17","date_gmt":"2026-09-04T17:21:17","guid":{"rendered":"https:\/\/www.europesays.com\/fr\/1167283\/"},"modified":"2026-09-04T17:21:17","modified_gmt":"2026-09-04T17:21:17","slug":"perene-sinstalle-a-toulon-et-transforme-un-cinema-historique-en-ecrin-dedie-a-lamenagement-interieur","status":"publish","type":"post","link":"https:\/\/www.europesays.com\/fr\/1167283\/","title":{"rendered":"Perene s\u2019installe \u00e0 Toulon et transforme un cin\u00e9ma historique en \u00e9crin d\u00e9di\u00e9 \u00e0 l\u2019am\u00e9nagement int\u00e9rieur"},"content":{"rendered":"<p>\u00c0 la t\u00eate de cette boutique de 90 m\u00b2, Lucille et Charles mettent leur exp\u00e9rience de designers au service d\u2019une approche globale de l\u2019am\u00e9nagement int\u00e9rieur. Architecture d\u2019int\u00e9rieur, agencement sur mesure et d\u00e9coration se combinent pour concevoir des projets adapt\u00e9s aux envies et au mode de vie de chaque client. Cette ouverture illustre \u00e9galement la volont\u00e9 de Perene de s\u2019appuyer sur des profils cr\u00e9atifs capables de proposer des r\u00e9alisations fortement personnalis\u00e9es.<\/p>\n<p>Perene mise sur des agenceurs cr\u00e9atifs pour imaginer des int\u00e9rieurs uniques<\/p>\n<p>Dans l\u2019univers de la maison, de la d\u00e9coration et de l\u2019agencement, Perene revendique une approche qui d\u00e9passe la seule conception d\u2019une pi\u00e8ce. L\u2019enseigne r\u00e9unit architecture d\u2019int\u00e9rieur, agencement sur mesure et d\u00e9coration afin d\u2019accompagner aussi bien la transformation d\u2019un espace que celle d\u2019un int\u00e9rieur dans son ensemble.<\/p>\n<p>Dans chaque boutique Perene, cette expertise est port\u00e9e par un agenceur qui accompagne les clients dans la conception d\u2019un projet adapt\u00e9 \u00e0 leurs envies, leurs usages et leur mode de vie. L\u2019objectif est de donner naissance \u00e0 des r\u00e9alisations dot\u00e9es d\u2019une identit\u00e9 forte et d\u2019un haut niveau de personnalisation.<\/p>\n<p>Chaque implantation constitue ainsi une nouvelle \u00e9tape dans le d\u00e9veloppement du r\u00e9seau, mais \u00e9galement une aventure entrepreneuriale et humaine. Elle permet \u00e0 Perene d\u2019accueillir de nouveaux agenceurs, chacun apportant son parcours, sa sensibilit\u00e9 et son univers cr\u00e9atif. Ces professionnels sont notamment form\u00e9s \u00e0 leur nouveau m\u00e9tier au sein de la Perene Academy.<\/p>\n<p>\u00c0 Toulon, Perene transforme l\u2019ancien cin\u00e9ma L\u2019Ariel en lieu de vie inspirant<\/p>\n<p>Pour sa nouvelle implantation toulonnaise, Perene a choisi une adresse charg\u00e9e d\u2019histoire : l\u2019ancien cin\u00e9ma \u00ab L\u2019Ariel \u00bb, lieu embl\u00e9matique de la ville. L\u2019espace a \u00e9t\u00e9 enti\u00e8rement r\u00e9interpr\u00e9t\u00e9 pour devenir un appartement de 90 m\u00b2 consacr\u00e9 \u00e0 l\u2019am\u00e9nagement int\u00e9rieur haut de gamme.<\/p>\n<p>Pens\u00e9e comme un v\u00e9ritable lieu de vie, la boutique invite les visiteurs \u00e0 se projeter d\u00e8s leur arriv\u00e9e. La sc\u00e9nographie joue sur les mati\u00e8res, la lumi\u00e8re et les diff\u00e9rents agencements pour cr\u00e9er une atmosph\u00e8re immersive. Le parcours r\u00e9v\u00e8le notamment une cuisine en marbre de Carrare aux inspirations m\u00e9diterran\u00e9ennes, un salon int\u00e9grant des cr\u00e9ations de la designer marseillaise Margaux Keller ou encore une salle de bain habill\u00e9e de fa\u00efences italiennes vert d\u2019eau. Un dressing avec une coiffeuse en pierre de lave compl\u00e8te cet univers. L\u2019histoire du b\u00e2timent n\u2019a pas pour autant \u00e9t\u00e9 effac\u00e9e. Plusieurs r\u00e9f\u00e9rences discr\u00e8tes au cin\u00e9ma ponctuent la visite, tandis qu\u2019une pi\u00e8ce secr\u00e8te aux murs bleu Klein apporte une dimension inattendue \u00e0 l\u2019ensemble.<\/p>\n<p>Situ\u00e9e \u00e0 l\u2019entr\u00e9e du centre-ville, la boutique profite \u00e9galement d\u2019une large vitrine qui laisse entrer la lumi\u00e8re naturelle. Son ambiance cosy, ses \u00e9clairages travaill\u00e9s et son esth\u00e9tique inspir\u00e9e de la French Riviera m\u00ealent \u00e9l\u00e9gance proven\u00e7ale et influences contemporaines.<\/p>\n<p>Lucille et Charles apportent leur culture du design \u00e0 Perene Toulon<\/p>\n<p>Derri\u00e8re cette nouvelle adresse se trouvent Lucille et Charles, un couple de designers r\u00e9uni autour d\u2019une m\u00eame conception de leur m\u00e9tier : un projet d\u2019am\u00e9nagement r\u00e9ussi commence par une compr\u00e9hension pr\u00e9cise des personnes qui vont vivre dans les espaces cr\u00e9\u00e9s. Tous deux disposent de plus de quinze ann\u00e9es d\u2019exp\u00e9rience dans le design industriel, l\u2019innovation et la conception de produits. Ils ont exerc\u00e9 pour de grands groupes, mais \u00e9galement au sein de leur propre studio. Leur nouvelle aventure avec Perene leur permet d\u00e9sormais de mettre cette culture du design au service de l\u2019habitat.<\/p>\n<p>Leur m\u00e9thode conserve les principes acquis au cours de leur parcours professionnel. Avant de dessiner un projet ou de s\u00e9lectionner des mat\u00e9riaux, Lucille et Charles commencent par analyser les usages et les attentes de leurs clients. C\u2019est dans cette approche que leur rencontre avec Perene a trouv\u00e9 sa coh\u00e9rence. Install\u00e9s \u00e0 Toulon, ville choisie pour son cadre m\u00e9diterran\u00e9en et son art de vivre, ils ont imagin\u00e9 une boutique \u00e0 leur image.<\/p>\n<p>\u00c0 travers cette nouvelle implantation, les deux entrepreneurs souhaitent proposer une exp\u00e9rience de conception fond\u00e9e sur l\u2019\u00e9coute, la r\u00e9flexion et la personnalisation. Une mani\u00e8re, pour Perene, d\u2019enrichir son r\u00e9seau avec deux nouveaux agenceurs dont la culture du design nourrit une approche exigeante et chaleureuse de l\u2019am\u00e9nagement int\u00e9rieur.<\/p>\n","protected":false},"excerpt":{"rendered":"\u00c0 la t\u00eate de cette boutique de 90 m\u00b2, Lucille et Charles mettent leur exp\u00e9rience de designers au&hellip;\n","protected":false},"author":2,"featured_media":1167284,"comment_status":"","ping_status":"","sticky":false,"template":"","format":"standard","meta":{"footnotes":"","_share_on_mastodon":"0"},"categories":[9619],"tags":[1111,11,1777,674,1011,27,12,882,25,2310],"class_list":["post-1167283","post","type-post","status-publish","format-standard","has-post-thumbnail","category-toulon","tag-actu","tag-actualites","tag-eu","tag-europe","tag-fr","tag-france","tag-news","tag-provence-alpes-cote-dazur","tag-republique-francaise","tag-toulon"],"share_on_mastodon":{"url":"https:\/\/pubeurope.com\/@fr\/117213926949392828","error":""},"_links":{"self":[{"href":"https:\/\/www.europesays.com\/fr\/wp-json\/wp\/v2\/posts\/1167283","targetHints":{"allow":["GET"]}}],"collection":[{"href":"https:\/\/www.europesays.com\/fr\/wp-json\/wp\/v2\/posts"}],"about":[{"href":"https:\/\/www.europesays.com\/fr\/wp-json\/wp\/v2\/types\/post"}],"author":[{"embeddable":true,"href":"https:\/\/www.europesays.com\/fr\/wp-json\/wp\/v2\/users\/2"}],"replies":[{"embeddable":true,"href":"https:\/\/www.europesays.com\/fr\/wp-json\/wp\/v2\/comments?post=1167283"}],"version-history":[{"count":0,"href":"https:\/\/www.europesays.com\/fr\/wp-json\/wp\/v2\/posts\/1167283\/revisions"}],"wp:featuredmedia":[{"embeddable":true,"href":"https:\/\/www.europesays.com\/fr\/wp-json\/wp\/v2\/media\/1167284"}],"wp:attachment":[{"href":"https:\/\/www.europesays.com\/fr\/wp-json\/wp\/v2\/media?parent=1167283"}],"wp:term":[{"taxonomy":"category","embeddable":true,"href":"https:\/\/www.europesays.com\/fr\/wp-json\/wp\/v2\/categories?post=1167283"},{"taxonomy":"post_tag","embeddable":true,"href":"https:\/\/www.europesays.com\/fr\/wp-json\/wp\/v2\/tags?post=1167283"}],"curies":[{"name":"wp","href":"https:\/\/api.w.org\/{rel}","templated":true}]}}