{"id":1167285,"date":"2026-09-04T17:22:21","date_gmt":"2026-09-04T17:22:21","guid":{"rendered":"https:\/\/www.europesays.com\/fr\/1167285\/"},"modified":"2026-09-04T17:22:21","modified_gmt":"2026-09-04T17:22:21","slug":"montpellier-la-ville-celebre-la-saison-mediterranee-2026-en-vingt-rendez-vous-du-8-septembre-au-25-octobre","status":"publish","type":"post","link":"https:\/\/www.europesays.com\/fr\/1167285\/","title":{"rendered":"Montpellier | La ville c\u00e9l\u00e8bre la Saison M\u00e9diterran\u00e9e 2026 en vingt rendez-vous \u2013 du 8 septembre au 25 octobre"},"content":{"rendered":"<p>\t\t\t\tDu 8 septembre au 25 octobre, Montpellier d\u00e9ploie son temps fort de la Saison M\u00e9diterran\u00e9e 2026, initiative nationale port\u00e9e par l\u2019Institut fran\u00e7ais sous le commissariat g\u00e9n\u00e9ral de Julie Kretzschmar : plus de vingt rendez-vous r\u00e9unissent sept structures labellis\u00e9es \u2013 Arabesques, Cinemed, le Th\u00e9\u00e2tre des 13 Vents, l\u2019Atelline, le FRAC Occitanie Montpellier, l\u2019Agora Cit\u00e9 internationale de la danse et la compagnie L\u2019Op\u00e9ratrice \u2013 autour du spectacle vivant, du cin\u00e9ma, des arts visuels et des musiques m\u00e9diterran\u00e9ennes.<\/p>\n<p style=\"text-align: justify;\">Du 18 au 20 septembre, le festival Arabesques inaugure au Domaine d\u2019O son premier Music Forum, d\u00e9di\u00e9 \u00e0 la nouvelle sc\u00e8ne musicale de la rive sud m\u00e9diterran\u00e9enne : showcases, rencontres professionnelles et remise du prix du Talent \u00e9mergent.<\/p>\n<p style=\"text-align: justify;\">Du 23 septembre au 15 octobre, le Th\u00e9\u00e2tre des 13 Vents CDN Montpellier invite avec Territoires communs trois \u00e9quipes artistiques du Liban et de Palestine, dont le collectif Zoukak et le Khashabi Theatre, pour un dialogue par-del\u00e0 les fronti\u00e8res.<\/p>\n<p style=\"text-align: justify;\">Le FRAC Occitanie Montpellier consacre, du 25 septembre au 23 d\u00e9cembre, une exposition monographique \u00e0 l\u2019artiste marocain <strong>Mohamed Lekleti<\/strong>, En d\u00e9s\u00e9quilibre, vernissage le 24 septembre.<\/p>\n<p style=\"text-align: justify;\">L\u2019Atelline programme du 15 au 25 octobre l\u2019installation monumentale Re-Lighthouse de l\u2019artiste palestinien <strong>Shareef Sarhan<\/strong>, reconstruite \u00e0 partir de d\u00e9bris de guerre de Gaza, puis le film-concert Tuqus le 21 octobre au Th\u00e9\u00e2tre de l\u2019Agora.<\/p>\n<p style=\"text-align: justify;\">Cinemed referme le parcours du 16 au 24 octobre pour sa 48\u1d49 \u00e9dition, avec un focus sur le jeune cin\u00e9ma \u00e9gyptien et une r\u00e9trospective in\u00e9dite de films fantastiques arabes.<\/p>\n<p style=\"text-align: justify;\">La journ\u00e9e de cl\u00f4ture, le 21 octobre, r\u00e9unit le solo Nari Chtaht de <strong>Moad Haddadi<\/strong> \u00e0 l\u2019Agora, Tuqus au Th\u00e9\u00e2tre de l\u2019Agora et une soir\u00e9e DJ gratuite de Cinemed au Rockstore.<\/p>\n<p style=\"text-align: justify;\">Plus d\u2019infos : <a href=\"https:\/\/www.montpellier.fr\/en\/campagnes\/mediterranean-france-season\" target=\"_blank\" rel=\"noopener nofollow\">montpellier.fr<\/a><br \/>Photo : Tuqus au Th\u00e9\u00e2tre de l\u2019Agora<\/p>\n","protected":false},"excerpt":{"rendered":"Du 8 septembre au 25 octobre, Montpellier d\u00e9ploie son temps fort de la Saison M\u00e9diterran\u00e9e 2026, initiative nationale&hellip;\n","protected":false},"author":2,"featured_media":1167286,"comment_status":"","ping_status":"","sticky":false,"template":"","format":"standard","meta":{"footnotes":"","_share_on_mastodon":"0"},"categories":[9599],"tags":[1111,11,120525,93422,111697,1777,674,1011,120526,27,107309,2208,12,2680,25,120527,96719],"class_list":["post-1167285","post","type-post","status-publish","format-standard","has-post-thumbnail","category-montpellier","tag-actu","tag-actualites","tag-agora-cite-internationale-de-la-danse","tag-arabesques","tag-cinemed","tag-eu","tag-europe","tag-fr","tag-frac-occitanie-montpellier","tag-france","tag-latelline","tag-montpellier","tag-news","tag-occitanie","tag-republique-francaise","tag-saison-mediterranee","tag-theatre-des-13-vents"],"share_on_mastodon":{"url":"https:\/\/pubeurope.com\/@fr\/117213930760215499","error":""},"_links":{"self":[{"href":"https:\/\/www.europesays.com\/fr\/wp-json\/wp\/v2\/posts\/1167285","targetHints":{"allow":["GET"]}}],"collection":[{"href":"https:\/\/www.europesays.com\/fr\/wp-json\/wp\/v2\/posts"}],"about":[{"href":"https:\/\/www.europesays.com\/fr\/wp-json\/wp\/v2\/types\/post"}],"author":[{"embeddable":true,"href":"https:\/\/www.europesays.com\/fr\/wp-json\/wp\/v2\/users\/2"}],"replies":[{"embeddable":true,"href":"https:\/\/www.europesays.com\/fr\/wp-json\/wp\/v2\/comments?post=1167285"}],"version-history":[{"count":0,"href":"https:\/\/www.europesays.com\/fr\/wp-json\/wp\/v2\/posts\/1167285\/revisions"}],"wp:featuredmedia":[{"embeddable":true,"href":"https:\/\/www.europesays.com\/fr\/wp-json\/wp\/v2\/media\/1167286"}],"wp:attachment":[{"href":"https:\/\/www.europesays.com\/fr\/wp-json\/wp\/v2\/media?parent=1167285"}],"wp:term":[{"taxonomy":"category","embeddable":true,"href":"https:\/\/www.europesays.com\/fr\/wp-json\/wp\/v2\/categories?post=1167285"},{"taxonomy":"post_tag","embeddable":true,"href":"https:\/\/www.europesays.com\/fr\/wp-json\/wp\/v2\/tags?post=1167285"}],"curies":[{"name":"wp","href":"https:\/\/api.w.org\/{rel}","templated":true}]}}