{"id":116729,"date":"2025-05-21T11:26:11","date_gmt":"2025-05-21T11:26:11","guid":{"rendered":"https:\/\/www.europesays.com\/fr\/116729\/"},"modified":"2025-05-21T11:26:11","modified_gmt":"2025-05-21T11:26:11","slug":"le-groupe-abba-pleure-la-disparition-de-lun-de-ses-proches-a-lorigine-de-son-succes","status":"publish","type":"post","link":"https:\/\/www.europesays.com\/fr\/116729\/","title":{"rendered":"Le groupe ABBA pleure la disparition de l&rsquo;un de ses proches \u00e0 l&rsquo;origine de son succ\u00e8s"},"content":{"rendered":"<p>Ce mardi 20 mai, les quatre membres du groupe ABBA ont pris la parole pour rendre hommage \u00e0 Michael B. Tretow, l&rsquo;ing\u00e9nieur du son \u00e0 l&rsquo;origine de l&rsquo;identit\u00e9 sonore que l&rsquo;on entend sur leurs chansons phares.<\/p>\n<p>Leurs prises de parole se font de plus en plus rares avec le temps. Mais en ce mardi 20 mai 2025, les quatre membres <a href=\"https:\/\/www.programme-tv.net\/news\/musique\/286566-exclu-la-rencontre-des-membres-dabba-etait-elle-predestinee-je-ne-crois-pas-en-ces-conneries-repond-bjorn-ulvaeus-video\/\" data-api-deeplink=\"teleloisirs:\/\/news\/286566\" rel=\"nofollow noopener\" target=\"_blank\">du groupe plan\u00e9taire ABBA<\/a> se sont exprim\u00e9s par voie de presse en raison de la disparition de l&rsquo;un de leurs proches : le musicien Michael B. Tretow. Ce dernier s&rsquo;est \u00e9teint ce jour-l\u00e0 \u00e0 l&rsquo;\u00e2ge de 80 ans et a travaill\u00e9 en \u00e9troite collaboration avec le groupe d\u00e8s les ann\u00e9es 1970. Cet ing\u00e9nieur du son a litt\u00e9ralement fa\u00e7onn\u00e9 l&rsquo;identit\u00e9 sonore si unique de ces chanteurs su\u00e9dois \u00e0 qui l&rsquo;on doit des tubes comme Dancing Queen, Mamma Mia, ou Gimme ! Gimme ! Gimme !.<\/p>\n<p>ABBA en deuil : les membres du groupe rendent hommage au cr\u00e9ateur du \u00ab\u00a0son ABBA\u00a0\u00bb<\/p>\n<p>Dans un communiqu\u00e9 paru sur le m\u00e9dia Aftonbladet et relay\u00e9 par le <a href=\"https:\/\/www.dailymail.co.uk\/tvshowbiz\/aaticle-14734499\/ABBA-icon-tragically-dies-tearful-tribute.html\" rel=\"nofollow noopener\" target=\"_blank\">Daily mail<\/a>, Benny Andersson, 78 ans, a rendu hommage \u00e0 Michael B. Tretow en d\u00e9clarant : \u00ab\u00a0Pour nous quatre, au sein d&rsquo;ABBA, tu comptais beaucoup. J&rsquo;esp\u00e8re et je crois que tu l&rsquo;as ressenti pendant toutes les ann\u00e9es qui se sont \u00e9coul\u00e9es depuis que nous avons travaill\u00e9 en studio. <a href=\"https:\/\/www.programme-tv.net\/news\/musique\/315852-abba-mania-50-ans-de-tubes-cultes-tmc-pourquoi-la-france-a-decouvert-le-groupe-une-semaine-apres-le-reste-du-monde\/\" data-api-deeplink=\"teleloisirs:\/\/news\/315852\" rel=\"nofollow noopener\" target=\"_blank\">Notre musique vit, semble-t-il<\/a>, et c&rsquo;est toi qui l&rsquo;as rendue intemporelle. Tu as \u00e9t\u00e9 une source d&rsquo;inspiration et de joie fantastique. Et le meilleur ing\u00e9nieur du son que le monde ait jamais connu. Tu me manques. Et j&rsquo;ai gard\u00e9 toutes tes noix de coco !\u00a0\u00bb. <a href=\"https:\/\/www.programme-tv.net\/news\/musique\/352450-il-fallait-mettre-nos-sentiments-de-cote-agnetha-se-confie-sur-son-divorce-davec-bjorn-du-groupe-abba\/\" data-api-deeplink=\"teleloisirs:\/\/news\/352450\" rel=\"nofollow noopener\" target=\"_blank\">Agnetha<\/a> F\u00e4ltskog, 75 ans, a quant \u00e0 elle eu l&rsquo;occasion de revoir son ami il y a quelques semaines seulement, constant au sujet de son \u00e9tat de sant\u00e9 : \u00ab\u00a0<b>Tu \u00e9tais si malade, mais ton rire et ton humour \u00e9taient toujours l\u00e0&#8230;<\/b> Tant de souvenirs sont pr\u00e9serv\u00e9s, tes mots d&rsquo;encouragement pendant les enregistrements m&rsquo;ont tellement aid\u00e9e. <b>Nous sommes tristes maintenant, une personne talentueuse et unique nous a quitt\u00e9s.<\/b> Dors bien Micke, tu es dans nos c\u0153urs pour toujours\u00a0\u00bb.<\/p>\n<p>                        ABBA : que deviennent les quatre membres du groupe ?<\/p>\n<p><a href=\"https:\/\/www.programme-tv.net\/news\/musique\/352449-abba-les-coulisses-derriere-la-legende-a-notre-retour-notre-fille-ne-nous-a-pas-reconnus-bjorn-se-confie-sur-la-difficulte-de-concilier-vie-professionnelle-et-vie-privee\/\" data-api-deeplink=\"teleloisirs:\/\/news\/352449\" rel=\"nofollow noopener\" target=\"_blank\">Bj\u00f6rn Ulvaeus<\/a>, 80 ans, a lui aussi soulign\u00e9 \u00ab\u00a0l&rsquo;importance qu&rsquo;il a eue pour ABBA\u00a0\u00bb et a \u00e9voqu\u00e9, sans les citer, les moments \u00ab\u00a0chaleureux et g\u00e9n\u00e9reux\u00a0\u00bb partag\u00e9s avec son ami. Enfin, Anni-Frid Lyngstad, 79 ans, a tenu \u00e0 remercier Michael B. Tretow pour son g\u00e9nie. \u00ab\u00a0Tu nous apportais de la s\u00e9curit\u00e9 dans notre petite bulle de studio avec ta cr\u00e9ativit\u00e9 sans fin, ta chaleur et ta joie, et personne ne remplissait ce r\u00f4le aussi bien que toi ! <b>Pour nous, tu fais \u00e0 jamais partie du son ABBA et tu ne seras jamais oubli\u00e9e !\u00a0\u00bb<\/b>, a-t-elle assur\u00e9. Apr\u00e8s le succ\u00e8s d&rsquo;ABBA, <a href=\"https:\/\/www.programme-tv.net\/news\/cinema\/211543-mamma-mia-here-we-go-again-faut-il-aller-voir-la-suite-de-la-comedie-culte-notre-avis\/\" data-api-deeplink=\"teleloisirs:\/\/news\/211543\" rel=\"nofollow noopener\" target=\"_blank\">Bj\u00f6rn<\/a><a href=\"https:\/\/www.programme-tv.net\/news\/cinema\/211543-mamma-mia-here-we-go-again-faut-il-aller-voir-la-suite-de-la-comedie-culte-notre-avis\/\" data-api-deeplink=\"teleloisirs:\/\/news\/211543\" rel=\"nofollow noopener\" target=\"_blank\"> et Benny ont men\u00e9 plusieurs projets dont des com\u00e9dies musicales<\/a>. Les filles ont, elles, embrass\u00e9 une carri\u00e8re solo plut\u00f4t r\u00e9ussie. Seule Agnetha est encore active, son dernier album \u00e9tant sorti il y a un an et demi.<\/p>\n","protected":false},"excerpt":{"rendered":"Ce mardi 20 mai, les quatre membres du groupe ABBA ont pris la parole pour rendre hommage \u00e0&hellip;\n","protected":false},"author":2,"featured_media":116730,"comment_status":"","ping_status":"","sticky":false,"template":"","format":"standard","meta":{"footnotes":""},"categories":[1355],"tags":[23714,23713,244,1362,58,59,1011,27,1361,873],"class_list":{"0":"post-116729","1":"post","2":"type-post","3":"status-publish","4":"format-standard","5":"has-post-thumbnail","7":"category-musique","8":"tag-50-ans-de-tubes-cultes-14122022-212500-tmc","9":"tag-abba-mania","10":"tag-commentaire","11":"tag-deuil","12":"tag-divertissement","13":"tag-entertainment","14":"tag-fr","15":"tag-france","16":"tag-music","17":"tag-musique"},"share_on_mastodon":{"url":"https:\/\/pubeurope.com\/@fr\/114545582595155544","error":""},"_links":{"self":[{"href":"https:\/\/www.europesays.com\/fr\/wp-json\/wp\/v2\/posts\/116729","targetHints":{"allow":["GET"]}}],"collection":[{"href":"https:\/\/www.europesays.com\/fr\/wp-json\/wp\/v2\/posts"}],"about":[{"href":"https:\/\/www.europesays.com\/fr\/wp-json\/wp\/v2\/types\/post"}],"author":[{"embeddable":true,"href":"https:\/\/www.europesays.com\/fr\/wp-json\/wp\/v2\/users\/2"}],"replies":[{"embeddable":true,"href":"https:\/\/www.europesays.com\/fr\/wp-json\/wp\/v2\/comments?post=116729"}],"version-history":[{"count":0,"href":"https:\/\/www.europesays.com\/fr\/wp-json\/wp\/v2\/posts\/116729\/revisions"}],"wp:featuredmedia":[{"embeddable":true,"href":"https:\/\/www.europesays.com\/fr\/wp-json\/wp\/v2\/media\/116730"}],"wp:attachment":[{"href":"https:\/\/www.europesays.com\/fr\/wp-json\/wp\/v2\/media?parent=116729"}],"wp:term":[{"taxonomy":"category","embeddable":true,"href":"https:\/\/www.europesays.com\/fr\/wp-json\/wp\/v2\/categories?post=116729"},{"taxonomy":"post_tag","embeddable":true,"href":"https:\/\/www.europesays.com\/fr\/wp-json\/wp\/v2\/tags?post=116729"}],"curies":[{"name":"wp","href":"https:\/\/api.w.org\/{rel}","templated":true}]}}