{"id":1167311,"date":"2026-09-04T17:36:26","date_gmt":"2026-09-04T17:36:26","guid":{"rendered":"https:\/\/www.europesays.com\/fr\/1167311\/"},"modified":"2026-09-04T17:36:26","modified_gmt":"2026-09-04T17:36:26","slug":"nantes-une-octogenaire-blessee-au-couteau-une-femme-en-decompensation-psychiatrique-interpellee","status":"publish","type":"post","link":"https:\/\/www.europesays.com\/fr\/1167311\/","title":{"rendered":"Nantes\u00a0: une octog\u00e9naire bless\u00e9e au couteau, une femme \u00ab\u00a0en d\u00e9compensation psychiatrique\u00a0\u00bb interpell\u00e9e"},"content":{"rendered":"<p>\n    Cette agression est survenue aux alentours de 10 heures pr\u00e8s d\u2019un campus universitaire. La victime a \u00e9t\u00e9 transport\u00e9e \u00e0 l\u2019h\u00f4pital. Selon les premi\u00e8res informations, son pronostic vital n\u2019est pas engag\u00e9.<\/p>\n<p class=\"fig-paragraph\">Une agression a eu lieu \u00e0\u00a0<a href=\"http:\/\/www.lefigaro.fr\/nantes\/accuse-d-avoir-glisse-sa-main-sous-les-vetements-de-sa-voisine-qui-faisait-un-malaise-dans-un-avion-un-homme-incarcere-a-nantes-20260904\" target=\"_blank\" data-fig-type=\"NewsFlash\" rel=\"noopener nofollow\" data-gtm-custom-categorie=\"navigation\" data-gtm-custom-action=\"crossclick\" data-gtm-custom-label=\"Contextuel\" data-gtm-event=\"customEventSPE\" data-fig-domain=\"LEFIGARO\">Nantes<\/a>\u00a0ce vendredi matin. Une octog\u00e9naire a \u00e9t\u00e9\u00a0<a href=\"http:\/\/www.lefigaro.fr\/nantes\/nantes-le-collegien-qui-voulait-attaquer-un-professeur-au-couteau-mis-en-examen-20260504\" target=\"_blank\" data-fig-type=\"NewsFlash\" rel=\"noopener nofollow\" data-gtm-custom-categorie=\"navigation\" data-gtm-custom-action=\"crossclick\" data-gtm-custom-label=\"Contextuel\" data-gtm-event=\"customEventSPE\" data-fig-domain=\"LEFIGARO\">bless\u00e9e au couteau<\/a>, au niveau du bras et de l\u2019\u00e9paule, indique au Figaro une source polici\u00e8re, confirmant une information d\u2019<a href=\"https:\/\/www.ouest-france.fr\/faits-divers\/agression\/agression-a-larme-blanche-pres-du-campus-du-tertre-a-nantes-une-dame-agee-blessee-et-une-personne-interpellee-7b0920b0-a83c-11f1-a618-771a80631f2f\" target=\"_blank\" rel=\"noopener nofollow\" data-gtm-custom-categorie=\"navigation\" data-gtm-custom-action=\"crossclick\" data-gtm-custom-label=\"Contextuel\" data-gtm-event=\"customEventSPE\">Ouest France<\/a> . Les faits se sont d\u00e9roul\u00e9s au niveau de l\u2019arr\u00eat de tramway Facult\u00e9s, pr\u00e8s du\u00a0<a href=\"http:\/\/www.lefigaro.fr\/nantes\/l-universite-de-nantes-contrainte-de-fermer-l-un-de-ses-campus-apres-le-saccage-d-un-batiment-les-cours-suspendus-20250923\" target=\"_blank\" data-fig-type=\"NewsFlash\" rel=\"noopener nofollow\" data-gtm-custom-categorie=\"navigation\" data-gtm-custom-action=\"crossclick\" data-gtm-custom-label=\"Contextuel\" data-gtm-event=\"customEventSPE\" data-fig-domain=\"LEFIGARO\">campus universitaire<\/a>\u00a0du Tertre, dans le nord de la ville. Une ambulance avec quatre pompiers a \u00e9t\u00e9 engag\u00e9e aux alentours de 10 heures pour porter secours \u00e0 la victime, qui a \u00e9t\u00e9 transport\u00e9e au\u00a0<a href=\"http:\/\/www.lefigaro.fr\/nantes\/canicule-greve-perlee-au-chu-de-nantes-les-conditions-de-travail-restent-execrables-estiment-les-syndicats-20260811\" target=\"_blank\" data-fig-type=\"NewsFlash\" rel=\"noopener nofollow\" data-gtm-custom-categorie=\"navigation\" data-gtm-custom-action=\"crossclick\" data-gtm-custom-label=\"Contextuel\" data-gtm-event=\"customEventSPE\" data-fig-domain=\"LEFIGARO\">CHU de Nantes<\/a>. Son pronostic n\u2019est pas engag\u00e9.<\/p>\n<p class=\"fig-paragraph\">Dans la foul\u00e9e de cette attaque au couteau, une femme d\u2019une quarantaine d\u2019ann\u00e9es a \u00e9t\u00e9 interpell\u00e9e. Elle est \u00ab\u00a0connue pour (souffrir) de troubles psychiatriques\u00a0\u00bb, pr\u00e9cise une source proche du dossier. \u00ab\u00a0La mise en cause est en d\u00e9compensation psychiatrique et a \u00e9t\u00e9 hospitalis\u00e9e d\u2019office\u00a0\u00bb, pr\u00e9cise ce vendredi soir le procureur de la R\u00e9publique de Nantes, Antoine Leroy, sollicit\u00e9 par Le Figaro. L\u2019\u00e9lu en charge de la s\u00e9curit\u00e9 \u00e0 Nantes, Denis Tall\u00e9dec, a r\u00e9agi sur X, en apportant son \u00ab\u00a0soutien \u00e0 la victime\u00a0\u00bb.<\/p>\n","protected":false},"excerpt":{"rendered":"Cette agression est survenue aux alentours de 10 heures pr\u00e8s d\u2019un campus universitaire. La victime a \u00e9t\u00e9 transport\u00e9e&hellip;\n","protected":false},"author":2,"featured_media":1167312,"comment_status":"","ping_status":"","sticky":false,"template":"","format":"standard","meta":{"footnotes":"","_share_on_mastodon":"0"},"categories":[2818],"tags":[1111,11,1120,1777,674,1011,27,766,12,2636,25],"class_list":["post-1167311","post","type-post","status-publish","format-standard","has-post-thumbnail","category-nantes","tag-actu","tag-actualites","tag-agression","tag-eu","tag-europe","tag-fr","tag-france","tag-nantes","tag-news","tag-pays-de-la-loire","tag-republique-francaise"],"share_on_mastodon":{"url":"https:\/\/pubeurope.com\/@fr\/117213985821912419","error":""},"_links":{"self":[{"href":"https:\/\/www.europesays.com\/fr\/wp-json\/wp\/v2\/posts\/1167311","targetHints":{"allow":["GET"]}}],"collection":[{"href":"https:\/\/www.europesays.com\/fr\/wp-json\/wp\/v2\/posts"}],"about":[{"href":"https:\/\/www.europesays.com\/fr\/wp-json\/wp\/v2\/types\/post"}],"author":[{"embeddable":true,"href":"https:\/\/www.europesays.com\/fr\/wp-json\/wp\/v2\/users\/2"}],"replies":[{"embeddable":true,"href":"https:\/\/www.europesays.com\/fr\/wp-json\/wp\/v2\/comments?post=1167311"}],"version-history":[{"count":0,"href":"https:\/\/www.europesays.com\/fr\/wp-json\/wp\/v2\/posts\/1167311\/revisions"}],"wp:featuredmedia":[{"embeddable":true,"href":"https:\/\/www.europesays.com\/fr\/wp-json\/wp\/v2\/media\/1167312"}],"wp:attachment":[{"href":"https:\/\/www.europesays.com\/fr\/wp-json\/wp\/v2\/media?parent=1167311"}],"wp:term":[{"taxonomy":"category","embeddable":true,"href":"https:\/\/www.europesays.com\/fr\/wp-json\/wp\/v2\/categories?post=1167311"},{"taxonomy":"post_tag","embeddable":true,"href":"https:\/\/www.europesays.com\/fr\/wp-json\/wp\/v2\/tags?post=1167311"}],"curies":[{"name":"wp","href":"https:\/\/api.w.org\/{rel}","templated":true}]}}