{"id":1167313,"date":"2026-09-04T17:38:16","date_gmt":"2026-09-04T17:38:16","guid":{"rendered":"https:\/\/www.europesays.com\/fr\/1167313\/"},"modified":"2026-09-04T17:38:16","modified_gmt":"2026-09-04T17:38:16","slug":"en-gironde-un-incendie-se-declare-dans-une-maison-la-famille-fuit-les-lieux-avant-larrivee-des-secours","status":"publish","type":"post","link":"https:\/\/www.europesays.com\/fr\/1167313\/","title":{"rendered":"En Gironde, un incendie se d\u00e9clare dans une maison : la famille fuit les lieux avant l\u2019arriv\u00e9e des secours"},"content":{"rendered":"<p>                    Par<br \/>\n        <strong><br \/>\n            <a href=\"https:\/\/actu.fr\/auteur\/julian-doubax\" title=\"Consulter tous les articles de Julian Doubax\" rel=\"nofollow noopener\" target=\"_blank\">Julian Doubax<\/a><br \/>\n                    <\/strong><\/p>\n<p>        Publi\u00e9 le<\/p>\n<p>            4 sept. 2026 \u00e0 16h32        <\/p>\n<p>Le jeudi 3\u00a0septembre 2026, peu avant 16\u00a0heures, les <a href=\"https:\/\/actu.fr\/nouvelle-aquitaine\/bordeaux_33063\/face-au-manque-de-moyens-et-aux-megafeux-de-cet-ete-les-pompiers-decident-de-faire-greve-pendant-plus-d-un-mois_64722353.html\" rel=\"nofollow noopener\" target=\"_blank\">pompiers<\/a> sont intervenus pour un incendie \u00e0 <a href=\"https:\/\/actu.fr\/nouvelle-aquitaine\/lignan-de-bordeaux_33245\" rel=\"nofollow noopener\" target=\"_blank\">Lignan-sur-Bordeaux<\/a> (Gironde). Le <strong>feu<\/strong> s\u2019est d\u00e9clar\u00e9 dans une maison pr\u00e8s de la salle des f\u00eates communale.<\/p>\n<p class=\" wall-content\">Le sinistre a d\u00e9truit <strong>50 m\u00b2<\/strong> du premier \u00e9tage et de la toiture de ce logement de 300 m\u00b2. Les flammes ont pu \u00eatre <strong>\u00e9teintes<\/strong> au moyen de trois lances. Une intervention qui a mobilis\u00e9 19 sapeurs-pompiers.<\/p>\n<p class=\" wall-content\">Les occupants de la maison, une famille de cinq personnes, avaient <strong>\u00e9vacu\u00e9<\/strong> les lieux avant l\u2019arriv\u00e9e des secours. Ils ont \u00e9t\u00e9 <strong>relog\u00e9s<\/strong> par des amis. Une autorit\u00e9 communale, la gendarmerie nationale ainsi que des \u00e9quipes de GRDF et Enedis \u00e9taient sur les lieux.<\/p>\n<p class=\" wall-content\">Personnalisez votre actualit\u00e9 en ajoutant vos villes et m\u00e9dias en favori avec <a href=\"https:\/\/moncompte.actu.fr\" title=\"D\u00e9couvez Mon Actu\" rel=\"nofollow noopener\" data-trk=\"{&quot;cta&quot;:{&quot;action&quot;:&quot;https:\\\/\\\/moncompte.actu.fr&quot;,&quot;category&quot;:&quot;mon compte&quot;,&quot;from&quot;:&quot;article footer&quot;,&quot;name&quot;:&quot;Mon actu&quot;,&quot;type&quot;:&quot;cta&quot;}}\" target=\"_blank\">Mon Actu<\/a>.<\/p>\n","protected":false},"excerpt":{"rendered":"Par Julian Doubax Publi\u00e9 le 4 sept. 2026 \u00e0 16h32 Le jeudi 3\u00a0septembre 2026, peu avant 16\u00a0heures, les&hellip;\n","protected":false},"author":2,"featured_media":1167314,"comment_status":"","ping_status":"","sticky":false,"template":"","format":"standard","meta":{"footnotes":"","_share_on_mastodon":"0"},"categories":[2817],"tags":[1111,11,1997,1777,674,118,1011,27,1310,12,2219,1311,25],"class_list":["post-1167313","post","type-post","status-publish","format-standard","has-post-thumbnail","category-bordeaux","tag-actu","tag-actualites","tag-bordeaux","tag-eu","tag-europe","tag-faits-divers","tag-fr","tag-france","tag-incendie","tag-news","tag-nouvelle-aquitaine","tag-pompiers","tag-republique-francaise"],"share_on_mastodon":{"url":"https:\/\/pubeurope.com\/@fr\/117213993964430210","error":""},"_links":{"self":[{"href":"https:\/\/www.europesays.com\/fr\/wp-json\/wp\/v2\/posts\/1167313","targetHints":{"allow":["GET"]}}],"collection":[{"href":"https:\/\/www.europesays.com\/fr\/wp-json\/wp\/v2\/posts"}],"about":[{"href":"https:\/\/www.europesays.com\/fr\/wp-json\/wp\/v2\/types\/post"}],"author":[{"embeddable":true,"href":"https:\/\/www.europesays.com\/fr\/wp-json\/wp\/v2\/users\/2"}],"replies":[{"embeddable":true,"href":"https:\/\/www.europesays.com\/fr\/wp-json\/wp\/v2\/comments?post=1167313"}],"version-history":[{"count":0,"href":"https:\/\/www.europesays.com\/fr\/wp-json\/wp\/v2\/posts\/1167313\/revisions"}],"wp:featuredmedia":[{"embeddable":true,"href":"https:\/\/www.europesays.com\/fr\/wp-json\/wp\/v2\/media\/1167314"}],"wp:attachment":[{"href":"https:\/\/www.europesays.com\/fr\/wp-json\/wp\/v2\/media?parent=1167313"}],"wp:term":[{"taxonomy":"category","embeddable":true,"href":"https:\/\/www.europesays.com\/fr\/wp-json\/wp\/v2\/categories?post=1167313"},{"taxonomy":"post_tag","embeddable":true,"href":"https:\/\/www.europesays.com\/fr\/wp-json\/wp\/v2\/tags?post=1167313"}],"curies":[{"name":"wp","href":"https:\/\/api.w.org\/{rel}","templated":true}]}}