{"id":1167333,"date":"2026-09-04T17:51:31","date_gmt":"2026-09-04T17:51:31","guid":{"rendered":"https:\/\/www.europesays.com\/fr\/1167333\/"},"modified":"2026-09-04T17:51:31","modified_gmt":"2026-09-04T17:51:31","slug":"om-paris-fc-j3-5-choses-a-savoir","status":"publish","type":"post","link":"https:\/\/www.europesays.com\/fr\/1167333\/","title":{"rendered":"OM &#8211; Paris FC (J3) : 5 choses \u00e0 savoir !"},"content":{"rendered":"<p class=\"wp-block-paragraph\"><strong>\u00c0 l\u2019occasion du d\u00e9placement du Paris FC \u00e0 Marseille, retour sur les statistiques qui mettent en lumi\u00e8re la belle dynamique des Parisiens avant ce rendez-vous au V\u00e9lodrome.<\/strong><\/p>\n<p class=\"wp-block-paragraph\"><strong>Le Paris FC, bourreau de l\u2019OM la saison derni\u00e8re<\/strong><\/p>\n<p class=\"wp-block-paragraph\">Lors de ses deux duels face \u00e0 Marseille en Ligue 1 la saison pass\u00e9e, le Paris FC a inscrit sept buts \u00e0 l\u2019OM \u2014 aucune autre \u00e9quipe n\u2019a fait mieux face aux Marseillais en L1 2025\/26. Une statistique qui t\u00e9moigne de la capacit\u00e9 des Parisiens \u00e0 faire d\u00e9jouer cette d\u00e9fense.<\/p>\n<p><img fetchpriority=\"high\" decoding=\"async\" width=\"1024\" height=\"683\" data-wp-class--hide=\"state.isContentHidden\" data-wp-class--show=\"state.isContentVisible\" data-wp-init=\"callbacks.setButtonStyles\" data-wp-on--click=\"actions.showLightbox\" data-wp-on--load=\"callbacks.setButtonStyles\" data-wp-on--pointerdown=\"actions.preloadImage\" data-wp-on--pointerenter=\"actions.preloadImageWithDelay\" data-wp-on--pointerleave=\"actions.cancelPreload\" data-wp-on-window--resize=\"callbacks.setButtonStyles\" src=\"data:image\/svg+xml,%3Csvg%20xmlns=\" http:=\"\" alt=\"\" data-lazy- data-lazy- class=\"wp-image-124606\" data-lazy-src=\"https:\/\/www.europesays.com\/fr\/wp-content\/uploads\/2026\/09\/pfc-94-1024x683.jpg\"\/><\/p>\n<p class=\"wp-block-paragraph\"><strong>Un d\u00e9but de saison exemplaire, invaincu et sans encaisser<\/strong><\/p>\n<p class=\"wp-block-paragraph\">Apr\u00e8s un nul 0-0 \u00e0 Troyes et une victoire 3-0 contre Nice, le Paris FC pourrait d\u00e9buter une saison de championnat sans encaisser le moindre but lors de ses trois premi\u00e8res rencontres, une premi\u00e8re depuis la saison 2013\/14 en Ligue 3.<\/p>\n<p class=\"wp-block-paragraph\"><strong>Une solidit\u00e9 retrouv\u00e9e \u00e0 l\u2019ext\u00e9rieur<\/strong><\/p>\n<p class=\"wp-block-paragraph\">Le Paris FC n\u2019a perdu qu\u2019un seul de ses neuf derniers matches \u00e0 l\u2019ext\u00e9rieur en Ligue 1 (2 victoires, 6 nuls), une nette progression par rapport \u00e0 ses neuf premiers d\u00e9placements lors de son retour dans l\u2019\u00e9lite, o\u00f9 il s\u2019\u00e9tait inclin\u00e9 \u00e0 cinq reprises.<\/p>\n<p><img loading=\"lazy\" decoding=\"async\" width=\"1024\" height=\"683\" data-wp-class--hide=\"state.isContentHidden\" data-wp-class--show=\"state.isContentVisible\" data-wp-init=\"callbacks.setButtonStyles\" data-wp-on--click=\"actions.showLightbox\" data-wp-on--load=\"callbacks.setButtonStyles\" data-wp-on--pointerdown=\"actions.preloadImage\" data-wp-on--pointerenter=\"actions.preloadImageWithDelay\" data-wp-on--pointerleave=\"actions.cancelPreload\" data-wp-on-window--resize=\"callbacks.setButtonStyles\" src=\"data:image\/svg+xml,%3Csvg%20xmlns=\" http:=\"\" alt=\"\" data-lazy- data-lazy- class=\"wp-image-124612\" data-lazy-src=\"https:\/\/www.europesays.com\/fr\/wp-content\/uploads\/2026\/09\/372213_0322-1024x683.jpg\"\/><\/p>\n<p>\t\tLiam ROSENIOR;Pierre LEES-MELOU;Stephane DUMONT Photo by Icon Sport<\/p>\n<p class=\"wp-block-paragraph\"><strong>Un banc qui p\u00e8se lourd dans l\u2019efficacit\u00e9 offensive<\/strong><\/p>\n<p class=\"wp-block-paragraph\">Le Paris FC a inscrit quatre de ses sept derniers buts en Ligue 1 par l\u2019interm\u00e9diaire d\u2019un rempla\u00e7ant. Sur l\u2019ensemble de l\u2019ann\u00e9e 2026, seul le Paris Saint-Germain (11) a trouv\u00e9 la faille plus souvent gr\u00e2ce \u00e0 un joueur sorti du banc que le PFC (8) \u2014 preuve d\u2019un collectif fort, jusque dans la profondeur de l\u2019effectif.<\/p>\n<p class=\"wp-block-paragraph\"><strong>Ilan Kebbal, l\u2019homme des grands rendez-vous face \u00e0 l\u2019OM<\/strong><\/p>\n<p class=\"wp-block-paragraph\">Ilan Kebbal est le joueur offensif ayant r\u00e9cup\u00e9r\u00e9 le plus de ballons en Ligue 1 depuis le d\u00e9but de la saison 2026\/27 (18). Un activisme qui n\u2019est pas nouveau face \u00e0 Marseille : d\u00e9cisif \u00e0 l\u2019aller (1 but, 1 passe d\u00e9cisive) comme au retour (1 but) la saison derni\u00e8re, l\u2019attaquant du Paris FC aura \u00e0 c\u0153ur de confirmer sa belle relation avec l\u2019OM.<\/p>\n<p><img loading=\"lazy\" decoding=\"async\" width=\"1024\" height=\"683\" data-wp-class--hide=\"state.isContentHidden\" data-wp-class--show=\"state.isContentVisible\" data-wp-init=\"callbacks.setButtonStyles\" data-wp-on--click=\"actions.showLightbox\" data-wp-on--load=\"callbacks.setButtonStyles\" data-wp-on--pointerdown=\"actions.preloadImage\" data-wp-on--pointerenter=\"actions.preloadImageWithDelay\" data-wp-on--pointerleave=\"actions.cancelPreload\" data-wp-on-window--resize=\"callbacks.setButtonStyles\" src=\"data:image\/svg+xml,%3Csvg%20xmlns=\" http:=\"\" alt=\"\" data-lazy- data-lazy- class=\"wp-image-124618\" data-lazy-src=\"https:\/\/www.europesays.com\/fr\/wp-content\/uploads\/2026\/09\/IMG_8188-1024x683.jpg\"\/><\/p>\n","protected":false},"excerpt":{"rendered":"\u00c0 l\u2019occasion du d\u00e9placement du Paris FC \u00e0 Marseille, retour sur les statistiques qui mettent en lumi\u00e8re la&hellip;\n","protected":false},"author":2,"featured_media":1167334,"comment_status":"","ping_status":"","sticky":false,"template":"","format":"standard","meta":{"footnotes":"","_share_on_mastodon":"0"},"categories":[1888],"tags":[1111,1928,11,1927,1777,674,1011,27,12,1926,626,1925,25],"class_list":["post-1167333","post","type-post","status-publish","format-standard","has-post-thumbnail","category-paris","tag-actu","tag-actu-paris","tag-actualites","tag-actualites-paris","tag-eu","tag-europe","tag-fr","tag-france","tag-news","tag-news-paris","tag-paris","tag-paris-news","tag-republique-francaise"],"share_on_mastodon":{"url":"https:\/\/pubeurope.com\/@fr\/117214044752697240","error":""},"_links":{"self":[{"href":"https:\/\/www.europesays.com\/fr\/wp-json\/wp\/v2\/posts\/1167333","targetHints":{"allow":["GET"]}}],"collection":[{"href":"https:\/\/www.europesays.com\/fr\/wp-json\/wp\/v2\/posts"}],"about":[{"href":"https:\/\/www.europesays.com\/fr\/wp-json\/wp\/v2\/types\/post"}],"author":[{"embeddable":true,"href":"https:\/\/www.europesays.com\/fr\/wp-json\/wp\/v2\/users\/2"}],"replies":[{"embeddable":true,"href":"https:\/\/www.europesays.com\/fr\/wp-json\/wp\/v2\/comments?post=1167333"}],"version-history":[{"count":0,"href":"https:\/\/www.europesays.com\/fr\/wp-json\/wp\/v2\/posts\/1167333\/revisions"}],"wp:featuredmedia":[{"embeddable":true,"href":"https:\/\/www.europesays.com\/fr\/wp-json\/wp\/v2\/media\/1167334"}],"wp:attachment":[{"href":"https:\/\/www.europesays.com\/fr\/wp-json\/wp\/v2\/media?parent=1167333"}],"wp:term":[{"taxonomy":"category","embeddable":true,"href":"https:\/\/www.europesays.com\/fr\/wp-json\/wp\/v2\/categories?post=1167333"},{"taxonomy":"post_tag","embeddable":true,"href":"https:\/\/www.europesays.com\/fr\/wp-json\/wp\/v2\/tags?post=1167333"}],"curies":[{"name":"wp","href":"https:\/\/api.w.org\/{rel}","templated":true}]}}