{"id":1167355,"date":"2026-09-04T18:05:22","date_gmt":"2026-09-04T18:05:22","guid":{"rendered":"https:\/\/www.europesays.com\/fr\/1167355\/"},"modified":"2026-09-04T18:05:22","modified_gmt":"2026-09-04T18:05:22","slug":"une-chambre-pour-17-etudiants-comment-la-france-a-laisse-la-situation-immobiliere-seffondrer-en-vingt-ans","status":"publish","type":"post","link":"https:\/\/www.europesays.com\/fr\/1167355\/","title":{"rendered":"Une chambre pour 17 \u00e9tudiants: comment la France a laiss\u00e9 la situation immobili\u00e8re s&rsquo;effondrer en vingt ans"},"content":{"rendered":"<p>\u00c0 chaque rentr\u00e9e universitaire, les m\u00eames sc\u00e8nes. Les files d&rsquo;attente s&rsquo;allongent devant les Crous, toutes les chambres universitaires ont \u00e9t\u00e9 allou\u00e9es et les studios se visitent par grappes de candidats. La France compte aujourd&rsquo;hui <a href=\"https:\/\/www.letudiant.fr\/lifestyle\/logement_2\/avec-1-chambre-crous-pour-17-etudiants-la-penurie-de-logements-continue-de-saggraver.html\" target=\"_blank\" rel=\"nofollow noopener\">une chambre du Crous pour dix-sept \u00e9tudiants<\/a>, contre une pour quatorze en 2000, et l&rsquo;offre publique ne couvre que 7% des besoins selon le <a href=\"https:\/\/www.jeunes.gouv.fr\/sites\/default\/files\/2025-01\/coj-cnh---rapport-logement-des-jeunes-adopt-pdf-4529.pdf\" rel=\"nofollow noopener\" target=\"_blank\"><a href=\"https:\/\/www.jeunes.gouv.fr\/sites\/default\/files\/2025-01\/coj-cnh---rapport-logement-des-jeunes-adopt-pdf-4529.pdf\" target=\"_blank\" rel=\"nofollow noopener\">Conseil d&rsquo;orientation des politiques de jeunesse et le Conseil national de l&rsquo;habitat.<\/a><\/p>\n<p>De l&rsquo;autre c\u00f4t\u00e9 de la mer Celtique, l&rsquo;Irlande fait pire encore. Fin 2025, il manquait <a href=\"https:\/\/www.rte.ie\/news\/business\/2026\/0217\/1558989-shortage-student-beds\/\" target=\"_blank\" rel=\"nofollow noopener\">pr\u00e8s de 39.000 lits \u00e9tudiants<\/a> dans les quatre principales villes universitaires du pays. \u00c0 Cork (dans le sud-ouest de l&rsquo;Ilande, ndlr), o\u00f9 je m\u00e8ne une partie de mes recherches doctorales, la presse rapporte le cas d&rsquo;un \u00e9tudiant contraint \u00e0 <a href=\"https:\/\/www.irishtimes.com\/ireland\/housing-planning\/2025\/09\/13\/nowhere-to-live-irelands-student-accommodation-crisis-is-only-getting-worse\/\" target=\"_blank\" rel=\"nofollow noopener\">trois heures de trajet quotidien depuis Limerick<\/a> (centre-ouest de l&rsquo;Irlande, ndlr), faute de chambre abordable.<\/p>\n<p>NEWSLETTER<\/p>\n<p>Recevez le meilleur de Slate directement dans votre bo\u00eete mail.<\/p>\n<p>Le d\u00e9bat public raisonne en stocks et en flux. On y discute du nombre de places \u00e0 construire et du niveau des <a href=\"https:\/\/www.slate.fr\/dossier\/26807\/loyers\" class=\"tag-link\" rel=\"nofollow noopener\" target=\"_blank\">loyers<\/a>, et ces discussions enferment le probl\u00e8me dans l&rsquo;horizon court de l&rsquo;ann\u00e9e <a href=\"https:\/\/www.slate.fr\/dossier\/85383\/universitaires\" class=\"tag-link\" rel=\"nofollow noopener\" target=\"_blank\">universitaire<\/a>, celui des affectations \u00e0 boucler avant les premiers cours.<\/p>\n<blockquote class=\"d-block\"><p>Le logement commande les autres \u00e9tapes du passage \u00e0 l&rsquo;\u00e2ge adulte, et sa privation enclenche des retards en cha\u00eene.<\/p><\/blockquote>\n<p>La sociologie des parcours de vie oblige \u00e0 poser une question d&rsquo;une autre port\u00e9e temporelle, <a href=\"https:\/\/theses.fr\/s375964\" rel=\"nofollow noopener\" target=\"_blank\"><a href=\"https:\/\/theses.fr\/s375964\" target=\"_blank\" rel=\"nofollow noopener\">que ma th\u00e8se instruit en comparant la France et l&rsquo;Irlande<\/a>. Quelles sont les r\u00e9percussions de cette instabilit\u00e9 r\u00e9sidentielle, \u00e9prouv\u00e9e au seuil de la vie <a href=\"https:\/\/www.slate.fr\/dossier\/19729\/adultes\" class=\"tag-link\" rel=\"nofollow noopener\" target=\"_blank\">adulte<\/a>, sur la suite d&rsquo;une existence?<\/p>\n<p>Je fais l&rsquo;hypoth\u00e8se que le logement commande les autres \u00e9tapes du passage \u00e0 l&rsquo;\u00e2ge adulte, et que sa privation enclenche des retards en cha\u00eene, dans la <a href=\"https:\/\/www.slate.fr\/dossier\/15781\/formation\" class=\"tag-link\" rel=\"nofollow noopener\" target=\"_blank\">formation<\/a> puis dans <a href=\"https:\/\/www.slate.fr\/dossier\/415\/emploi\" class=\"tag-link\" rel=\"nofollow noopener\" target=\"_blank\">l&#8217;emploi<\/a>. Ces retards frappent d&rsquo;autant plus durement que la famille ne peut pas servir de filet.<\/p>\n<p>Une pr\u00e9cision de m\u00e9thode s&rsquo;impose ici: mon mat\u00e9riau, qualitatif, ne mesure pas ces effets de long terme; il montre comment ils se forment, entretien apr\u00e8s entretien, et pourquoi ils s&rsquo;installent. C&rsquo;est d\u00e9j\u00e0 beaucoup pour comprendre ce qu&rsquo;une rentr\u00e9e sans toit engage r\u00e9ellement.<\/p>\n<p>Le logement, verrou du passage \u00e0 l&rsquo;\u00e2ge\u00a0adulte<\/p>\n<p>Les sociologues de la <a href=\"https:\/\/www.slate.fr\/dossier\/343\/jeunesse\" class=\"tag-link\" rel=\"nofollow noopener\" target=\"_blank\">jeunesse<\/a> l&rsquo;ont \u00e9tabli de longue date. On ne devient plus adulte en franchissant des seuils dans l&rsquo;ordre attendu, le dipl\u00f4me puis l&#8217;emploi, le d\u00e9part de chez les parents puis la vie \u00e0 deux. On y parvient au terme <a href=\"https:\/\/shs.cairn.info\/devenir-adulte--9782130557173\" target=\"_blank\" rel=\"nofollow noopener\">d&rsquo;un processus long, fait d&rsquo;allers-retours et de bifurcations.<\/a><\/p>\n<p>Dans ce processus, le <a href=\"https:\/\/www.slate.fr\/dossier\/4259\/logement\" class=\"tag-link\" rel=\"nofollow noopener\" target=\"_blank\">logement<\/a> fait office de verrou. Impossible, sans adresse stable, de constituer le moindre dossier, qu&rsquo;il s&rsquo;agisse d&rsquo;une inscription en formation, d&rsquo;une bourse, d&rsquo;un compte bancaire ou d&rsquo;une couverture sant\u00e9. Obtenir un stage ou un emploi rel\u00e8ve alors de l&rsquo;acrobatie. M\u00eame dormir et manger correctement cessent d&rsquo;aller de soi.<\/p>\n<p>Pour observer cette d\u00e9pendance, mon enqu\u00eate doctorale s&rsquo;est tourn\u00e9e vers un public qui l&rsquo;\u00e9prouve sous sa forme la plus brute, celui des jeunes exil\u00e9s arriv\u00e9s adolescents ou jeunes majeurs en <a href=\"https:\/\/www.slate.fr\/dossier\/287\/france\" class=\"tag-link\" rel=\"nofollow noopener\" target=\"_blank\">France<\/a> et en <a href=\"https:\/\/www.slate.fr\/dossier\/6171\/irlande\" class=\"tag-link\" rel=\"nofollow noopener\" target=\"_blank\">Irlande<\/a>. Je les ai suivis \u00e0 Rennes (Ille-et-Vilaine) et \u00e0 Cork au fil de 43 entretiens biographiques. Beaucoup sont scolaris\u00e9s ou en formation, et tous entrent dans la vie adulte priv\u00e9s du filet familial dont disposent la plupart de leurs camarades.<\/p>\n<blockquote class=\"d-block\"><p>Les trajectoires r\u00e9sidentielles que j&rsquo;ai reconstitu\u00e9es sont rarement lin\u00e9aires.\u00a0<\/p><\/blockquote>\n<p>On pourra juger leur cas trop singulier pour \u00e9clairer la condition \u00e9tudiante ordinaire. Je crois l&rsquo;inverse. Ce verre grossissant fait appara\u00eetre des m\u00e9canismes qui concernent, \u00e0 des degr\u00e9s divers, toute la jeunesse \u00e9tudiante.<\/p>\n<p>Des semaines pass\u00e9es \u00e0 chercher une\u00a0chambre<\/p>\n<p>Les trajectoires r\u00e9sidentielles que j&rsquo;ai reconstitu\u00e9es sont rarement lin\u00e9aires. On y passe d&rsquo;un canap\u00e9 pr\u00eat\u00e9 \u00e0 un foyer, d&rsquo;une colocation \u00e0 un retour chez un proche; certains connaissent la rue. Des chercheurs europ\u00e9ens ont baptis\u00e9 ces allers-retours <a href=\"https:\/\/www.tandfonline.com\/doi\/abs\/10.1080\/13676260120028574\" rel=\"nofollow noopener\" target=\"_blank\"><a href=\"https:\/\/www.tandfonline.com\/doi\/abs\/10.1080\/13676260120028574\" target=\"_blank\" rel=\"nofollow noopener\">trajectoires \u00abyo-yo\u00bb<\/a> d\u00e8s le d\u00e9but des ann\u00e9es 2000, et ils ne sont pas propres aux jeunes exil\u00e9s.<\/p>\n<p>\u00c0 l&rsquo;automne 2025, Aml\u00e9, le syndicat national des \u00e9tudiants irlandais, d\u00e9crivait devant les parlementaires des \u00e9tudiants dormant sur des canap\u00e9s ou encha\u00eenant les semaines d&rsquo;auberge de jeunesse en d\u00e9but de trimestre; il faisait du logement <a href=\"https:\/\/www.irishtimes.com\/ireland\/housing-planning\/2025\/09\/17\/student-accommodation-crisis-single-biggest-barrier-to-completing-education\/\" target=\"_blank\" rel=\"nofollow noopener\">\u00able premier obstacle\u00bb<\/a> \u00e0 l&rsquo;acc\u00e8s aux \u00e9tudes sup\u00e9rieures et \u00e0 leur ach\u00e8vement. \u00c0 l&rsquo;University College Cork, le syndicat local alertait, d\u00e8s 2024, sur la situation des \u00e9tudiants qui <a href=\"https:\/\/www.irishexaminer.com\/news\/munster\/arid-41311147.html\" rel=\"nofollow noopener\" target=\"_blank\"><a href=\"https:\/\/www.irishexaminer.com\/news\/munster\/arid-41311147.html\" target=\"_blank\" rel=\"nofollow noopener\">sautent des repas et renoncent au chauffage<\/a> afin de payer leur loyer.<\/p>\n<p>Chaque d\u00e9m\u00e9nagement subi a un co\u00fbt. Des heures \u00e0 \u00e9plucher les annonces et \u00e0 monter des dossiers, des trajets qui s&rsquo;allongent, des nuits \u00e9court\u00e9es, des <a href=\"https:\/\/www.slate.fr\/dossier\/3243\/amitie\" class=\"tag-link\" rel=\"nofollow noopener\" target=\"_blank\">amiti\u00e9s<\/a> qui s&rsquo;\u00e9tiolent. Tout ce temps et toute cette \u00e9nergie sont pris sur les \u00e9tudes.<\/p>\n<p>En France, <a href=\"https:\/\/www.ove-national.education.fr\/enquete\/enquete-conditions-de-vie\/\" rel=\"nofollow noopener\" target=\"_blank\"><a href=\"https:\/\/www.ove-national.education.fr\/enquete\/enquete-conditions-de-vie\/\" target=\"_blank\" rel=\"nofollow noopener\">l&rsquo;enqu\u00eate \u00abConditions de vie\u00bb de l&rsquo;Observatoire national de la vie \u00e9tudiante<\/a> documente, \u00e9dition apr\u00e8s \u00e9dition, le poids du logement dans les budgets et sur les conditions de travail des \u00e9tudiants. Les cons\u00e9quences suivent, presque m\u00e9caniques: des cours manqu\u00e9s, des examens rat\u00e9s, des r\u00e9orientations subies, parfois un abandon.<\/p>\n<p>Le ph\u00e9nom\u00e8ne est d\u00e9sormais visible en Irlande, o\u00f9 des jeunes diff\u00e8rent leur entr\u00e9e \u00e0 l&rsquo;universit\u00e9 ou <a href=\"https:\/\/www.irishexaminer.com\/news\/munster\/arid-41712392.html\" rel=\"nofollow noopener\" target=\"_blank\"><a href=\"https:\/\/www.irishexaminer.com\/news\/munster\/arid-41712392.html\" target=\"_blank\" rel=\"nofollow noopener\">interrompent leur cursus faute de toit<\/a>.<\/p>\n<p>Des retards qui s&rsquo;additionnent<\/p>\n<p>Pour rendre compte de ces parcours, je mobilise la notion de \u00abvuln\u00e9rabilisation\u00bb, qui d\u00e9signe non pas un \u00e9tat de fragilit\u00e9 constat\u00e9 \u00e0 un instant donn\u00e9, mais un processus par lequel les difficult\u00e9s engendrent les unes les autres.<\/p>\n<p>Un logement perdu retarde une formation; une formation interrompue ferme l&rsquo;acc\u00e8s \u00e0 un emploi stable; sans emploi stable, pas de bail; sans bail, retour \u00e0 l&rsquo;h\u00e9bergement pr\u00e9caire. La boucle, une fois referm\u00e9e, peut tourner des ann\u00e9es sans que rien vienne l&rsquo;interrompre de l&rsquo;ext\u00e9rieur.<\/p>\n<p>Le syst\u00e8me fran\u00e7ais aggrave ce m\u00e9canisme pour ceux qui n\u2019ont pas de famille-ressource. Notre mod\u00e8le social repose largement sur l\u2019hypoth\u00e8se que la famille h\u00e9berge, cautionne et d\u00e9panne, au point que la science politique qualifie de <a href=\"https:\/\/www.cairn.info\/revue-informations-sociales-2016-4-page-56.htm\" rel=\"nofollow noopener\" target=\"_blank\"><a href=\"https:\/\/www.cairn.info\/revue-informations-sociales-2016-4-page-56.htm\" target=\"_blank\" rel=\"nofollow noopener\">\u00abfamilialis\u00e9es\u00bb<\/a> les politiques de jeunesse fran\u00e7aises.<\/p>\n<p>Les jeunes priv\u00e9s de ce filet paient le prix fort, qu\u2019il s\u2019agisse des jeunes exil\u00e9s, des sortants de l\u2019aide sociale \u00e0 l\u2019enfance\u00a0\u2013pour qui le passage \u00e0 la majorit\u00e9 constitue un <a href=\"https:\/\/shs.cairn.info\/revue-francaise-des-affaires-sociales-2023-3-page-179\" target=\"_blank\" rel=\"nofollow noopener\">point de bascule vers la pauvret\u00e9<\/a>\u2013 ou des \u00e9tudiants en rupture familiale. La Commission nationale consultative des droits de l\u2019homme (CNCDH) d\u00e9non\u00e7ait encore en 2025 les <a href=\"https:\/\/www.cncdh.fr\/sites\/default\/files\/2025-07\/A--2025--6--CNCDH--AvisMineursnonacompagn%C3%A9s%2Cjuin2025.pdf\" target=\"_blank\" rel=\"nofollow noopener\">\u00absorties s\u00e8ches\u00bb<\/a> des dispositifs de protection de l\u2019enfance, sans solution de logement, qui conduisent des jeunes majeurs \u00e0 la rue.<\/p>\n<p>Le risque d&rsquo;une citoyennet\u00e9 diff\u00e9r\u00e9e?<\/p>\n<p>Certains des jeunes que j&rsquo;ai rencontr\u00e9s se trouvent, \u00e0 23 ou 25 ans, dans une situation que je propose d&rsquo;appeler la \u00abcitoyennet\u00e9 diff\u00e9r\u00e9e\u00bb. Formellement titulaires de droits, ils en repoussent sans cesse l&rsquo;exercice effectif\u00a0\u2013\u00e9tudier, travailler, habiter, participer \u00e0 la vie de la cit\u00e9\u2013 faute d&rsquo;un ancrage r\u00e9sidentiel qui les rende praticables.<\/p>\n<p>L&rsquo;Irlande donne \u00e0 voir, en grandeur nature, o\u00f9 m\u00e8ne le laisser-faire. Le logement \u00e9tudiant y a \u00e9t\u00e9 largement abandonn\u00e9 au march\u00e9, si bien que des \u00e9tablissements entiers, comme la <a href=\"https:\/\/www.irishexaminer.com\/news\/munster\/arid-41712392.html\" target=\"_blank\" rel=\"nofollow noopener\">Munster Technological University et ses 18.000 \u00e9tudiants<\/a>, ne disposent d&rsquo;aucun parc r\u00e9sidentiel propre.<\/p>\n<p>La France n&rsquo;en est sans doute pas l\u00e0; son r\u00e9seau d&rsquo;\u0153uvres universitaires, m\u00eame sous-dimensionn\u00e9, demeure un acquis. Encore faudrait-il cesser de traiter le logement des \u00e9tudiants en simple intendance de rentr\u00e9e. Une ann\u00e9e perdue \u00e0 chercher un toit ne se rattrape pas en juin ni aux sessions de rattrapage; on la retrouve longtemps apr\u00e8s dans les files des missions locales et des services sociaux, o\u00f9 l&rsquo;on r\u00e9pare \u00e0 grands frais, et pas toujours avec succ\u00e8s, ce qu&rsquo;une chambre \u00e0 loyer mod\u00e9r\u00e9 aurait pu pr\u00e9venir.<\/p>\n<p><img loading=\"lazy\" decoding=\"async\" src=\"https:\/\/www.europesays.com\/fr\/wp-content\/uploads\/2026\/09\/count.gif\" alt=\"The Conversation\" width=\"1\" height=\"1\" style=\"border: none !important; box-shadow: none !important; margin: 0 !important; max-height: 1px !important; max-width: 1px !important; min-height: 1px !important; min-width: 1px !important; opacity: 0 !important; outline: none !important; padding: 0 !important\" referrerpolicy=\"no-referrer-when-downgrade\"\/><\/p>\n<p class=\"article_ref\"><a href=\"https:\/\/theconversation.com\/profiles\/guillaume-negri-2718473\" target=\"_blank\" rel=\"nofollow noopener\">Guillaume Negri<\/a> est doctorant en sociologie, sp\u00e9cialis\u00e9 en migrations et en jeunesse \u00e0 l&rsquo;<a href=\"https:\/\/www.univ-rennes2.fr\/\" target=\"_blank\" rel=\"nofollow noopener\">Universit\u00e9 Rennes 2<\/a>.<\/p>\n<p><img decoding=\"async\" src=\"https:\/\/www.europesays.com\/fr\/wp-content\/uploads\/2026\/09\/original_273527_1788348528.jpg\" width=\"898\" height=\"160\" loading=\"lazy\"\/><\/p>\n<p class=\"article_ref\">Cet article est republi\u00e9 \u00e0 partir de <a href=\"https:\/\/theconversation.com\/\" rel=\"nofollow noopener\" target=\"_blank\"><a href=\"https:\/\/theconversation.com\/fr\" target=\"_blank\" rel=\"nofollow noopener\">The Conversation <\/a>sous licence Creative Commons. Lire <a href=\"https:\/\/theconversation.com\/une-rentree-sans-toit-comment-la-crise-du-logement-etudiant-fragilise-lentree-dans-lage-adulte-289101\" target=\"_blank\" rel=\"nofollow noopener\">l&rsquo;article original<\/a>.<\/p>\n","protected":false},"excerpt":{"rendered":"\u00c0 chaque rentr\u00e9e universitaire, les m\u00eames sc\u00e8nes. Les files d&rsquo;attente s&rsquo;allongent devant les Crous, toutes les chambres universitaires&hellip;\n","protected":false},"author":2,"featured_media":1167356,"comment_status":"","ping_status":"","sticky":false,"template":"","format":"standard","meta":{"footnotes":"","_share_on_mastodon":"0"},"categories":[4],"tags":[11,1011,27,12,25],"class_list":["post-1167355","post","type-post","status-publish","format-standard","has-post-thumbnail","category-france","tag-actualites","tag-fr","tag-france","tag-news","tag-republique-francaise"],"share_on_mastodon":{"url":"https:\/\/pubeurope.com\/@fr\/117214102310035917","error":""},"_links":{"self":[{"href":"https:\/\/www.europesays.com\/fr\/wp-json\/wp\/v2\/posts\/1167355","targetHints":{"allow":["GET"]}}],"collection":[{"href":"https:\/\/www.europesays.com\/fr\/wp-json\/wp\/v2\/posts"}],"about":[{"href":"https:\/\/www.europesays.com\/fr\/wp-json\/wp\/v2\/types\/post"}],"author":[{"embeddable":true,"href":"https:\/\/www.europesays.com\/fr\/wp-json\/wp\/v2\/users\/2"}],"replies":[{"embeddable":true,"href":"https:\/\/www.europesays.com\/fr\/wp-json\/wp\/v2\/comments?post=1167355"}],"version-history":[{"count":0,"href":"https:\/\/www.europesays.com\/fr\/wp-json\/wp\/v2\/posts\/1167355\/revisions"}],"wp:featuredmedia":[{"embeddable":true,"href":"https:\/\/www.europesays.com\/fr\/wp-json\/wp\/v2\/media\/1167356"}],"wp:attachment":[{"href":"https:\/\/www.europesays.com\/fr\/wp-json\/wp\/v2\/media?parent=1167355"}],"wp:term":[{"taxonomy":"category","embeddable":true,"href":"https:\/\/www.europesays.com\/fr\/wp-json\/wp\/v2\/categories?post=1167355"},{"taxonomy":"post_tag","embeddable":true,"href":"https:\/\/www.europesays.com\/fr\/wp-json\/wp\/v2\/tags?post=1167355"}],"curies":[{"name":"wp","href":"https:\/\/api.w.org\/{rel}","templated":true}]}}