{"id":116737,"date":"2025-05-21T11:30:09","date_gmt":"2025-05-21T11:30:09","guid":{"rendered":"https:\/\/www.europesays.com\/fr\/116737\/"},"modified":"2025-05-21T11:30:09","modified_gmt":"2025-05-21T11:30:09","slug":"moulee-dans-un-corset-dore-dolce-gabbana-naomi-campbell-signe-une-apparition-sensationnelle-a-cannes","status":"publish","type":"post","link":"https:\/\/www.europesays.com\/fr\/116737\/","title":{"rendered":"Moul\u00e9e dans un corset dor\u00e9 Dolce &#038; Gabbana, Naomi Campbell signe une apparition sensationnelle \u00e0 Cannes"},"content":{"rendered":"<p>En habitu\u00e9e du Festival de Cannes, Naomi Campbell a gravi les c\u00e9l\u00e8bres vingt-quatre marches du Palais des Festival, dans une tenue haute couture exceptionnelle.<\/p>\n<p class=\"fig-paragraph\">Une robe qui rassemble les \u00e9poques. Lors de la mont\u00e9e des marches du film Fuori, du r\u00e9alisateur Mario Martone, une silhouette s\u2019est distingu\u00e9e de la foule dans le Palais des Festivals. Et qui d\u2019autre qu\u2019une ic\u00f4ne internationale aurait pu faire une telle sensation\u00a0? En effet,\u00a0<a href=\"http:\/\/madame.lefigaro.fr\/style\/news\/charlotte-cardin-naomi-campbell-carole-bouquet-le-premier-rang-du-defile-chanel-au-grand-palais-20250311\" target=\"_blank\" data-fig-type=\"Article\" rel=\"noopener\" data-gtm-custom-categorie=\"navigation\" data-gtm-custom-action=\"crossclick\" data-gtm-custom-label=\"Contextuel\" data-gtm-event=\"customEventSPE\" data-fig-domain=\"MADAME\">Naomi Campbell<\/a>, s\u2019est affich\u00e9e dans une impressionnante robe sign\u00e9e\u00a0<a href=\"https:\/\/madame.lefigaro.fr\/defiles\/dolce-gabbana\/printemps-ete-2025\/pret-a-porter\/defile-dolce-gabbana-pret-a-porter-printemps-ete-2025-20240905\" target=\"_blank\" data-fig-type=\"Article\" rel=\"noopener\" data-gtm-custom-categorie=\"navigation\" data-gtm-custom-action=\"crossclick\" data-gtm-custom-label=\"Contextuel\" data-gtm-event=\"customEventSPE\" data-fig-domain=\"MADAME\">Dolce &amp; Gabbana<\/a>\u00a0haute couture, aux allures de cr\u00e9ations victoriennes.<\/p>\n<p>    Naomi Campbell au Festival de Cannes. (Cannes, le 20 mai 2025).<br \/>\n                Reynaud Julien\/APS-Medias\/ABACA<\/p>\n<p>Une pi\u00e8ce d\u2019exception<\/p>\n<p class=\"fig-paragraph\">Ce mardi soir, elle arborait une robe \u00e0 crinoline en tulle noire, dot\u00e9e de bretelles fines en dentelle, semblable \u00e0 un body de lingerie. La pi\u00e8ce principale, un corset dor\u00e9 compos\u00e9 de multiples broderies et de perles formant une croix au centre de son buste, se trouvait par-dessus ces derni\u00e8res.<\/p>\n<p>    Naomi Campbell au Festival de Cannes. (Cannes, le 15 mai 2024).<br \/>\n                Gisela Schober \/ Getty Images<\/p>\n<p>L\u2019apparition tant attendue<\/p>\n<p class=\"fig-paragraph\">L\u2019an dernier, Naomi Campbell avait (d\u00e9j\u00e0) fait une apparition sensationnelle lors de la\u00a0<a href=\"http:\/\/madame.lefigaro.fr\/style\/news\/en-culotte-apparente-et-transparence-naomi-campbell-en-met-plein-la-vue-sur-le-tapis-rouge-de-cannes-20240516\" target=\"_blank\" data-fig-type=\"Article\" rel=\"noopener\" data-gtm-custom-categorie=\"navigation\" data-gtm-custom-action=\"crossclick\" data-gtm-custom-label=\"Contextuel\" data-gtm-event=\"customEventSPE\" data-fig-domain=\"MADAME\">77e \u00e9dition du Festival de Cannes<\/a>. \u00c0 l\u2019occasion de la projection du film Furiosa, elle avait mont\u00e9 les marches dans une sublime tenue\u00a0<a href=\"http:\/\/madame.lefigaro.fr\/celebrites\/actu-people\/kristen-stewart-en-casquette-et-bermuda-rayonne-pour-sa-premiere-montee-des-marches-comme-realisatrice-20250517\" target=\"_blank\" data-fig-type=\"Article\" rel=\"noopener\" data-gtm-custom-categorie=\"navigation\" data-gtm-custom-action=\"crossclick\" data-gtm-custom-label=\"Contextuel\" data-gtm-event=\"customEventSPE\" data-fig-domain=\"MADAME\">Chanel\u00a0<\/a>qui avait marqu\u00e9 les esprits des fashionistas. Une robe qu\u2019elle avait d\u00e9j\u00e0 port\u00e9e lors du d\u00e9fil\u00e9 automne hiver 1996-1997, de la griffe fran\u00e7aise. La muse d\u2019Azzedine Ala\u00efa arborait ainsi une longue robe \u00e0 sequins, compos\u00e9e de larges bandes ajour\u00e9es et dot\u00e9e de perles blanches en guise de bretelles. Si son apparition de 2025 a produit autant d\u2019effet que l\u2019an pass\u00e9, un d\u00e9tail reste visible\u00a0: sa coiffure. Lors de sa pr\u00e9c\u00e9dente venue, Naomi Campbell \u00e9tait coiff\u00e9e d\u2019une longue perruque boucl\u00e9e mais cette ann\u00e9e, le naturel prime. Ainsi, elle a foul\u00e9 le tapis rouge avec une coupe afro d\u00e9structur\u00e9e, sublimant son port de t\u00eate.<\/p>\n","protected":false},"excerpt":{"rendered":"En habitu\u00e9e du Festival de Cannes, Naomi Campbell a gravi les c\u00e9l\u00e8bres vingt-quatre marches du Palais des Festival,&hellip;\n","protected":false},"author":2,"featured_media":116738,"comment_status":"","ping_status":"","sticky":false,"template":"","format":"standard","meta":{"footnotes":""},"categories":[8],"tags":[998,988,991,1000,993,58,23716,994,59,992,5634,638,1011,27,997,977,999,989,23715,995,973,990,996],"class_list":{"0":"post-116737","1":"post","2":"type-post","3":"status-publish","4":"format-standard","5":"has-post-thumbnail","7":"category-divertissement","8":"tag-accessoire","9":"tag-actu-mode","10":"tag-actualite-mode","11":"tag-celebrites","12":"tag-defiles","13":"tag-divertissement","14":"tag-dolce-gabbana","15":"tag-egerie-mode","16":"tag-entertainment","17":"tag-fashion-week","18":"tag-festival-de-cannes","19":"tag-figaro","20":"tag-fr","21":"tag-france","22":"tag-lingerie","23":"tag-madame","24":"tag-mode-fashion-femme","25":"tag-mode-femme","26":"tag-naomi-campbell","27":"tag-nouvelle-tendance","28":"tag-people","29":"tag-tendance-mode","30":"tag-vetement"},"share_on_mastodon":{"url":"https:\/\/pubeurope.com\/@fr\/114545598390703138","error":""},"_links":{"self":[{"href":"https:\/\/www.europesays.com\/fr\/wp-json\/wp\/v2\/posts\/116737","targetHints":{"allow":["GET"]}}],"collection":[{"href":"https:\/\/www.europesays.com\/fr\/wp-json\/wp\/v2\/posts"}],"about":[{"href":"https:\/\/www.europesays.com\/fr\/wp-json\/wp\/v2\/types\/post"}],"author":[{"embeddable":true,"href":"https:\/\/www.europesays.com\/fr\/wp-json\/wp\/v2\/users\/2"}],"replies":[{"embeddable":true,"href":"https:\/\/www.europesays.com\/fr\/wp-json\/wp\/v2\/comments?post=116737"}],"version-history":[{"count":0,"href":"https:\/\/www.europesays.com\/fr\/wp-json\/wp\/v2\/posts\/116737\/revisions"}],"wp:featuredmedia":[{"embeddable":true,"href":"https:\/\/www.europesays.com\/fr\/wp-json\/wp\/v2\/media\/116738"}],"wp:attachment":[{"href":"https:\/\/www.europesays.com\/fr\/wp-json\/wp\/v2\/media?parent=116737"}],"wp:term":[{"taxonomy":"category","embeddable":true,"href":"https:\/\/www.europesays.com\/fr\/wp-json\/wp\/v2\/categories?post=116737"},{"taxonomy":"post_tag","embeddable":true,"href":"https:\/\/www.europesays.com\/fr\/wp-json\/wp\/v2\/tags?post=116737"}],"curies":[{"name":"wp","href":"https:\/\/api.w.org\/{rel}","templated":true}]}}