{"id":1167371,"date":"2026-09-04T18:18:31","date_gmt":"2026-09-04T18:18:31","guid":{"rendered":"https:\/\/www.europesays.com\/fr\/1167371\/"},"modified":"2026-09-04T18:18:31","modified_gmt":"2026-09-04T18:18:31","slug":"ain-avant-leurovision-le-bressan-alec-burette-tente-sa-chance-a-the-voice-kids","status":"publish","type":"post","link":"https:\/\/www.europesays.com\/fr\/1167371\/","title":{"rendered":"Ain. Avant l&rsquo;Eurovision, le Bressan Alec Burette tente sa chance \u00e0 The Voice Kids"},"content":{"rendered":"<p>C\u2019est un petit bonhomme de 12 ans, pour l\u2019instant \u00e0 peine plus haut que trois pommes. Mais aux \u00e2mes bien n\u00e9es comme l\u2019\u00e9crivait Corneille, la valeur n\u2019attend pas le nombre des ann\u00e9es. Et du talent, Alec Burette n\u2019en manque pas\u00a0! Au point d\u2019\u00eatre promis \u00e0 un tr\u00e8s bel avenir dans la musique et la chanson.<\/p>\n<p>\u00ab\u00a0Je pratique le piano et la guitare depuis l\u2019\u00e2ge de 5 et 7 ans respectivement\u00a0\u00bb, se pr\u00e9sente-t-il. \u00ab\u00a0Et je me suis mis au chant il y a maintenant un an. Parce que j\u2019aimais bien chanter, mais aussi parce que je voulais participer au <a href=\"https:\/\/www.leprogres.fr\/culture-loisirs\/2025\/07\/24\/melodie-un-prenom-une-voix-et-un-duo-avec-son-pere\" target=\"_blank\" rel=\"nofollow noopener\">casting de The Voice Kids<\/a>, que je regardais souvent \u00e0 la t\u00e9l\u00e9 et qui m\u2019a donn\u00e9 l\u2019envie de me lancer\u2026\u00a0\u00bb L\u2019\u00e9mission est diffus\u00e9e ce samedi 5\u00a0septembre sur TF1.<\/p>\n<p>Voil\u00e0 comment tout a commenc\u00e9, comment Alec a su se montrer suffisamment persuasif pour contourner la (faible) r\u00e9ticence de Matthieu, son papa, 41 ans, pompier professionnel \u00e0 Lyon, et embarquer toute sa famille dans cette aventure\u00a0: Jenny, sa maman, 40 ans, cadre dans une compagnie d\u2019assurances et premi\u00e8re&#8230;<\/p>\n","protected":false},"excerpt":{"rendered":"C\u2019est un petit bonhomme de 12 ans, pour l\u2019instant \u00e0 peine plus haut que trois pommes. Mais aux&hellip;\n","protected":false},"author":2,"featured_media":1167372,"comment_status":"","ping_status":"","sticky":false,"template":"","format":"standard","meta":{"footnotes":"","_share_on_mastodon":"0"},"categories":[1356],"tags":[2738,6749,6750,1687,58,6751,59,107,1011,27,4604,273,3140,252,1364],"class_list":["post-1167371","post","type-post","status-publish","format-standard","has-post-thumbnail","category-television","tag-ain","tag-bourg-en-bresse","tag-bourg-en-bresse-ville","tag-culture-loisirs","tag-divertissement","tag-edition-ain-ouest","tag-entertainment","tag-fil-info","tag-fr","tag-france","tag-selection-abonne","tag-selection-de-la-redaction","tag-spectacle","tag-television","tag-tv"],"share_on_mastodon":{"url":"https:\/\/pubeurope.com\/@fr\/117214151160169256","error":""},"_links":{"self":[{"href":"https:\/\/www.europesays.com\/fr\/wp-json\/wp\/v2\/posts\/1167371","targetHints":{"allow":["GET"]}}],"collection":[{"href":"https:\/\/www.europesays.com\/fr\/wp-json\/wp\/v2\/posts"}],"about":[{"href":"https:\/\/www.europesays.com\/fr\/wp-json\/wp\/v2\/types\/post"}],"author":[{"embeddable":true,"href":"https:\/\/www.europesays.com\/fr\/wp-json\/wp\/v2\/users\/2"}],"replies":[{"embeddable":true,"href":"https:\/\/www.europesays.com\/fr\/wp-json\/wp\/v2\/comments?post=1167371"}],"version-history":[{"count":0,"href":"https:\/\/www.europesays.com\/fr\/wp-json\/wp\/v2\/posts\/1167371\/revisions"}],"wp:featuredmedia":[{"embeddable":true,"href":"https:\/\/www.europesays.com\/fr\/wp-json\/wp\/v2\/media\/1167372"}],"wp:attachment":[{"href":"https:\/\/www.europesays.com\/fr\/wp-json\/wp\/v2\/media?parent=1167371"}],"wp:term":[{"taxonomy":"category","embeddable":true,"href":"https:\/\/www.europesays.com\/fr\/wp-json\/wp\/v2\/categories?post=1167371"},{"taxonomy":"post_tag","embeddable":true,"href":"https:\/\/www.europesays.com\/fr\/wp-json\/wp\/v2\/tags?post=1167371"}],"curies":[{"name":"wp","href":"https:\/\/api.w.org\/{rel}","templated":true}]}}