{"id":1167389,"date":"2026-09-04T18:28:29","date_gmt":"2026-09-04T18:28:29","guid":{"rendered":"https:\/\/www.europesays.com\/fr\/1167389\/"},"modified":"2026-09-04T18:28:29","modified_gmt":"2026-09-04T18:28:29","slug":"radar-de-chantier-sur-le-peripherique-parisien-les-infractions-classees-sans-suite-annonce-la-prefecture-de-police","status":"publish","type":"post","link":"https:\/\/www.europesays.com\/fr\/1167389\/","title":{"rendered":"Radar de chantier sur le p\u00e9riph\u00e9rique parisien : les infractions class\u00e9es sans suite, annonce la pr\u00e9fecture de police"},"content":{"rendered":"<ul class=\"jsx-25100651 ArticleChapo__List\">\n<li class=\"jsx-25100651 ArticleChapo__List_Item flex\">Un radar de chantier install\u00e9 au niveau de la porte de Montreuil, sur le p\u00e9riph\u00e9rique parisien, suscite la pol\u00e9mique apr\u00e8s avoir flash\u00e9 de nombreux automobilistes \u00e0 30 km\/h.<\/li>\n<li class=\"jsx-25100651 ArticleChapo__List_Item flex\">Sollicit\u00e9e par TF1info, la pr\u00e9fecture de police annonce l&rsquo;annulation de tous les proc\u00e8s-verbaux d\u00e9j\u00e0 dress\u00e9s.<\/li>\n<\/ul>\n<p id=\"body-_R_17v7tm_-block-5\" data-module=\"article-paragraph\" class=\"jsx-2921227388 Paragraph Paragraph__End\">Bonne nouvelle pour les automobilistes. Ces derniers jours, nombre d&rsquo;usagers du p\u00e9riph\u00e9rique parisien ont \u00e9t\u00e9 flash\u00e9s au niveau de la porte de Montreuil, \u00e0 l&rsquo;est de la capitale. La raison ? Un radar de chantier, install\u00e9 dans une zone de travaux, flashant massivement les v\u00e9hicules circulant \u00e0 plus de 30 km\/h dans la zone. <a href=\"https:\/\/www.tf1info.fr\/transports\/18-flashs-en-4-minutes-ce-radar-30-km-heure-juge-purement-pompe-a-fric-sur-le-peripherique-parisien-fait-polemique-2462253.html\" rel=\"nofollow noopener\" target=\"_blank\">De quoi susciter la pol\u00e9mique<\/a> : l&rsquo;association 40 millions d&rsquo;automobilistes a ainsi demand\u00e9 le retrait d&rsquo;un radar qui ne cesse de s&rsquo;activer : \u00ab\u00a018 flashs mesur\u00e9s en quatre minutes, un radar purement pompe-\u00e0-fric\u00a0\u00bb.<\/p>\n<p>Classement sans suite<\/p>\n<p id=\"body-_R_17v7tm_-block-8\" data-module=\"article-paragraph\" class=\"jsx-2921227388 Paragraph\">Elle a finalement partiellement obtenu gain de cause. Contact\u00e9e par TF1info, la pr\u00e9fecture de police annonce la neutralisation de la production des proc\u00e8s-verbaux. \u00ab\u00a0Du fait de p\u00e9riodes de fonctionnement rendues al\u00e9atoires en raison de difficult\u00e9s techniques sur l&rsquo;appareil, la production de proc\u00e8s-verbaux a \u00e9t\u00e9 neutralis\u00e9e\u00a0\u00bb, indique-t-elle.<\/p>\n<p data-module=\"article-paragraph\" class=\"jsx-2921227388 Paragraph Paragraph__End\">Idem pour les automobilistes qui ont d\u00e9j\u00e0 re\u00e7u leur amende. \u00ab\u00a0Le procureur de la R\u00e9publique de Rennes\u00a0\u00bb, o\u00f9 se trouve l&rsquo;Agence nationale de traitement automatis\u00e9 des infractions, \u00ab\u00a0apr\u00e8s analyse de la situation relative \u00e0 cet \u00e9quipement, a d\u00e9cid\u00e9 le classement sans suite des infractions concern\u00e9es\u00a0\u00bb, ajoute la pr\u00e9fecture de police. \u00ab\u00a0Les justiciables pour lesquels un avis de contravention a d&rsquo;ores et d\u00e9j\u00e0 \u00e9t\u00e9 transmis recevront dans les meilleurs d\u00e9lais un courrier les informant de cette d\u00e9cision.\u00a0\u00bb<\/p>\n<p><a href=\"https:\/\/www.tf1info.fr\/conso-argent\/j-ai-recu-un-pv-pour-vitesse-excessive-alors-que-les-gendarmes-du-pas-de-calais-n-avaient-ni-radar-ni-jumelles-est-ce-legal-le-13h-a-vos-cotes-2454439.html\" rel=\"nofollow noopener\" class=\"jsx-958316424 Link flex\" target=\"_blank\"><img decoding=\"async\" src=\"https:\/\/www.europesays.com\/fr\/wp-content\/uploads\/2026\/09\/gkjkj-39b224-0@1x.jpeg\" alt=\"gkjkj\" loading=\"lazy\" importance=\"low\" fetchpriority=\"low\" class=\"\" copyright=\"Capture vid\u00e9o LCI\" aria-hidden=\"true\"\/><\/p>\n<p class=\"jsx-4054529586 ReadMoreArticle__Title\">Lire aussi<\/p>\n<p class=\"jsx-4054529586\">J&rsquo;ai re\u00e7u un PV pour \u00ab\u00a0vitesse excessive\u00a0\u00bb alors que les gendarmes n&rsquo;avaient aucun radar, est-ce l\u00e9gal ? Le 13H \u00e0 vos c\u00f4t\u00e9s<\/p>\n<p><\/a><\/p>\n<p id=\"body-_R_17v7tm_-block-11\" data-module=\"article-paragraph\" class=\"jsx-2921227388 Paragraph Paragraph__End\">Toutefois, le radar n&rsquo;est pas compl\u00e8tement retir\u00e9 du p\u00e9riph\u00e9rique parisien. \u00ab\u00a0Des travaux et discussions sont en cours entre les services de l&rsquo;\u00c9tat et la ville de Paris pour identifier un nouveau point d&rsquo;implantation pour le radar et stabiliser son fonctionnement, notamment en rapport avec l&rsquo;\u00e9volution du chantier dans le temps\u00a0\u00bb, pr\u00e9cise-t-elle.<\/p>\n","protected":false},"excerpt":{"rendered":"Un radar de chantier install\u00e9 au niveau de la porte de Montreuil, sur le p\u00e9riph\u00e9rique parisien, suscite la&hellip;\n","protected":false},"author":2,"featured_media":1167390,"comment_status":"","ping_status":"","sticky":false,"template":"","format":"standard","meta":{"footnotes":"","_share_on_mastodon":"0"},"categories":[4],"tags":[1111,11,1921,1011,27,662,1922,2954,12,626,1072,25,133,2953],"class_list":["post-1167389","post","type-post","status-publish","format-standard","has-post-thumbnail","category-france","tag-actu","tag-actualites","tag-article-video","tag-fr","tag-france","tag-ile-de-france","tag-info","tag-justice-et-faits-divers","tag-news","tag-paris","tag-police","tag-republique-francaise","tag-video","tag-video-police"],"share_on_mastodon":{"url":"https:\/\/pubeurope.com\/@fr\/117214191994895500","error":""},"_links":{"self":[{"href":"https:\/\/www.europesays.com\/fr\/wp-json\/wp\/v2\/posts\/1167389","targetHints":{"allow":["GET"]}}],"collection":[{"href":"https:\/\/www.europesays.com\/fr\/wp-json\/wp\/v2\/posts"}],"about":[{"href":"https:\/\/www.europesays.com\/fr\/wp-json\/wp\/v2\/types\/post"}],"author":[{"embeddable":true,"href":"https:\/\/www.europesays.com\/fr\/wp-json\/wp\/v2\/users\/2"}],"replies":[{"embeddable":true,"href":"https:\/\/www.europesays.com\/fr\/wp-json\/wp\/v2\/comments?post=1167389"}],"version-history":[{"count":0,"href":"https:\/\/www.europesays.com\/fr\/wp-json\/wp\/v2\/posts\/1167389\/revisions"}],"wp:featuredmedia":[{"embeddable":true,"href":"https:\/\/www.europesays.com\/fr\/wp-json\/wp\/v2\/media\/1167390"}],"wp:attachment":[{"href":"https:\/\/www.europesays.com\/fr\/wp-json\/wp\/v2\/media?parent=1167389"}],"wp:term":[{"taxonomy":"category","embeddable":true,"href":"https:\/\/www.europesays.com\/fr\/wp-json\/wp\/v2\/categories?post=1167389"},{"taxonomy":"post_tag","embeddable":true,"href":"https:\/\/www.europesays.com\/fr\/wp-json\/wp\/v2\/tags?post=1167389"}],"curies":[{"name":"wp","href":"https:\/\/api.w.org\/{rel}","templated":true}]}}