{"id":1167397,"date":"2026-09-04T18:33:14","date_gmt":"2026-09-04T18:33:14","guid":{"rendered":"https:\/\/www.europesays.com\/fr\/1167397\/"},"modified":"2026-09-04T18:33:14","modified_gmt":"2026-09-04T18:33:14","slug":"nancy-rendez-vous-decevant-avec-le-ministre-les-policiers-jettent-les-menottes","status":"publish","type":"post","link":"https:\/\/www.europesays.com\/fr\/1167397\/","title":{"rendered":"Nancy. Rendez-vous \u00ab\u00a0d\u00e9cevant\u00a0\u00bb avec le ministre\u00a0: les policiers jettent les menottes"},"content":{"rendered":"<p>Apr\u00e8s le report de deux rendez-vous, <a href=\"https:\/\/www.estrepublicain.fr\/p\/laurent-nunez\" target=\"_blank\" rel=\"nofollow noopener\">Laurent Nu\u00f1ez<\/a>, ministre de l\u2019Int\u00e9rieur, a re\u00e7u les syndicats de police, ce vendredi 4 septembre, pour \u00e9voquer grilles salariales, conditions de travail, moyens mis \u00e0 disposition\u2026 Une rencontre avec, en toile de fond, la <a href=\"https:\/\/www.estrepublicain.fr\/faits-divers-justice\/2026\/06\/26\/police-rien-pour-la-base-et-1-350-pour-les-commissaires\" target=\"_blank\" rel=\"nofollow noopener\">r\u00e9forme du corps de conception et de direction du mois de juin<\/a> (1\u00a0350\u00a0\u20ac pour les commissaires de police), d\u00e9nonc\u00e9e entre autres par le syndicat Un1t\u00e9.<\/p>\n<p>\u00ab Une grille de 32 \u00e9chelons de 18 mois chacun, que personne n\u2019atteindra jamais, puisque pour aller du pied au haut de grille, il faut\u2026 48 ans \u00bb, avait toutefois nuanc\u00e9 le syndicat des commissaires de police, en r\u00e9ponse \u00e0 Un1t\u00e9.\u00a0<\/p>\n<p>Vendredi, la rencontre avec le ministre de l\u2019Int\u00e9rieur n\u2019a pas fait redescendre la col\u00e8re de la base, \u00ab celles et ceux qui tiennent l\u2019institution au quotidien et la R\u00e9publique \u00e0 bout de bras \u00bb, mart\u00e8le David Didier, secr\u00e9taire d\u00e9partemental d\u2019Un1t\u00e9.\u00a0<\/p>\n<p>  \u00ab\u00a0Aucune avanc\u00e9e concr\u00e8te\u00a0\u00bb<\/p>\n<p>Lui et son <a href=\"https:\/\/www.estrepublicain.fr\/faits-divers-justice\/2026\/05\/25\/moins-de-medecins-pour-les-vivants-comme-pour-les-morts\" target=\"_blank\" rel=\"nofollow noopener\">adjointe Karine Vandionant<\/a> ainsi que Maud B., d\u00e9l\u00e9gu\u00e9e zonale adjointe Un1t\u00e9 pour les personnels administratifs, techniques et sp\u00e9cialis\u00e9s (PATS), comptaient parmi la vingtaine de policiers rassembl\u00e9e vendredi \u00e0 midi, devant l\u2019h\u00f4tel de police de Nancy. Pour un jet de menottes symbolique.<\/p>\n<p>Le reflet de leur m\u00e9contentement \u00e0 l\u2019issue d\u2019un rendez-vous minist\u00e9riel qualifi\u00e9 de \u00ab d\u00e9cevant, qui n\u2019a d\u00e9bouch\u00e9 sur aucune avanc\u00e9e concr\u00e8te \u00bb et d\u2019un \u00ab \u00e9ni\u00e8me \u00e9pisode o\u00f9 les policiers, agents administratifs, techniques, sp\u00e9cialis\u00e9s ou scientifiques qui font fonctionner ce minist\u00e8re ont \u00e9t\u00e9 trait\u00e9s avec m\u00e9pris \u00bb, souligne Un1t\u00e9.\u00a0\u00a0\u00a0<\/p>\n<p>\u00ab Il n\u2019y a pas d\u2019argent pour la base, mais il y en a pour le plus haut corps de la profession ! \u00bb, d\u00e9plore David Didier, \u00ab alors qu\u2019on manque de moyens humains, mat\u00e9riels et que nous tournons en conditions de travail d\u00e9grad\u00e9es. Mercredi matin \u00e0 6 h 30, il n\u2019y avait que deux patrouilles au programme pour assurer la s\u00e9curit\u00e9 de 20 communes \u00bb, rel\u00e8ve-t-il.<\/p>\n<p>M\u00eame si, dans les heures qui suivent, les effectifs rationalis\u00e9s montent en puissance avec la prise de service d\u2019autres unit\u00e9s. Le syndicat Un1t\u00e9 annonce l\u2019entame d\u2019un bras de fer \u00ab\u00a0pour se faire entendre\u00a0\u00bb.<\/p>\n","protected":false},"excerpt":{"rendered":"Apr\u00e8s le report de deux rendez-vous, Laurent Nu\u00f1ez, ministre de l\u2019Int\u00e9rieur, a re\u00e7u les syndicats de police, ce&hellip;\n","protected":false},"author":2,"featured_media":1167398,"comment_status":"","ping_status":"","sticky":false,"template":"","format":"standard","meta":{"footnotes":"","_share_on_mastodon":"0"},"categories":[9635],"tags":[1111,11,9671,271,272,1704,341,1777,674,274,1011,27,775,3457,1702,1703,12,25,137,801],"class_list":["post-1167397","post","type-post","status-publish","format-standard","has-post-thumbnail","category-nancy","tag-actu","tag-actualites","tag-conflit-social","tag-crime","tag-delit-et-contravention","tag-edition-nancy-et-agglomeration","tag-emploi","tag-eu","tag-europe","tag-faits-divers-justice","tag-fr","tag-france","tag-grand-est","tag-meurthe-et-moselle","tag-nancy","tag-nancy-ville-54b","tag-news","tag-republique-francaise","tag-retraite","tag-social"],"share_on_mastodon":{"url":"https:\/\/pubeurope.com\/@fr\/117214210207986253","error":""},"_links":{"self":[{"href":"https:\/\/www.europesays.com\/fr\/wp-json\/wp\/v2\/posts\/1167397","targetHints":{"allow":["GET"]}}],"collection":[{"href":"https:\/\/www.europesays.com\/fr\/wp-json\/wp\/v2\/posts"}],"about":[{"href":"https:\/\/www.europesays.com\/fr\/wp-json\/wp\/v2\/types\/post"}],"author":[{"embeddable":true,"href":"https:\/\/www.europesays.com\/fr\/wp-json\/wp\/v2\/users\/2"}],"replies":[{"embeddable":true,"href":"https:\/\/www.europesays.com\/fr\/wp-json\/wp\/v2\/comments?post=1167397"}],"version-history":[{"count":0,"href":"https:\/\/www.europesays.com\/fr\/wp-json\/wp\/v2\/posts\/1167397\/revisions"}],"wp:featuredmedia":[{"embeddable":true,"href":"https:\/\/www.europesays.com\/fr\/wp-json\/wp\/v2\/media\/1167398"}],"wp:attachment":[{"href":"https:\/\/www.europesays.com\/fr\/wp-json\/wp\/v2\/media?parent=1167397"}],"wp:term":[{"taxonomy":"category","embeddable":true,"href":"https:\/\/www.europesays.com\/fr\/wp-json\/wp\/v2\/categories?post=1167397"},{"taxonomy":"post_tag","embeddable":true,"href":"https:\/\/www.europesays.com\/fr\/wp-json\/wp\/v2\/tags?post=1167397"}],"curies":[{"name":"wp","href":"https:\/\/api.w.org\/{rel}","templated":true}]}}