{"id":1167401,"date":"2026-09-04T18:36:15","date_gmt":"2026-09-04T18:36:15","guid":{"rendered":"https:\/\/www.europesays.com\/fr\/1167401\/"},"modified":"2026-09-04T18:36:15","modified_gmt":"2026-09-04T18:36:15","slug":"apres-lexamen-des-recours-contre-les-elections-municipales-de-six-fours-lecart-pourrait-se-resserrer-entre-le-maire-rn-et-son-adversaire","status":"publish","type":"post","link":"https:\/\/www.europesays.com\/fr\/1167401\/","title":{"rendered":"Apr\u00e8s l\u2019examen des recours contre les \u00e9lections municipales de Six-Fours, l\u2019\u00e9cart pourrait se resserrer entre le maire RN et son adversaire"},"content":{"rendered":"<p>Le tribunal administratif de Toulon s\u2019est pench\u00e9 ce vendredi matin sur deux recours form\u00e9s contre les r\u00e9sultats des \u00e9lections municipales de Six-Fours-les-Plages remport\u00e9es en mars\u00a02026\u00a0par Fr\u00e9d\u00e9ric Boccaletti. Le d\u00e9put\u00e9 RN avait fini <strong>la course en t\u00eate<\/strong> (50,06\u00a0%) avec seulement 21\u202fvoix d\u2019avance sur le maire LR sortant Jean-S\u00e9bastien Vialatte.<\/p>\n<p>Le rapporteur public, charg\u00e9 de livrer une analyse juridique, s\u2019est prononc\u00e9 pour une modification du r\u00e9sultat du second tour en r\u00e9int\u00e9grant, au b\u00e9n\u00e9fice de Jean-S\u00e9bastien Vialatte, trois bulletins d\u00e9clar\u00e9s nuls lors du d\u00e9pouillement. Avec un \u00e9cart r\u00e9duit \u00e0 18\u00a0voix, <strong>le maire conserverait donc son \u00e9charpe<\/strong>.<\/p>\n<p>Les trois bulletins \u00ab\u00a0rep\u00each\u00e9s\u00a0\u00bb comportaient <strong>des traces d\u2019encre ou des d\u00e9chirures<\/strong> qui ne rel\u00e8vent pas \u00ab\u00a0d\u2019une man\u0153uvre particuli\u00e8re qui aurait eu pour cons\u00e9quence de faire douter du vote des \u00e9lecteurs\u00a0\u00bb. Le tribunal rendra son jugement d\u2019ici au vendredi 11\u00a0septembre, a annonc\u00e9 le pr\u00e9sident de l\u2019audience.<\/p>\n<p class=\"fs-5 \">Le rapporteur public a \u00e9cart\u00e9 tous les autres griefs port\u00e9s par les requ\u00e9rants \u2013 <a href=\"https:\/\/www.nicematin.com\/societe\/politique\/municipales-2026\/beaucoup-de-mes-colistiers-me-poussent-a-faire-un-recours-battu-de-21-voix-jean-sebastien-vialatte-hesite-a-contester-les-resultats-du-second-tour-a-six-fours-les-plages-10674051\" rel=\"nofollow noopener\" target=\"_blank\">parmi lesquels Jean-S\u00e9bastien Vialatte<\/a>. Outre les bulletins nuls qui auraient \u00e9t\u00e9 injustement \u00e9cart\u00e9s, leur \u00ab\u00a0protestation \u00e9lectorale\u00a0\u00bb pointe aussi <strong>deux publications sur la page Facebook<\/strong> de Fr\u00e9d\u00e9ric Boccaletti qui auraient, selon eux, entach\u00e9 la sinc\u00e9rit\u00e9 du scrutin.<\/p>\n<p>        <img id=\"article-thumbnail-6\" src=\"https:\/\/www.europesays.com\/fr\/wp-content\/uploads\/2026\/09\/ARTVIEW-10688414-1200-800-24d0fb7_upload-1-6cotgt2akqjt-vialatte-fm.jpg\"   width=\"600\" height=\"400\" loading=\"lazy\" decoding=\"async\" alt=\"Jean-S\u00e9bastien Vialatte a \u00e9t\u00e9 maire de Six-Fours de 1995\u00a0\u00e0 2026.\" class=\"img-fluid position-absolute w-100 h-100 object-fit-cover rounded-2\"\/><\/p>\n<p class=\"fs-5 \">Dans le viseur des \u00ab\u00a0protestataires\u00a0\u00bb\u00a0: un photomontage pr\u00e9sentant le maire sortant aux c\u00f4t\u00e9s de Marine Tondelier et de Jean-Luc M\u00e9lenchon, et <strong>un message sibyllin<\/strong> susceptible de mettre en cause la probit\u00e9 de l\u2019\u00e9dile (qui n\u2019a pas port\u00e9 plainte pour diffamation).<\/p>\n<p class=\"fs-5 \">\u00ab\u00a0Je pense que cette accusation a eu un impact sur les votants\u00a0\u00bb, a d\u00e9plor\u00e9 l\u2019avocate des requ\u00e9rants. \u00ab\u00a0Dans le cadre d\u2019une \u00e9lection o\u00f9 l\u2019\u00e9cart de voix est de moins de 1\u00a0%,<strong> il faut que les \u00e9lections soient parfaites<\/strong>. Et l\u00e0, \u00e0 mon sens, ce n\u2019est pas le cas.\u00a0\u00bb<\/p>\n<p class=\"fs-5 \">\u00ab\u00a0Si l\u2019attaque politique para\u00eet <strong>exag\u00e9r\u00e9e, in\u00e9l\u00e9gante ou d\u00e9plac\u00e9e<\/strong>, elle ne nous appara\u00eet pas pour autant irr\u00e9guli\u00e8re, d\u2019autant plus que Monsieur Vialatte a eu le temps n\u00e9cessaire pour y r\u00e9pondre\u00a0\u00bb, a cependant balay\u00e9 le rapporteur public.<\/p>\n<p>    Une union \u00ab\u00a0cocasse\u00a0\u00bb contre le recours de la gauche<\/p>\n<p class=\"fs-5 \">Le tribunal administratif a \u00e9galement examin\u00e9 un recours contre les op\u00e9rations de vote du premier tour port\u00e9 par Philippe Comani, candidat sur la liste conduite par Pascal Cabras (PCF), \u00e9limin\u00e9e de justesse. <strong>Seize\u00a0voix ont manqu\u00e9<\/strong> pour une qualification de la gauche au second tour.<\/p>\n<p class=\"fs-5 \">L\u2019essentiel des reproches cible la campagne de Jean-S\u00e9bastien Vialatte. Utilisation d\u2019une phototh\u00e8que municipale, erreurs sur des listes d\u2019\u00e9margement\u2026 La protestation \u00e9lectorale fait feu de tout bois pour arracher une annulation du premier tour, <strong>et par effet domino celle du second qui a consacr\u00e9 Fr\u00e9d\u00e9ric Boccaletti<\/strong>.<\/p>\n<p class=\"fs-5 \">De quoi g\u00e9n\u00e9rer \u00ab\u00a0une situation un peu cocasse\u00a0\u00bb, selon l\u2019expression du rapporteur public, puisque la d\u00e9fense de Fr\u00e9d\u00e9ric Boccaletti a d\u00fb prendre<strong> celle de son adversaire<\/strong> Jean-S\u00e9bastien Vialatte pour \u00e9viter ce sc\u00e9nario\u2026<\/p>\n<p class=\"fs-5 \">Sur le fond, le rapporteur a estim\u00e9 que \u00ab\u00a0les quelques petites irr\u00e9gularit\u00e9s soulev\u00e9es [sont] sans incidence\u00a0\u00bb. Et de conclure\u00a0: \u00ab\u00a0Et finalement M. Boccaletti obtient <strong>une l\u00e9gitimit\u00e9 suppl\u00e9mentaire \u00e0 son \u00e9lection<\/strong> dans le rejet [du recours de la liste de gauche] que nous vous proposons\u00a0\u00bb.<\/p>\n","protected":false},"excerpt":{"rendered":"Le tribunal administratif de Toulon s\u2019est pench\u00e9 ce vendredi matin sur deux recours form\u00e9s contre les r\u00e9sultats des&hellip;\n","protected":false},"author":2,"featured_media":1167402,"comment_status":"","ping_status":"","sticky":false,"template":"","format":"standard","meta":{"footnotes":"","_share_on_mastodon":"0"},"categories":[9619],"tags":[1111,11,1777,674,1011,27,12,882,25,2310],"class_list":["post-1167401","post","type-post","status-publish","format-standard","has-post-thumbnail","category-toulon","tag-actu","tag-actualites","tag-eu","tag-europe","tag-fr","tag-france","tag-news","tag-provence-alpes-cote-dazur","tag-republique-francaise","tag-toulon"],"share_on_mastodon":{"url":"https:\/\/pubeurope.com\/@fr\/117214223255566240","error":""},"_links":{"self":[{"href":"https:\/\/www.europesays.com\/fr\/wp-json\/wp\/v2\/posts\/1167401","targetHints":{"allow":["GET"]}}],"collection":[{"href":"https:\/\/www.europesays.com\/fr\/wp-json\/wp\/v2\/posts"}],"about":[{"href":"https:\/\/www.europesays.com\/fr\/wp-json\/wp\/v2\/types\/post"}],"author":[{"embeddable":true,"href":"https:\/\/www.europesays.com\/fr\/wp-json\/wp\/v2\/users\/2"}],"replies":[{"embeddable":true,"href":"https:\/\/www.europesays.com\/fr\/wp-json\/wp\/v2\/comments?post=1167401"}],"version-history":[{"count":0,"href":"https:\/\/www.europesays.com\/fr\/wp-json\/wp\/v2\/posts\/1167401\/revisions"}],"wp:featuredmedia":[{"embeddable":true,"href":"https:\/\/www.europesays.com\/fr\/wp-json\/wp\/v2\/media\/1167402"}],"wp:attachment":[{"href":"https:\/\/www.europesays.com\/fr\/wp-json\/wp\/v2\/media?parent=1167401"}],"wp:term":[{"taxonomy":"category","embeddable":true,"href":"https:\/\/www.europesays.com\/fr\/wp-json\/wp\/v2\/categories?post=1167401"},{"taxonomy":"post_tag","embeddable":true,"href":"https:\/\/www.europesays.com\/fr\/wp-json\/wp\/v2\/tags?post=1167401"}],"curies":[{"name":"wp","href":"https:\/\/api.w.org\/{rel}","templated":true}]}}