{"id":1167403,"date":"2026-09-04T18:37:15","date_gmt":"2026-09-04T18:37:15","guid":{"rendered":"https:\/\/www.europesays.com\/fr\/1167403\/"},"modified":"2026-09-04T18:37:15","modified_gmt":"2026-09-04T18:37:15","slug":"leffectif-est-notre-meilleur-depuis-quelques-annees-laviron-bayonnais-lance-sa-saison-ce-samedi-face-a-toulon","status":"publish","type":"post","link":"https:\/\/www.europesays.com\/fr\/1167403\/","title":{"rendered":"\u00ab\u00a0L\u2019effectif est notre meilleur depuis quelques ann\u00e9es\u00a0\u00bb\u00a0: l\u2019Aviron Bayonnais\u00a0lance sa saison ce samedi face \u00e0 Toulon"},"content":{"rendered":"<p>Le staff et les joueurs bayonnais ne vont pas commencer \u00e0 sortir la Casio de la trousse. Ils n\u2019ont pas encore d\u00e9fini d\u2019objectif global, vu leur d\u00e9cevant dernier exercice (12e), et leur seule ambition du moment, c\u2019est de s\u2019imposer d\u2019entr\u00e9e face au RCT, ce samedi \u00e0 19\u00a0h\u00a005. Pour la confiance et le moral. Pour envoyer un signal, celui d\u2019un Jean-Dauger o\u00f9 il serait difficile de gagner, comme dans un pass\u00e9 pas si lointain, avant cette maudite ann\u00e9e 2026. Un succ\u00e8s \u00e9viterait surtout le d\u00e9but des maux de t\u00eate. D\u00e9marrer par un revers \u00e0 la maison apr\u00e8s des mois d\u2019inconfort \u00e0 tous les niveaux parasiterait un groupe qui aspire \u00e0 l\u2019apaisement. \u00ab\u00a0On a la chance de commencer \u00e0 domicile, pense l\u2019ailier Arnaud Erbinartegaray, forfait ce samedi. \u00c7a d\u00e9pend de chacun mais moi, je le vois comme une occasion de se mettre dans le bain directement, de bien commencer.\u00a0\u00bb<\/p>\n<p>        <img decoding=\"async\" id=\"30484817\" src=\"https:\/\/www.europesays.com\/fr\/wp-content\/uploads\/2026\/09\/whatsapp-image-2026-09-04-at-18-25-37.jpeg\" itemprop=\"contentURL\"\/><\/p>\n<p>    \u00ab\u00a0Plus de profondeur\u00a0\u00bb<\/p>\n<p>Gerard Fraser est sur la m\u00eame ligne que son trois-quarts : \u00ab\u00a0C\u2019est la meilleure chose qui puisse nous arriver, insiste le manager. On va pouvoir montrer \u00e0 notre public, \u00e0 notre pr\u00e9sident, \u00e0 notre club et aux joueurs qu\u2019on a bien boss\u00e9, qu\u2019on a boss\u00e9 fort et qu\u2019on est hyper motiv\u00e9s pour bien d\u00e9marrer la saison. C\u2019est une opportunit\u00e9, un privil\u00e8ge.\u00a0\u00bb Le RC Toulon, avec le retour de Franck Az\u00e9ma aux c\u00f4t\u00e9s de Pierre Mignoni, entend contrecarrer le projet, c\u2019est logique. Les Varois sortent \u00e9galement d\u2019un exercice rat\u00e9, sans qualification pour la phase finale. \u00ab\u00a0Que voulez-vous renvoyer comme image\u00a0? Qui voulez-vous \u00eatre sur le terrain\u00a0? Quelles sont vos ambitions\u00a0?\u00a0\u00bb Autant de questions pos\u00e9es par le directeur du rugby du RCT \u00e0 ses joueurs cet \u00e9t\u00e9.<\/p>\n","protected":false},"excerpt":{"rendered":"Le staff et les joueurs bayonnais ne vont pas commencer \u00e0 sortir la Casio de la trousse. Ils&hellip;\n","protected":false},"author":2,"featured_media":1167404,"comment_status":"","ping_status":"","sticky":false,"template":"","format":"standard","meta":{"footnotes":"","_share_on_mastodon":"0"},"categories":[9619],"tags":[1111,11,1777,674,1011,27,12,882,25,2310],"class_list":["post-1167403","post","type-post","status-publish","format-standard","has-post-thumbnail","category-toulon","tag-actu","tag-actualites","tag-eu","tag-europe","tag-fr","tag-france","tag-news","tag-provence-alpes-cote-dazur","tag-republique-francaise","tag-toulon"],"share_on_mastodon":{"url":"https:\/\/pubeurope.com\/@fr\/117214227456166163","error":""},"_links":{"self":[{"href":"https:\/\/www.europesays.com\/fr\/wp-json\/wp\/v2\/posts\/1167403","targetHints":{"allow":["GET"]}}],"collection":[{"href":"https:\/\/www.europesays.com\/fr\/wp-json\/wp\/v2\/posts"}],"about":[{"href":"https:\/\/www.europesays.com\/fr\/wp-json\/wp\/v2\/types\/post"}],"author":[{"embeddable":true,"href":"https:\/\/www.europesays.com\/fr\/wp-json\/wp\/v2\/users\/2"}],"replies":[{"embeddable":true,"href":"https:\/\/www.europesays.com\/fr\/wp-json\/wp\/v2\/comments?post=1167403"}],"version-history":[{"count":0,"href":"https:\/\/www.europesays.com\/fr\/wp-json\/wp\/v2\/posts\/1167403\/revisions"}],"wp:featuredmedia":[{"embeddable":true,"href":"https:\/\/www.europesays.com\/fr\/wp-json\/wp\/v2\/media\/1167404"}],"wp:attachment":[{"href":"https:\/\/www.europesays.com\/fr\/wp-json\/wp\/v2\/media?parent=1167403"}],"wp:term":[{"taxonomy":"category","embeddable":true,"href":"https:\/\/www.europesays.com\/fr\/wp-json\/wp\/v2\/categories?post=1167403"},{"taxonomy":"post_tag","embeddable":true,"href":"https:\/\/www.europesays.com\/fr\/wp-json\/wp\/v2\/tags?post=1167403"}],"curies":[{"name":"wp","href":"https:\/\/api.w.org\/{rel}","templated":true}]}}