{"id":1167422,"date":"2026-09-04T18:51:18","date_gmt":"2026-09-04T18:51:18","guid":{"rendered":"https:\/\/www.europesays.com\/fr\/1167422\/"},"modified":"2026-09-04T18:51:18","modified_gmt":"2026-09-04T18:51:18","slug":"selestat-quatre-vehicules-se-percutent-sur-la35-entre-strasbourg-et-colmar-trois-blesses-legers","status":"publish","type":"post","link":"https:\/\/www.europesays.com\/fr\/1167422\/","title":{"rendered":"S\u00e9lestat. Quatre v\u00e9hicules se percutent sur l&rsquo;A35 entre Strasbourg et Colmar, trois bless\u00e9s l\u00e9gers"},"content":{"rendered":"<p>Un accident impliquant quatre v\u00e9hicules, qui se sont percut\u00e9s en enfilade, s&rsquo;est produit ce vendredi 4 septembre sur l&rsquo;autoroute A35 au niveau de S\u00e9lestat, dans le sens Strasbourg vers Colmar.<\/p>\n<p>Les v\u00e9hicules ont \u00e9t\u00e9 remis\u00e9s sur la bande d&rsquo;arr\u00eat d&rsquo;urgence. Au total, huit personnes ont \u00e9t\u00e9 impliqu\u00e9es dans l&rsquo;accident, dont trois femmes de 20, 21 et 25 ans, l\u00e9g\u00e8rement bless\u00e9es, qui ont \u00e9t\u00e9 transport\u00e9es par les pompiers \u00e0 l&rsquo;h\u00f4pital de S\u00e9lestat.<\/p>\n","protected":false},"excerpt":{"rendered":"Un accident impliquant quatre v\u00e9hicules, qui se sont percut\u00e9s en enfilade, s&rsquo;est produit ce vendredi 4 septembre sur&hellip;\n","protected":false},"author":2,"featured_media":1167423,"comment_status":"","ping_status":"","sticky":false,"template":"","format":"standard","meta":{"footnotes":"","_share_on_mastodon":"0"},"categories":[2820],"tags":[119,1111,11,2649,3143,1777,674,274,107,1011,27,775,12,25,3141,640],"class_list":["post-1167422","post","type-post","status-publish","format-standard","has-post-thumbnail","category-strasbourg","tag-accident","tag-actu","tag-actualites","tag-bas-rhin","tag-edition-selestat-erstein","tag-eu","tag-europe","tag-faits-divers-justice","tag-fil-info","tag-fr","tag-france","tag-grand-est","tag-news","tag-republique-francaise","tag-selestat","tag-strasbourg"],"share_on_mastodon":{"url":"https:\/\/pubeurope.com\/@fr\/117214280565185975","error":""},"_links":{"self":[{"href":"https:\/\/www.europesays.com\/fr\/wp-json\/wp\/v2\/posts\/1167422","targetHints":{"allow":["GET"]}}],"collection":[{"href":"https:\/\/www.europesays.com\/fr\/wp-json\/wp\/v2\/posts"}],"about":[{"href":"https:\/\/www.europesays.com\/fr\/wp-json\/wp\/v2\/types\/post"}],"author":[{"embeddable":true,"href":"https:\/\/www.europesays.com\/fr\/wp-json\/wp\/v2\/users\/2"}],"replies":[{"embeddable":true,"href":"https:\/\/www.europesays.com\/fr\/wp-json\/wp\/v2\/comments?post=1167422"}],"version-history":[{"count":0,"href":"https:\/\/www.europesays.com\/fr\/wp-json\/wp\/v2\/posts\/1167422\/revisions"}],"wp:featuredmedia":[{"embeddable":true,"href":"https:\/\/www.europesays.com\/fr\/wp-json\/wp\/v2\/media\/1167423"}],"wp:attachment":[{"href":"https:\/\/www.europesays.com\/fr\/wp-json\/wp\/v2\/media?parent=1167422"}],"wp:term":[{"taxonomy":"category","embeddable":true,"href":"https:\/\/www.europesays.com\/fr\/wp-json\/wp\/v2\/categories?post=1167422"},{"taxonomy":"post_tag","embeddable":true,"href":"https:\/\/www.europesays.com\/fr\/wp-json\/wp\/v2\/tags?post=1167422"}],"curies":[{"name":"wp","href":"https:\/\/api.w.org\/{rel}","templated":true}]}}