{"id":1167443,"date":"2026-09-04T19:06:31","date_gmt":"2026-09-04T19:06:31","guid":{"rendered":"https:\/\/www.europesays.com\/fr\/1167443\/"},"modified":"2026-09-04T19:06:31","modified_gmt":"2026-09-04T19:06:31","slug":"dans-ce-centre-commercial-la-hausse-du-loyer-pousse-le-fleuriste-vers-la-sortie-a-ce-tarif-la-ce-sera-sans-nous","status":"publish","type":"post","link":"https:\/\/www.europesays.com\/fr\/1167443\/","title":{"rendered":"Dans ce centre commercial, la hausse du loyer pousse le fleuriste vers la sortie : \u00ab\u00a0\u00e0 ce tarif-l\u00e0, ce sera sans nous\u00a0\u00bb"},"content":{"rendered":"<p>                    Par<br \/>\n        <strong><br \/>\n            <a href=\"https:\/\/actu.fr\/auteur\/ines-cussac-actu-fr\" title=\"Consulter tous les articles de In\u00e8s Cussac\" rel=\"nofollow noopener\" target=\"_blank\">In\u00e8s Cussac<\/a><br \/>\n                    <\/strong><\/p>\n<p>        Publi\u00e9 le<\/p>\n<p>            4 sept. 2026 \u00e0 16h35        <\/p>\n<p>C\u2019est la \u00ab\u2009fin de l\u2019aventure\u2009\u00bb pour l\u2019artisan fleuriste Gaylor. Trois ans apr\u00e8s son arriv\u00e9e dans le <a href=\"https:\/\/actu.fr\/provence-alpes-cote-d-azur\/marseille_13055\/un-nouveau-magasin-normal-ouvre-a-marseille-il-est-situe-dans-ce-centre-commercial_64369156.html\" rel=\"nofollow noopener\" target=\"_blank\">centre commercial Bonneveine<\/a> \u00e0 <a href=\"https:\/\/actu.fr\/marseille\/\" rel=\"nofollow noopener\" target=\"_blank\">Marseille<\/a> (8e), le commer\u00e7ant baisse le rideau. \u00ab\u2009Nous avons essay\u00e9, \u00e0 notre petite \u00e9chelle, de <strong>participer \u00e0 la vie et \u00e0 la redynamisation de ce centre<\/strong> qui, certains jours, prend malheureusement des allures de cimeti\u00e8re\u2009\u00bb, d\u00e9plore le fleuriste qui annonce quitter les lieux \u00ab\u2009le c\u0153ur serr\u00e9\u2009\u00bb.<\/p>\n<p class=\" wall-content\">En cause, la hausse des loyers ne lui permet pas de rester.<\/p>\n<p>    <a href=\"https:\/\/www.google.com\/maps\/embed?pb=!1m18!1m12!1m3!1d2906.1269516710586!2d5.386963075250732!3d43.24876107849625!2m3!1f0!2f0!3f0!3m2!1i1024!2i768!4f13.1!3m3!1m2!1s0x12c9c77c890c552f%3A0x1f46dc07c226c08!2sCentre%20Commercial%20Bonneveine!5e0!3m2!1sfr!2sfr!4v1788530297617!5m2!1sfr!2sfr\" title=\"Ouvrie le lien\" rel=\"nofollow noopener\" target=\"_blank\">Cliquez ici pour visualiser le contenu<\/a><\/p>\n<p>\u00ab\u2009Quelque part entre les Champs-\u00c9lys\u00e9es et l\u2019avenue Montaigne\u2009\u00bb<\/p>\n<p class=\" wall-content\">\u00ab\u2009Il y a 36\u00a0mois, nous avons ouvert une boutique dans la galerie avec \u00e9norm\u00e9ment d\u2019envie et d\u2019ambition\u2009\u00bb, retrace l\u2019enseigne sur les r\u00e9seaux sociaux pour annoncer son d\u00e9part. \u00ab\u2009\u00c0 l\u2019\u00e9poque, nous avions sign\u00e9 un bail d\u00e9rogatoire avec un loyer de 2.500 euros par mois. 36\u00a0mois plus tard, notre bailleur nous propose de poursuivre l\u2019aventure avec <strong>un nouveau loyer de 5.000 euros par mois.<\/strong>\u2009\u00bb<\/p>\n<p class=\" wall-content\">Un loyer excessif pour ce fleuriste qui avait install\u00e9 ses pots dans l\u2019une des \u00e9choppes du centre commercial, un local de 50 m\u00b2. \u00ab\u00c0 ce tarif-l\u00e0, nos propri\u00e9taires parisiens doivent certainement penser que la galerie de Bonneveine se trouve quelque part entre les Champs-\u00c9lys\u00e9es et l\u2019avenue Montaigne. Malheureusement, ce sera sans nous\u2009\u00bb, ironise-t-il.<\/p>\n<p class=\" wall-content\"><a href=\"https:\/\/www.instagram.com\/p\/Dc005m4iFIL\/embed\" title=\"Ouvrir le lien sur Instagram\" rel=\"nofollow noopener\" target=\"_blank\">Visualiser le contenu sur Instagram<\/a><\/p>\n<p>Aucun accord trouv\u00e9<\/p>\n<p class=\" wall-content\">Contact\u00e9e, la direction de l\u2019\u00e9tablissement de l\u2019avenue de Hambourg (qui abrite pr\u00e8s de 50 boutiques) pr\u00e9cise que l\u2019enseigne b\u00e9n\u00e9ficiait depuis trois ans d\u2019un bail d\u00e9rogatoire \u00ab\u2009permettant de fixer librement le loyer commercial entre les parties\u2009\u00bb.<\/p>\n<p class=\" wall-content\">\u00ab\u2009Arriv\u00e9 au terme de sa dur\u00e9e maximale autoris\u00e9e, <strong>ce bail ne pouvait \u00eatre renouvel\u00e9 \u00e0 l\u2019identique<\/strong>, conform\u00e9ment aux dispositions applicables aux baux commerciaux. Cette situation a donc contraint le centre commercial Bonneveine a propos\u00e9 un bail commercial traditionnel \u00e0 l\u2019enseigne, sans qu\u2019aucun accord ne puisse \u00eatre trouv\u00e9.\u2009\u00bb<\/p>\n<p class=\" wall-content\">Le local restitu\u00e9 depuis le 3\u00a0septembre ne marque cependant pas la fin de Gaylor. Celui-ci poursuit son activit\u00e9 place du 4-Septembre, avenue Montredon et rue Capitaine-Jean-Croisa. \u00ab\u2009Depuis cinq ans, nous avons \u00e9norm\u00e9ment d\u00e9velopp\u00e9 notre activit\u00e9 \u00e9v\u00e9nementielle, qui prend aujourd\u2019hui une place majeure dans notre aventure\u2009\u00bb, ajoute le fleuriste qui poursuit son histoire et dont<strong> \u00ab\u2009le meilleur reste \u00e0 venir\u2009\u00bb<\/strong>, promet-il.<\/p>\n<p class=\" wall-content\">Personnalisez votre actualit\u00e9 en ajoutant vos villes et m\u00e9dias en favori avec <a href=\"https:\/\/moncompte.actu.fr\" title=\"D\u00e9couvez Mon Actu\" rel=\"nofollow noopener\" data-trk=\"{&quot;cta&quot;:{&quot;action&quot;:&quot;https:\\\/\\\/moncompte.actu.fr&quot;,&quot;category&quot;:&quot;mon compte&quot;,&quot;from&quot;:&quot;article footer&quot;,&quot;name&quot;:&quot;Mon actu&quot;,&quot;type&quot;:&quot;cta&quot;}}\" target=\"_blank\">Mon Actu<\/a>.<\/p>\n<p>                    <script async src=\"\/\/www.instagram.com\/embed.js\"><\/script><\/p>\n","protected":false},"excerpt":{"rendered":"Par In\u00e8s Cussac Publi\u00e9 le 4 sept. 2026 \u00e0 16h35 C\u2019est la \u00ab\u2009fin de l\u2019aventure\u2009\u00bb pour l\u2019artisan fleuriste&hellip;\n","protected":false},"author":2,"featured_media":1167444,"comment_status":"","ping_status":"","sticky":false,"template":"","format":"standard","meta":{"footnotes":"","_share_on_mastodon":"0"},"categories":[2814],"tags":[1111,11,215,1777,674,1011,27,884,12,882,25,104],"class_list":["post-1167443","post","type-post","status-publish","format-standard","has-post-thumbnail","category-marseille","tag-actu","tag-actualites","tag-commerce","tag-eu","tag-europe","tag-fr","tag-france","tag-marseille","tag-news","tag-provence-alpes-cote-dazur","tag-republique-francaise","tag-societe"],"share_on_mastodon":{"url":"","error":""},"_links":{"self":[{"href":"https:\/\/www.europesays.com\/fr\/wp-json\/wp\/v2\/posts\/1167443","targetHints":{"allow":["GET"]}}],"collection":[{"href":"https:\/\/www.europesays.com\/fr\/wp-json\/wp\/v2\/posts"}],"about":[{"href":"https:\/\/www.europesays.com\/fr\/wp-json\/wp\/v2\/types\/post"}],"author":[{"embeddable":true,"href":"https:\/\/www.europesays.com\/fr\/wp-json\/wp\/v2\/users\/2"}],"replies":[{"embeddable":true,"href":"https:\/\/www.europesays.com\/fr\/wp-json\/wp\/v2\/comments?post=1167443"}],"version-history":[{"count":0,"href":"https:\/\/www.europesays.com\/fr\/wp-json\/wp\/v2\/posts\/1167443\/revisions"}],"wp:featuredmedia":[{"embeddable":true,"href":"https:\/\/www.europesays.com\/fr\/wp-json\/wp\/v2\/media\/1167444"}],"wp:attachment":[{"href":"https:\/\/www.europesays.com\/fr\/wp-json\/wp\/v2\/media?parent=1167443"}],"wp:term":[{"taxonomy":"category","embeddable":true,"href":"https:\/\/www.europesays.com\/fr\/wp-json\/wp\/v2\/categories?post=1167443"},{"taxonomy":"post_tag","embeddable":true,"href":"https:\/\/www.europesays.com\/fr\/wp-json\/wp\/v2\/tags?post=1167443"}],"curies":[{"name":"wp","href":"https:\/\/api.w.org\/{rel}","templated":true}]}}