{"id":1167445,"date":"2026-09-04T19:08:50","date_gmt":"2026-09-04T19:08:50","guid":{"rendered":"https:\/\/www.europesays.com\/fr\/1167445\/"},"modified":"2026-09-04T19:08:50","modified_gmt":"2026-09-04T19:08:50","slug":"les-futurs-enseignants-de-lacademie-daix-marseille-font-leur-rentree-a-linspe","status":"publish","type":"post","link":"https:\/\/www.europesays.com\/fr\/1167445\/","title":{"rendered":"Les futurs enseignants de l\u2019acad\u00e9mie d\u2019Aix-Marseille font leur rentr\u00e9e \u00e0 l\u2019Insp\u00e9"},"content":{"rendered":"<p>\u00ab\u00a0Vous \u00eates plus que jamais n\u00e9cessaires. Soyez convaincus que vous entrez dans des m\u00e9tiers extr\u00eamement utiles, profond\u00e9ment humains.\u00a0\u00bb Ce vendredi 4\u00a0septembre, alors qu\u2019\u00e9tait accueillie la premi\u00e8re promotion des \u00e9tudiants et \u00e9l\u00e8ves-fonctionnaires inscrits en 1\u00e8re ann\u00e9e du master Enseignement et Education (M2E), <a href=\"https:\/\/www.laprovence.com\/article\/societe\/93424417675926\/une-rentree-sans-grande-reforme-mais-qui-inquiete-sur-tous-les-fronts-les-syndicats\" target=\"_self\" rel=\"nofollow noopener\">Benoit Delaunay<\/a>,<strong> <\/strong>recteur de l\u2019acad\u00e9mie d\u2019Aix-Marseille, a tenu \u00e0 rappeler les fondamentaux. Dans un m\u00e9tier qui attire de moins en moins, le repr\u00e9sentant du minist\u00e8re de l\u2019Education nationale a tenu \u00e0 f\u00e9liciter le millier de futurs enseignants et CPE engag\u00e9s dans ce cursus au sein de l\u2019acad\u00e9mie, en \u00e9voquant le r\u00f4le de l\u2019\u00e9cole, \u00ab\u00a0trait d\u2019union qui permet une \u00e9cole inclusive qui accueille chacun. Votre r\u00f4le sera aussi de porter l\u2019unit\u00e9 et l\u2019union de notre nation\u00a0\u00bb.<\/p>\n<p>Rassembl\u00e9s dans plusieurs salles de l\u2019Institut national sup\u00e9rieur du professorat et de l\u2019\u00e9ducation (Insp\u00e9) d\u2019Aix mais aussi sur les sites marseillais, avignonnais et dignois de l\u2019Insp\u00e9, ces \u00e9tudiants ont des profils vari\u00e9s\u00a0: il s\u2019agit d\u2019\u00e9l\u00e8ves-fonctionnaires laur\u00e9ats du nouveau\u00a0concours de recrutement de l\u2019Education nationale (qui est d\u00e9sormais accessible apr\u00e8s une licence \u00e0 bac +\u00a03, la g\u00e9n\u00e9ration pr\u00e9c\u00e9dente passant le&#8230;<\/p>\n","protected":false},"excerpt":{"rendered":"\u00ab\u00a0Vous \u00eates plus que jamais n\u00e9cessaires. Soyez convaincus que vous entrez dans des m\u00e9tiers extr\u00eamement utiles, profond\u00e9ment humains.\u00a0\u00bb&hellip;\n","protected":false},"author":2,"featured_media":1167446,"comment_status":"","ping_status":"","sticky":false,"template":"","format":"standard","meta":{"footnotes":"","_share_on_mastodon":"0"},"categories":[2814],"tags":[5734,1111,11,68972,11271,1777,674,7234,1011,27,3746,36451,151,3289,884,12,882,25,104],"class_list":["post-1167445","post","type-post","status-publish","format-standard","has-post-thumbnail","category-marseille","tag-5734","tag-actu","tag-actualites","tag-daix-marseille","tag-enseignants","tag-eu","tag-europe","tag-font","tag-fr","tag-france","tag-futurs","tag-lacademie","tag-les","tag-leur","tag-marseille","tag-news","tag-provence-alpes-cote-dazur","tag-republique-francaise","tag-societe"],"share_on_mastodon":{"url":"https:\/\/pubeurope.com\/@fr\/117214347724669521","error":""},"_links":{"self":[{"href":"https:\/\/www.europesays.com\/fr\/wp-json\/wp\/v2\/posts\/1167445","targetHints":{"allow":["GET"]}}],"collection":[{"href":"https:\/\/www.europesays.com\/fr\/wp-json\/wp\/v2\/posts"}],"about":[{"href":"https:\/\/www.europesays.com\/fr\/wp-json\/wp\/v2\/types\/post"}],"author":[{"embeddable":true,"href":"https:\/\/www.europesays.com\/fr\/wp-json\/wp\/v2\/users\/2"}],"replies":[{"embeddable":true,"href":"https:\/\/www.europesays.com\/fr\/wp-json\/wp\/v2\/comments?post=1167445"}],"version-history":[{"count":0,"href":"https:\/\/www.europesays.com\/fr\/wp-json\/wp\/v2\/posts\/1167445\/revisions"}],"wp:featuredmedia":[{"embeddable":true,"href":"https:\/\/www.europesays.com\/fr\/wp-json\/wp\/v2\/media\/1167446"}],"wp:attachment":[{"href":"https:\/\/www.europesays.com\/fr\/wp-json\/wp\/v2\/media?parent=1167445"}],"wp:term":[{"taxonomy":"category","embeddable":true,"href":"https:\/\/www.europesays.com\/fr\/wp-json\/wp\/v2\/categories?post=1167445"},{"taxonomy":"post_tag","embeddable":true,"href":"https:\/\/www.europesays.com\/fr\/wp-json\/wp\/v2\/tags?post=1167445"}],"curies":[{"name":"wp","href":"https:\/\/api.w.org\/{rel}","templated":true}]}}