{"id":1167447,"date":"2026-09-04T19:10:15","date_gmt":"2026-09-04T19:10:15","guid":{"rendered":"https:\/\/www.europesays.com\/fr\/1167447\/"},"modified":"2026-09-04T19:10:15","modified_gmt":"2026-09-04T19:10:15","slug":"rhone-il-depense-jusqua-35-000-euros-appartenant-a-sa-mere-atteinte-dalzheimer","status":"publish","type":"post","link":"https:\/\/www.europesays.com\/fr\/1167447\/","title":{"rendered":"Rh\u00f4ne : il d\u00e9pense jusqu\u2019\u00e0 35 000 euros appartenant \u00e0 sa m\u00e8re atteinte d\u2019Alzheimer"},"content":{"rendered":"<p itemprop=\"description\"><strong>Un homme de 67 ans a \u00e9t\u00e9 condamn\u00e9 par le tribunal de Villefranche-sur-Sa\u00f4ne pour abus de faiblesse envers sa m\u00e8re atteinte d\u2019Alzheimer. Il avait utilis\u00e9 pendant plusieurs ann\u00e9es son argent pour financer ses propres d\u00e9penses, jusqu\u2019\u00e0 provoquer des impay\u00e9s dans l\u2019Ehpad o\u00f9 elle r\u00e9sidait.<\/strong><\/p>\n<p>Entre fin 2018 et d\u00e9but 2021, un habitant de la Vall\u00e9e d\u2019Azergues a utilis\u00e9 les moyens de paiement de sa m\u00e8re pour r\u00e9gler entre 30 000 et 35 000 euros de d\u00e9penses personnelles.<\/p>\n<p>Ancien commer\u00e7ant en difficult\u00e9 financi\u00e8re, il affirme que sa m\u00e8re avait accept\u00e9 de l\u2019aider. \u00c0 l\u2019audience, le sexag\u00e9naire a assur\u00e9 qu\u2019il consignait les sommes d\u00e9pens\u00e9es dans un cahier avec l\u2019intention de les rembourser.<\/p>\n<p>Apr\u00e8s la mort de son p\u00e8re en 2018, sa m\u00e8re, atteinte de la maladie d\u2019Alzheimer, avait d\u00fb int\u00e9grer un Ehpad. Le pr\u00e9venu a alors continu\u00e9 \u00e0 utiliser son argent, notamment pour des courses, des d\u00e9placements et des voyages. Il avait \u00e9galement contract\u00e9 un cr\u00e9dit \u00e0 la consommation dont les remboursements \u00e9taient pr\u00e9lev\u00e9s sur le compte de sa m\u00e8re.<\/p>\n<p>Un an de prison avec sursis<\/p>\n<p>La situation a \u00e9t\u00e9 d\u00e9couverte lorsque la demi-s\u0153ur du pr\u00e9venu a appris que 7 000 euros de frais d\u2019Ehpad restaient impay\u00e9s. Il manquait \u00e9galement 11 000 euros sur le compte bancaire de la victime ainsi qu\u2019un h\u00e9ritage de 20 000 euros.<\/p>\n<p>Une plainte avait ensuite \u00e9t\u00e9 d\u00e9pos\u00e9e. Plac\u00e9 en garde \u00e0 vue en 2023, l\u2019homme avait reconnu les faits et s\u2019\u00e9tait engag\u00e9 \u00e0 rembourser.<\/p>\n<p>Devant le tribunal, il contestait toutefois avoir profit\u00e9 de la vuln\u00e9rabilit\u00e9 de sa m\u00e8re, estimant qu\u2019elle conservait des p\u00e9riodes de lucidit\u00e9.<\/p>\n<p>Le tribunal ne l\u2019a pas suivi. Reconnu coupable d\u2019abus de faiblesse, le sexag\u00e9naire a \u00e9t\u00e9 condamn\u00e9 \u00e0 un an de prison avec sursis, une peine sup\u00e9rieure aux r\u00e9quisitions du parquet.<\/p>\n","protected":false},"excerpt":{"rendered":"Un homme de 67 ans a \u00e9t\u00e9 condamn\u00e9 par le tribunal de Villefranche-sur-Sa\u00f4ne pour abus de faiblesse envers&hellip;\n","protected":false},"author":2,"featured_media":1167448,"comment_status":"","ping_status":"","sticky":false,"template":"","format":"standard","meta":{"footnotes":"","_share_on_mastodon":"0"},"categories":[1889],"tags":[1111,11,2813,2190,2430,1109,251,1112,2811,1777,674,118,1011,27,1922,1110,1114,2428,2810,12,241,316,25,2812,517,800],"class_list":["post-1167447","post","type-post","status-publish","format-standard","has-post-thumbnail","category-lyon","tag-actu","tag-actualites","tag-article","tag-asvel","tag-auvergne-rhone-alpes","tag-breves","tag-culture","tag-depeches","tag-economique","tag-eu","tag-europe","tag-faits-divers","tag-fr","tag-france","tag-info","tag-informations","tag-infos","tag-lyon","tag-lyonmag","tag-news","tag-ol","tag-politique","tag-republique-francaise","tag-sociale","tag-sport","tag-transports"],"share_on_mastodon":{"url":"https:\/\/pubeurope.com\/@fr\/117214355503284113","error":""},"_links":{"self":[{"href":"https:\/\/www.europesays.com\/fr\/wp-json\/wp\/v2\/posts\/1167447","targetHints":{"allow":["GET"]}}],"collection":[{"href":"https:\/\/www.europesays.com\/fr\/wp-json\/wp\/v2\/posts"}],"about":[{"href":"https:\/\/www.europesays.com\/fr\/wp-json\/wp\/v2\/types\/post"}],"author":[{"embeddable":true,"href":"https:\/\/www.europesays.com\/fr\/wp-json\/wp\/v2\/users\/2"}],"replies":[{"embeddable":true,"href":"https:\/\/www.europesays.com\/fr\/wp-json\/wp\/v2\/comments?post=1167447"}],"version-history":[{"count":0,"href":"https:\/\/www.europesays.com\/fr\/wp-json\/wp\/v2\/posts\/1167447\/revisions"}],"wp:featuredmedia":[{"embeddable":true,"href":"https:\/\/www.europesays.com\/fr\/wp-json\/wp\/v2\/media\/1167448"}],"wp:attachment":[{"href":"https:\/\/www.europesays.com\/fr\/wp-json\/wp\/v2\/media?parent=1167447"}],"wp:term":[{"taxonomy":"category","embeddable":true,"href":"https:\/\/www.europesays.com\/fr\/wp-json\/wp\/v2\/categories?post=1167447"},{"taxonomy":"post_tag","embeddable":true,"href":"https:\/\/www.europesays.com\/fr\/wp-json\/wp\/v2\/tags?post=1167447"}],"curies":[{"name":"wp","href":"https:\/\/api.w.org\/{rel}","templated":true}]}}