{"id":116745,"date":"2025-05-21T11:34:08","date_gmt":"2025-05-21T11:34:08","guid":{"rendered":"https:\/\/www.europesays.com\/fr\/116745\/"},"modified":"2025-05-21T11:34:08","modified_gmt":"2025-05-21T11:34:08","slug":"un-chauffeur-de-taxi-renverse-par-un-automobiliste-ce-mercredi-matin-a-laeroport-marseille-provence","status":"publish","type":"post","link":"https:\/\/www.europesays.com\/fr\/116745\/","title":{"rendered":"Un chauffeur de taxi renvers\u00e9 par un automobiliste ce mercredi matin \u00e0 l&rsquo;a\u00e9roport Marseille Provence"},"content":{"rendered":"<p>Un chauffeur de taxi a \u00e9t\u00e9 renvers\u00e9 par un automobiliste ce mercredi 21 mai matin, \u00e0 proximit\u00e9 <a href=\"https:\/\/www.laprovence.com\/article\/region\/103050451763214\/taxis-en-colere-lacces-a-laeroport-marseille-provence-complique-dautres-filtrages-le-point-sur-la-situation\" target=\"_blank\" rel=\"noopener\">de l&rsquo;a\u00e9roport de Marignane<\/a>. Le chauffard aurait voulu forcer le barrage mis en place au rond-point des Lavandes par les taxis qui protestent depuis ce lundi contre les nouvelles tarifications du transport sanitaire pr\u00e9vues par l&rsquo;Assurance maladie, mais aussi contre <a href=\"https:\/\/www.laprovence.com\/article\/region\/109439907103114\/greve-des-taxis-a-marseille-departs-de-feu-chauffeurs-renverses-crs-casques-la-situation-est-tres-tendue\" target=\"_blank\" rel=\"noopener\">la concurrence des VTC<\/a>.<\/p>\n<p>Les faits se sont produits vers 10 heures du matin au niveau du giratoire de la D20 qui dessert notamment l&rsquo;a\u00e9roport et permet l&rsquo;acc\u00e8s aux terminaux de <a href=\"https:\/\/www.laprovence.com\/region\" target=\"_blank\" rel=\"noopener\">Marseille Provence<\/a>.<\/p>\n<p>Manifestement exasp\u00e9r\u00e9 par le barrage, l&rsquo;automobiliste aurait fonc\u00e9 sur un chauffeur de taxi. Ce dernier ne souffrirait que de blessures l\u00e9g\u00e8res qui n&rsquo;ont pas n\u00e9cessit\u00e9 l&rsquo;intervention des secours. Quant au chauffard, il a aussit\u00f4t \u00e9t\u00e9 interpell\u00e9 par la police.<\/p>\n","protected":false},"excerpt":{"rendered":"Un chauffeur de taxi a \u00e9t\u00e9 renvers\u00e9 par un automobiliste ce mercredi 21 mai matin, \u00e0 proximit\u00e9 de&hellip;\n","protected":false},"author":2,"featured_media":116746,"comment_status":"","ping_status":"","sticky":false,"template":"","format":"standard","meta":{"footnotes":""},"categories":[4],"tags":[17,11,15738,9698,274,1011,27,4659,6774,12,5912,23717,25,13430],"class_list":{"0":"post-116745","1":"post","2":"type-post","3":"status-publish","4":"format-standard","5":"has-post-thumbnail","7":"category-france","8":"tag-17","9":"tag-actualites","10":"tag-automobiliste","11":"tag-chauffeur","12":"tag-faits-divers-justice","13":"tag-fr","14":"tag-france","15":"tag-matin","16":"tag-mercredi","17":"tag-news","18":"tag-par","19":"tag-renverse","20":"tag-republique-francaise","21":"tag-taxi"},"share_on_mastodon":{"url":"https:\/\/pubeurope.com\/@fr\/114545614190919202","error":""},"_links":{"self":[{"href":"https:\/\/www.europesays.com\/fr\/wp-json\/wp\/v2\/posts\/116745","targetHints":{"allow":["GET"]}}],"collection":[{"href":"https:\/\/www.europesays.com\/fr\/wp-json\/wp\/v2\/posts"}],"about":[{"href":"https:\/\/www.europesays.com\/fr\/wp-json\/wp\/v2\/types\/post"}],"author":[{"embeddable":true,"href":"https:\/\/www.europesays.com\/fr\/wp-json\/wp\/v2\/users\/2"}],"replies":[{"embeddable":true,"href":"https:\/\/www.europesays.com\/fr\/wp-json\/wp\/v2\/comments?post=116745"}],"version-history":[{"count":0,"href":"https:\/\/www.europesays.com\/fr\/wp-json\/wp\/v2\/posts\/116745\/revisions"}],"wp:featuredmedia":[{"embeddable":true,"href":"https:\/\/www.europesays.com\/fr\/wp-json\/wp\/v2\/media\/116746"}],"wp:attachment":[{"href":"https:\/\/www.europesays.com\/fr\/wp-json\/wp\/v2\/media?parent=116745"}],"wp:term":[{"taxonomy":"category","embeddable":true,"href":"https:\/\/www.europesays.com\/fr\/wp-json\/wp\/v2\/categories?post=116745"},{"taxonomy":"post_tag","embeddable":true,"href":"https:\/\/www.europesays.com\/fr\/wp-json\/wp\/v2\/tags?post=116745"}],"curies":[{"name":"wp","href":"https:\/\/api.w.org\/{rel}","templated":true}]}}