{"id":1167453,"date":"2026-09-04T19:14:11","date_gmt":"2026-09-04T19:14:11","guid":{"rendered":"https:\/\/www.europesays.com\/fr\/1167453\/"},"modified":"2026-09-04T19:14:11","modified_gmt":"2026-09-04T19:14:11","slug":"le-radar-de-la-porte-de-montreuil-va-etre-suspendu-et-les-amendes-annulees","status":"publish","type":"post","link":"https:\/\/www.europesays.com\/fr\/1167453\/","title":{"rendered":"Le radar de la porte de Montreuil va \u00eatre suspendu et les amendes annul\u00e9es"},"content":{"rendered":"<p>                    Par<br \/>\n        <strong><br \/>\n            <a href=\"https:\/\/actu.fr\/auteur\/clemence-apetogbor\" title=\"Consulter tous les articles de Cl\u00e9mence Apetogbor\" rel=\"nofollow noopener\" target=\"_blank\">Cl\u00e9mence Apetogbor<\/a><br \/>\n                    <\/strong><\/p>\n<p>        Publi\u00e9 le<\/p>\n<p>            4 sept. 2026 \u00e0 21h05        <\/p>\n<p>Il avait beaucoup fait parler de lui depuis son installation le 24 ao\u00fbt dernier. Le <strong>radar de chantier<\/strong> situ\u00e9 sur le boulevard p\u00e9riph\u00e9rique parisien, au niveau de <strong>la porte de Montreuil<\/strong>, et qui pouvait flasher jusqu\u2019\u00e0 18 v\u00e9hicules en moins de 5 minutes, ne sanctionnera plus les automobilistes. La d\u00e9l\u00e9gu\u00e9e interminist\u00e9rielle \u00e0 la S\u00e9curit\u00e9 routi\u00e8re a annonc\u00e9 ce vendredi sa neutralisation.<\/p>\n<p class=\" wall-content\">Contrairement au reste du p\u00e9riph\u00e9rique, limit\u00e9 \u00e0 50 km\/h, la zone o\u00f9 est install\u00e9 le radar est limit\u00e9e \u00e0 30 km\/h en raison de travaux en cours. Une vitesse r\u00e9duite qui n\u2019a pas manqu\u00e9 de surprendre par milliers les automobilistes. L\u2019association 40 millions d\u2019automobilistes <a href=\"https:\/\/actu.fr\/ile-de-france\/paris_75056\/plus-de-200-flashs-par-heure-ce-radar-du-peripherique-de-paris-rapporte-une-somme-vertigineuse-a-l-etat_64741618.html\" rel=\"nofollow noopener\" target=\"_blank\">s\u2019\u00e9tait insurg\u00e9e contre cette \u00ab\u00a0pompe \u00e0 fric\u00a0\u00bb<\/a>, sans \u00ab\u00a0aucune vertu p\u00e9dagogique\u00a0\u00bb. Elle avait d\u00e9nombr\u00e9 pas moins de 18 flashs en 4 minutes 39.<\/p>\n<p>L\u2019appareil continuera de flasher<\/p>\n<p class=\" wall-content\">\u00ab\u00a0D\u00e8s le d\u00e9but\u00a0\u00bb de \u00ab\u00a0grosses difficult\u00e9s techniques\u00a0\u00bb se sont pr\u00e9sent\u00e9es, a expliqu\u00e9 \u00e0 l\u2019AFP Estelle Balit, d\u00e9l\u00e9gu\u00e9e interminist\u00e9rielle \u00e0 la S\u00e9curit\u00e9 routi\u00e8re. \u00ab\u00a0Tr\u00e8s rapidement, il a \u00e9t\u00e9 d\u00e9cid\u00e9 de neutraliser les productions de proc\u00e8s-verbaux de ce radar, le temps d\u2019expertiser ce qui n\u2019allait pas\u00a0\u00bb, a-t-elle dit, et soulignant par ailleurs qu\u2019a \u00e9t\u00e9 faite au procureur de Rennes la demande d\u2019annuler l\u2019ensemble des proc\u00e8s-verbaux d\u00e9j\u00e0 \u00e9tablis. \u00ab\u00a0Tr\u00e8s peu\u00a0\u00bb selon Estelle Balit.<\/p>\n<p class=\" wall-content\">Les flashs ont en revanche \u00e9t\u00e9 maintenus pour <strong>\u00ab\u00a0un effet p\u00e9dagogique\u00a0\u00bb<\/strong>. \u00ab\u00a0C\u2019est une proc\u00e9dure qui arrive. Les \u00e9volutions technologiques ne sont pas une science toujours exacte. On a toujours des pannes, des bugs\u00a0\u00bb, ajoute la d\u00e9l\u00e9gu\u00e9e interminist\u00e9rielle.<\/p>\n<p class=\" wall-content\">La recette des radars, tous types confondus, a rapport\u00e9 965 millions d\u2019euros en 2023, et 889 millions d\u2019euros en 2024, selon des donn\u00e9es officielles. Une grande part est revers\u00e9e \u00e0 la lutte contre l\u2019ins\u00e9curit\u00e9 routi\u00e8re.<\/p>\n<p class=\" wall-content\">Personnalisez votre actualit\u00e9 en ajoutant vos villes et m\u00e9dias en favori avec <a href=\"https:\/\/moncompte.actu.fr\" title=\"D\u00e9couvez Mon Actu\" rel=\"nofollow noopener\" data-trk=\"{&quot;cta&quot;:{&quot;action&quot;:&quot;https:\\\/\\\/moncompte.actu.fr&quot;,&quot;category&quot;:&quot;mon compte&quot;,&quot;from&quot;:&quot;article footer&quot;,&quot;name&quot;:&quot;Mon actu&quot;,&quot;type&quot;:&quot;cta&quot;}}\" target=\"_blank\">Mon Actu<\/a>.<\/p>\n","protected":false},"excerpt":{"rendered":"Par Cl\u00e9mence Apetogbor Publi\u00e9 le 4 sept. 2026 \u00e0 21h05 Il avait beaucoup fait parler de lui depuis&hellip;\n","protected":false},"author":2,"featured_media":1167454,"comment_status":"","ping_status":"","sticky":false,"template":"","format":"standard","meta":{"footnotes":"","_share_on_mastodon":"0"},"categories":[1888],"tags":[1111,1928,11,1927,7622,1777,674,1011,27,12,1926,626,1925,4013,6957,25,104],"class_list":["post-1167453","post","type-post","status-publish","format-standard","has-post-thumbnail","category-paris","tag-actu","tag-actu-paris","tag-actualites","tag-actualites-paris","tag-amendes","tag-eu","tag-europe","tag-fr","tag-france","tag-news","tag-news-paris","tag-paris","tag-paris-news","tag-peripherique","tag-radars","tag-republique-francaise","tag-societe"],"share_on_mastodon":{"url":"https:\/\/pubeurope.com\/@fr\/117214371030035834","error":""},"_links":{"self":[{"href":"https:\/\/www.europesays.com\/fr\/wp-json\/wp\/v2\/posts\/1167453","targetHints":{"allow":["GET"]}}],"collection":[{"href":"https:\/\/www.europesays.com\/fr\/wp-json\/wp\/v2\/posts"}],"about":[{"href":"https:\/\/www.europesays.com\/fr\/wp-json\/wp\/v2\/types\/post"}],"author":[{"embeddable":true,"href":"https:\/\/www.europesays.com\/fr\/wp-json\/wp\/v2\/users\/2"}],"replies":[{"embeddable":true,"href":"https:\/\/www.europesays.com\/fr\/wp-json\/wp\/v2\/comments?post=1167453"}],"version-history":[{"count":0,"href":"https:\/\/www.europesays.com\/fr\/wp-json\/wp\/v2\/posts\/1167453\/revisions"}],"wp:featuredmedia":[{"embeddable":true,"href":"https:\/\/www.europesays.com\/fr\/wp-json\/wp\/v2\/media\/1167454"}],"wp:attachment":[{"href":"https:\/\/www.europesays.com\/fr\/wp-json\/wp\/v2\/media?parent=1167453"}],"wp:term":[{"taxonomy":"category","embeddable":true,"href":"https:\/\/www.europesays.com\/fr\/wp-json\/wp\/v2\/categories?post=1167453"},{"taxonomy":"post_tag","embeddable":true,"href":"https:\/\/www.europesays.com\/fr\/wp-json\/wp\/v2\/tags?post=1167453"}],"curies":[{"name":"wp","href":"https:\/\/api.w.org\/{rel}","templated":true}]}}